{"id":251741,"date":"2025-07-16T16:51:11","date_gmt":"2025-07-16T16:51:11","guid":{"rendered":"https:\/\/www.europesays.com\/fr\/251741\/"},"modified":"2025-07-16T16:51:11","modified_gmt":"2025-07-16T16:51:11","slug":"saint-etienne-mails-sms-courriers-apres-le-piratage-le-hpl-continue-a-informer-ses-patients","status":"publish","type":"post","link":"https:\/\/www.europesays.com\/fr\/251741\/","title":{"rendered":"Saint-\u00c9tienne. Mails, SMS, courriers\u2026 Apr\u00e8s le piratage, le HPL continue \u00e0 informer ses patients"},"content":{"rendered":"<p>Les premiers patients du HPL, <a href=\"https:\/\/www.leprogres.fr\/faits-divers-justice\/2025\/07\/10\/piratage-informatique-au-hpl-que-risquent-les-patients-qui-se-sont-fait-voler-leurs-donnees\" target=\"_blank\" rel=\"nofollow noopener\">dont les donn\u00e9es personnelles avaient \u00e9t\u00e9 pirat\u00e9es entre le 26\u00a0juin et le 1er \u00a0juillet<\/a> par un hacker, ont commenc\u00e9 \u00e0 \u00eatre inform\u00e9s, par mail, de la cyberattaque dont l\u2019\u00e9tablissement a fait l\u2019objet, le 10\u00a0juillet. Plus de 126\u00a0000 mails avaient \u00e9t\u00e9 adress\u00e9s ce jour-l\u00e0 et les jours qui ont suivi.<\/p>\n<p>L\u2019H\u00f4pital priv\u00e9 de la Loire, qui n\u2019a jamais confirm\u00e9 les chiffres que nous avions en notre possession, 530\u00a0000 dossiers d\u00e9rob\u00e9s, continue aujourd\u2019hui d\u2019informer les malades qui sont pass\u00e9s entre ses quatre murs. Une campagne qui prend la forme d\u2019envoi de SMS, de courriels, et de courriers postaux.<\/p>\n<p>Rassurer la patient\u00e8le<\/p>\n<p>Sur un message post\u00e9 sur les r\u00e9seaux sociaux anim\u00e9s par le groupe Ramsay Sant\u00e9, l\u2019\u00e9tablissement publie le mod\u00e8le de ces SMS exp\u00e9di\u00e9s, et rassure sa patient\u00e8le sur son fonctionnement. \u00ab\u00a0Nos \u00e9quipes restent pleinement mobilis\u00e9es pour assurer la continuit\u00e9 des soins.\u00a0\u00bb<\/p>\n<p>Il indique \u00e9galement qu\u2019un formulaire est disponible en cliquant sur ce lien\u00a0: <a href=\"https:\/\/hopital-prive-de-la-loire-saint-etienne.ramsaysante.fr\/nous-contacter-3?objet=8\" rel=\"nofollow noopener\" target=\"_blank\">https:\/\/hopital-prive-de-la-loire-saint-etienne.ramsaysante.fr\/nous-contacter-3?objet=8<\/a>.<\/p>\n","protected":false},"excerpt":{"rendered":"Les premiers patients du HPL, dont les donn\u00e9es personnelles avaient \u00e9t\u00e9 pirat\u00e9es entre le 26\u00a0juin et le 1er&hellip;\n","protected":false},"author":2,"featured_media":251742,"comment_status":"","ping_status":"","sticky":false,"template":"","format":"standard","meta":{"footnotes":""},"categories":[9653],"tags":[1111,11,2430,7539,1777,674,1011,27,3367,12,25,4001,7538,71],"class_list":{"0":"post-251741","1":"post","2":"type-post","3":"status-publish","4":"format-standard","5":"has-post-thumbnail","7":"category-saint-etienne","8":"tag-actu","9":"tag-actualites","10":"tag-auvergne-rhone-alpes","11":"tag-edition-loire-sud","12":"tag-eu","13":"tag-europe","14":"tag-fr","15":"tag-france","16":"tag-loire","17":"tag-news","18":"tag-republique-francaise","19":"tag-saint-etienne","20":"tag-saint-etienne-ville","21":"tag-sante"},"share_on_mastodon":{"url":"https:\/\/pubeurope.com\/@fr\/114863949962155574","error":""},"_links":{"self":[{"href":"https:\/\/www.europesays.com\/fr\/wp-json\/wp\/v2\/posts\/251741","targetHints":{"allow":["GET"]}}],"collection":[{"href":"https:\/\/www.europesays.com\/fr\/wp-json\/wp\/v2\/posts"}],"about":[{"href":"https:\/\/www.europesays.com\/fr\/wp-json\/wp\/v2\/types\/post"}],"author":[{"embeddable":true,"href":"https:\/\/www.europesays.com\/fr\/wp-json\/wp\/v2\/users\/2"}],"replies":[{"embeddable":true,"href":"https:\/\/www.europesays.com\/fr\/wp-json\/wp\/v2\/comments?post=251741"}],"version-history":[{"count":0,"href":"https:\/\/www.europesays.com\/fr\/wp-json\/wp\/v2\/posts\/251741\/revisions"}],"wp:featuredmedia":[{"embeddable":true,"href":"https:\/\/www.europesays.com\/fr\/wp-json\/wp\/v2\/media\/251742"}],"wp:attachment":[{"href":"https:\/\/www.europesays.com\/fr\/wp-json\/wp\/v2\/media?parent=251741"}],"wp:term":[{"taxonomy":"category","embeddable":true,"href":"https:\/\/www.europesays.com\/fr\/wp-json\/wp\/v2\/categories?post=251741"},{"taxonomy":"post_tag","embeddable":true,"href":"https:\/\/www.europesays.com\/fr\/wp-json\/wp\/v2\/tags?post=251741"}],"curies":[{"name":"wp","href":"https:\/\/api.w.org\/{rel}","templated":true}]}}