{"id":251743,"date":"2025-07-16T16:52:10","date_gmt":"2025-07-16T16:52:10","guid":{"rendered":"https:\/\/www.europesays.com\/fr\/251743\/"},"modified":"2025-07-16T16:52:10","modified_gmt":"2025-07-16T16:52:10","slug":"point-de-deal-demantele-a-saint-etienne-quatre-individus-condamnes","status":"publish","type":"post","link":"https:\/\/www.europesays.com\/fr\/251743\/","title":{"rendered":"Point de deal d\u00e9mantel\u00e9 \u00e0 Saint-\u00c9tienne : quatre individus condamn\u00e9s"},"content":{"rendered":"<p>Apr\u00e8s leur interpellation le 13 mai dernier, la procureur de la R\u00e9publique de Saint-\u00c9tienne annonce, ce mercredi 16 juillet, la condamnation de quatre individus \u00e0 des peines allant de six \u00e0 quinze mois de prison.<\/p>\n<p>Ils g\u00e9raient un point de deal rue Antoine Durafour, en plein c\u0153ur de <b>Saint-\u00c9tienne<\/b>.<\/p>\n<p><b>Quatre hommes viennent d&rsquo;\u00eatre condamn\u00e9s<\/b> par le tribunal correctionnel. Apr\u00e8s avoir demand\u00e9 un d\u00e9lai pour pr\u00e9parer leur d\u00e9fense, ils ont \u00e9t\u00e9 pr\u00e9sent\u00e9s en comparution imm\u00e9diate le 9 juillet dernier. \u00c0 la clef : des peines comprises <b>entre six et quinze mois de prison<\/b>, pour certains avec sursis.<\/p>\n<p>La procureur de la R\u00e9publique pr\u00e9cise qu&rsquo;une <b>interdiction d\u00e9finitive du territoire fran\u00e7ais<\/b> a \u00e9t\u00e9 prononc\u00e9, tout comme deux interdictions pour cinq ans.<\/p>\n<p>Plusieurs mois d&rsquo;investigations<\/p>\n<p>Une <b>enqu\u00eate pr\u00e9liminaire<\/b> a \u00e9t\u00e9 ouverte le 6 f\u00e9vrier dernier. Des surveillances ont ensuite \u00e9t\u00e9 mises en place. Elles ont permis d&rsquo;identifier plusieurs individus et un appartement comme lieu de stockage.<\/p>\n<p>Quatre individus ont finalement \u00e9t\u00e9 interpell\u00e9s le 13 mai. Ils ont \u00e9t\u00e9 plac\u00e9s en garde \u00e0 vue pour des faits de transport, d\u00e9tention, acquisition, offre ou cession de produits stup\u00e9fiants. Et ce, en \u00e9tat de <b>r\u00e9cidive l\u00e9gale<\/b>.\u00a0<\/p>\n<p>Lors de la perquisition, environ 600 grammes de cannabis, du mat\u00e9riel de conditionnement, et de l&rsquo;argent ont \u00e9t\u00e9 d\u00e9couverts.<\/p>\n<p><img loading=\"lazy\" decoding=\"async\" src=\"https:\/\/www.europesays.com\/fr\/wp-content\/uploads\/2025\/07\/1752684730_646_img\" width=\"350\" height=\"200\" border=\"0\" title=\"Quatre militaires ont \u00c3\u00a9t\u00c3\u00a9 agress\u00c3\u00a9s au couteau \u00c3\u00a0 Saint-\u00c3\u0089tienne\"\/><\/p>\n<p>\u25baPolice &#8211; Justice<\/p>\n<p style=\"font-size: 22px;\"><b>Militaires poignard\u00e9s \u00e0 Saint-\u00c9tienne : trois ans de prison pour l&rsquo;agresseur<\/b><\/p>\n<p>Quatre soldats de l&rsquo;op\u00e9ration Sentinelle ont \u00e9t\u00e9&#8230;<\/p>\n<p><\/p>\n","protected":false},"excerpt":{"rendered":"Apr\u00e8s leur interpellation le 13 mai dernier, la procureur de la R\u00e9publique de Saint-\u00c9tienne annonce, ce mercredi 16&hellip;\n","protected":false},"author":2,"featured_media":251744,"comment_status":"","ping_status":"","sticky":false,"template":"","format":"standard","meta":{"footnotes":""},"categories":[9653],"tags":[1111,11,2430,4073,3992,1777,674,1011,27,303,12,15860,30096,25,39202,9920,4001,3693],"class_list":{"0":"post-251743","1":"post","2":"type-post","3":"status-publish","4":"format-standard","5":"has-post-thumbnail","7":"category-saint-etienne","8":"tag-actu","9":"tag-actualites","10":"tag-auvergne-rhone-alpes","11":"tag-condamnation","12":"tag-drogues","13":"tag-eu","14":"tag-europe","15":"tag-fr","16":"tag-france","17":"tag-justice","18":"tag-news","19":"tag-parquet","20":"tag-point-de-deal","21":"tag-republique-francaise","22":"tag-rue-antoine-durafour","23":"tag-saint-tienne","24":"tag-saint-etienne","25":"tag-tribunal"},"share_on_mastodon":{"url":"https:\/\/pubeurope.com\/@fr\/114863954075741567","error":""},"_links":{"self":[{"href":"https:\/\/www.europesays.com\/fr\/wp-json\/wp\/v2\/posts\/251743","targetHints":{"allow":["GET"]}}],"collection":[{"href":"https:\/\/www.europesays.com\/fr\/wp-json\/wp\/v2\/posts"}],"about":[{"href":"https:\/\/www.europesays.com\/fr\/wp-json\/wp\/v2\/types\/post"}],"author":[{"embeddable":true,"href":"https:\/\/www.europesays.com\/fr\/wp-json\/wp\/v2\/users\/2"}],"replies":[{"embeddable":true,"href":"https:\/\/www.europesays.com\/fr\/wp-json\/wp\/v2\/comments?post=251743"}],"version-history":[{"count":0,"href":"https:\/\/www.europesays.com\/fr\/wp-json\/wp\/v2\/posts\/251743\/revisions"}],"wp:featuredmedia":[{"embeddable":true,"href":"https:\/\/www.europesays.com\/fr\/wp-json\/wp\/v2\/media\/251744"}],"wp:attachment":[{"href":"https:\/\/www.europesays.com\/fr\/wp-json\/wp\/v2\/media?parent=251743"}],"wp:term":[{"taxonomy":"category","embeddable":true,"href":"https:\/\/www.europesays.com\/fr\/wp-json\/wp\/v2\/categories?post=251743"},{"taxonomy":"post_tag","embeddable":true,"href":"https:\/\/www.europesays.com\/fr\/wp-json\/wp\/v2\/tags?post=251743"}],"curies":[{"name":"wp","href":"https:\/\/api.w.org\/{rel}","templated":true}]}}