{"id":251745,"date":"2025-07-16T16:53:12","date_gmt":"2025-07-16T16:53:12","guid":{"rendered":"https:\/\/www.europesays.com\/fr\/251745\/"},"modified":"2025-07-16T16:53:12","modified_gmt":"2025-07-16T16:53:12","slug":"le-mood-cafe-parie-sur-loriginalite","status":"publish","type":"post","link":"https:\/\/www.europesays.com\/fr\/251745\/","title":{"rendered":"le Mood Caf\u00e9 parie sur l\u2019originalit\u00e9"},"content":{"rendered":"<p>Deux mois apr\u00e8s <a href=\"https:\/\/www.estrepublicain.fr\/culture-loisirs\/2025\/05\/21\/mood-cafe-ouvre-et-joue-la-carte-de-l-accord-parfait-entre-nature-culture-et-gourmandise\" target=\"_blank\" rel=\"noopener\"> son ouverture<\/a> , le Mood caf\u00e9, nich\u00e9 dans la rue Saint-Jean, a voulu marquer le coup pour cette nouvelle aventure avec une inauguration ce mercredi 16\u00a0juillet, en pr\u00e9sence du maire de la ville, Matthieu Klein.<\/p>\n<p>Ce concept store est unique \u00e0 Nancy, puisqu\u2019il r\u00e9unit deux univers compl\u00e8tement diff\u00e9rents, la restauration et la photographie. \u00ab\u00a0C\u2019est ma fille qui nous a aid\u00e9s \u00e0 choisir ce mod\u00e8le dans l\u2019air du temps\u00a0\u00bb souligne Herv\u00e9 Maietti, cog\u00e9rant de l\u2019\u00e9tablissement. Ici, il est possible de s\u2019offrir quelques gourmandises en admirant des portraits d\u2019iris, r\u00e9alis\u00e9s par le photographe meilleur ouvrier de France, Ralph Beno\u00eet.<\/p>\n<p>Ce contenu est bloqu\u00e9 car vous n&rsquo;avez pas accept\u00e9 les cookies et autres traceurs.<\/p>\n<p>En cliquant sur \u00ab J\u2019accepte \u00bb, les cookies et autres traceurs seront d\u00e9pos\u00e9s et vous pourrez visualiser les contenus  (<a href=\"\" class=\"consentModule_policy\" target=\"_blank\" title=\"Consulter la politique de protection des donn\u00e9es du fournisseur\">plus d&rsquo;informations<\/a>).<\/p>\n<p>En cliquant sur \u00ab J\u2019accepte tous les cookies \u00bb, vous autorisez des d\u00e9p\u00f4ts de cookies et autres traceurs pour le stockage de vos donn\u00e9es sur nos sites et applications \u00e0 des fins de personnalisation et de ciblage publicitaire.<\/p>\n<p class=\"consentModule_secondaryText\">Vous gardez la possibilit\u00e9 de retirer votre consentement \u00e0 tout moment en consultant notre <a href=\"https:\/\/www.estrepublicain.fr\/protection-des-donnees\" target=\"_blank\" title=\"Consulter notre politique de protection des donn\u00e9es\" rel=\"noopener\">politique de protection des donn\u00e9es<\/a>. <br \/>&#13;<br \/>\n            <a href=\"https:\/\/www.estrepublicain.fr\/economie\/2025\/07\/16\/javascript:Didomi.notice.show()\" class=\"consentModule_cmp\" target=\"_blank\" rel=\"noopener\">G\u00e9rer mes choix<\/a>&#13;\n        <\/p>\n<p>&#13;<br \/>\n                        J&rsquo;accepte&#13;<br \/>\n            J&rsquo;accepte tous les cookies&#13;\n        <\/p>\n<p>La pr\u00e9sence du Maire et d\u2019Areski Sadi, adjoint d\u00e9l\u00e9gu\u00e9 au commerce, s\u2019explique par le cas particulier de ce local. En effet, il s\u2019agit de la premi\u00e8re r\u00e9trocession d\u2019un bail commercial par la mairie. Ce droit de pr\u00e9emption avait \u00e9t\u00e9 mis en place pour lutter contre l\u2019installation de commerces \u00ab\u00a0peu qualitatifs\u00a0\u00bb selon Mathieu Klein. L\u2019objectif est d\u2019inciter \u00e0 la diversit\u00e9 de l\u2019offre dans le centre-ville, et \u00ab\u00a0d\u2019\u00e9viter la sp\u00e9culation en instaurant rapidement un dialogue\u00a0\u00bb a confi\u00e9 Areski Sadi lors de l\u2019\u00e9v\u00e8nement. <a href=\"https:\/\/www.estrepublicain.fr\/economie\/2024\/09\/27\/11-rue-saint-jean-la-ville-va-y-laisser-des-dizaines-de-milliers-d-euros\" target=\"_blank\" rel=\"noopener\">L\u2019op\u00e9ration<\/a> aura dur\u00e9 deux ans et demi.<\/p>\n","protected":false},"excerpt":{"rendered":"Deux mois apr\u00e8s son ouverture , le Mood caf\u00e9, nich\u00e9 dans la rue Saint-Jean, a voulu marquer le&hellip;\n","protected":false},"author":2,"featured_media":251746,"comment_status":"","ping_status":"","sticky":false,"template":"","format":"standard","meta":{"footnotes":""},"categories":[9635],"tags":[1111,11,4406,33,1704,1777,674,1011,27,775,1702,1703,12,25],"class_list":{"0":"post-251745","1":"post","2":"type-post","3":"status-publish","4":"format-standard","5":"has-post-thumbnail","7":"category-nancy","8":"tag-actu","9":"tag-actualites","10":"tag-commerce-et-services","11":"tag-economie","12":"tag-edition-nancy-et-agglomeration","13":"tag-eu","14":"tag-europe","15":"tag-fr","16":"tag-france","17":"tag-grand-est","18":"tag-nancy","19":"tag-nancy-ville-54b","20":"tag-news","21":"tag-republique-francaise"},"share_on_mastodon":{"url":"https:\/\/pubeurope.com\/@fr\/114863957912623803","error":""},"_links":{"self":[{"href":"https:\/\/www.europesays.com\/fr\/wp-json\/wp\/v2\/posts\/251745","targetHints":{"allow":["GET"]}}],"collection":[{"href":"https:\/\/www.europesays.com\/fr\/wp-json\/wp\/v2\/posts"}],"about":[{"href":"https:\/\/www.europesays.com\/fr\/wp-json\/wp\/v2\/types\/post"}],"author":[{"embeddable":true,"href":"https:\/\/www.europesays.com\/fr\/wp-json\/wp\/v2\/users\/2"}],"replies":[{"embeddable":true,"href":"https:\/\/www.europesays.com\/fr\/wp-json\/wp\/v2\/comments?post=251745"}],"version-history":[{"count":0,"href":"https:\/\/www.europesays.com\/fr\/wp-json\/wp\/v2\/posts\/251745\/revisions"}],"wp:featuredmedia":[{"embeddable":true,"href":"https:\/\/www.europesays.com\/fr\/wp-json\/wp\/v2\/media\/251746"}],"wp:attachment":[{"href":"https:\/\/www.europesays.com\/fr\/wp-json\/wp\/v2\/media?parent=251745"}],"wp:term":[{"taxonomy":"category","embeddable":true,"href":"https:\/\/www.europesays.com\/fr\/wp-json\/wp\/v2\/categories?post=251745"},{"taxonomy":"post_tag","embeddable":true,"href":"https:\/\/www.europesays.com\/fr\/wp-json\/wp\/v2\/tags?post=251745"}],"curies":[{"name":"wp","href":"https:\/\/api.w.org\/{rel}","templated":true}]}}