{"id":251747,"date":"2025-07-16T16:54:20","date_gmt":"2025-07-16T16:54:20","guid":{"rendered":"https:\/\/www.europesays.com\/fr\/251747\/"},"modified":"2025-07-16T16:54:20","modified_gmt":"2025-07-16T16:54:20","slug":"a-huit-mois-des-municipales-a-nancy-voici-les-grands-projets-que-mathieu-klein-souhaite-porter","status":"publish","type":"post","link":"https:\/\/www.europesays.com\/fr\/251747\/","title":{"rendered":"\u00c0 huit mois des municipales \u00e0 Nancy, voici les grands projets que Mathieu Klein souhaite porter"},"content":{"rendered":"<p>            Par<br \/>\n        <strong><br \/>\n            <a href=\"https:\/\/actu.fr\/auteur\/pierre-emile-bouchy-actu-fr\" title=\"Consulter tous les articles de Paul-Emile Bouchy\" target=\"_blank\" rel=\"noopener\">Paul-Emile Bouchy<\/a><br \/>\n        <\/strong><\/p>\n<p>        Publi\u00e9 le<\/p>\n<p>            16 juil. 2025 \u00e0 16h19        <\/p>\n<p>Mercredi 9\u00a0juillet, au palais des congr\u00e8s, <a href=\"https:\/\/actu.fr\/tag\/mathieu-klein\" target=\"_blank\" rel=\"noopener\">Mathieu Klein<\/a> a dress\u00e9 le bilan de son mandat en tant que <strong>maire de Nancy<\/strong> et <strong>pr\u00e9sident de la M\u00e9tropole du Grand Nancy<\/strong>.<br \/>Apr\u00e8s \u00eatre revenu sur les projets qui ont vu le jour depuis 2020 comme <a href=\"https:\/\/actu.fr\/grand-est\/nancy_54395\/pietonnisation-a-nancy-ces-rues-vont-se-transformer-dans-les-annees-a-venir_61114850.html\" target=\"_blank\" rel=\"noopener\">la pi\u00e9tonnisation du centre-ville<\/a>, la mise en service du <a href=\"https:\/\/actu.fr\/tag\/trolleybus\" target=\"_blank\" rel=\"noopener\">trolleybus<\/a>, le renforcement des effectifs de la <a href=\"https:\/\/actu.fr\/grand-est\/nancy_54395\/police-municipale-alcool-voici-comment-le-maire-de-nancy-compte-renforcer-la-securite-en-centre-ville_61601806.html\" target=\"_blank\" rel=\"noopener\">police municipale<\/a> ou encore la cr\u00e9ation de <a href=\"https:\/\/actu.fr\/grand-est\/nancy_54395\/la-plage-des-deux-rives-revient-cet-ete-a-nancy-ce-qu-il-faut-savoir-de-l-edition-2025_62587188.html\" target=\"_blank\" rel=\"noopener\">la Plage des Deux Rives<\/a>, l\u2019\u00e9lu s\u2019est tourn\u00e9 vers l\u2019avenir et a pr\u00e9sent\u00e9 les <strong>grands projets<\/strong> qu\u2019ils souhaitent porter dans les prochaines ann\u00e9es.<\/p>\n<p>La transformation du quartier autour de l\u2019h\u00f4pital Central<\/p>\n<p class=\" wall-content\">Situ\u00e9 non loin de la place des Vosges, le quartier des h\u00f4pitaux urbains va changer de visage. Tout d\u2019abord, <a href=\"https:\/\/actu.fr\/grand-est\/nancy_54395\/transformation-de-l-ancienne-fac-de-pharmacie-de-nancy-voici-le-projet-et-le-calendrier-des-travaux_62552276.html\" target=\"_blank\" rel=\"noopener\">l\u2019ancienne facult\u00e9 de pharmacie va \u00eatre transform\u00e9e<\/a> pour y accueillir le <strong>Centre Chor\u00e9graphique National \u2013 Ballet de Lorraine en 2030<\/strong>.<\/p>\n<p class=\" wall-content\">Ensuite, ce sera au tour d\u2019autres b\u00e2timents, comme le d\u00e9taille Mathieu Klein\u2009: \u00ab\u2009L\u2019h\u00f4pital Central, l\u2019h\u00f4pital Saint-Julien, la maternit\u00e9, la facult\u00e9 d\u2019odontologie vont engager une mue. Nous y retrouverons des enjeux li\u00e9s \u00e0 l\u2019accueil des \u00e9tudiants \u00e9trangers et des enjeux li\u00e9s \u00e0 l\u2019interg\u00e9n\u00e9rationnel\u2009\u00bb.<\/p>\n<p class=\" wall-content\">Les cr\u00e9ations de cette <strong>cit\u00e9 internationale<\/strong> et de cette <strong>cit\u00e9 interg\u00e9n\u00e9rationnelle<\/strong> pour accueillir les seniors pourraient se faire d\u2019ici 2030 avec le d\u00e9part des activit\u00e9s m\u00e9dicales vers le <a href=\"https:\/\/actu.fr\/grand-est\/nancy_54395\/un-projet-hors-norme-le-nouveau-visage-du-chru-de-nancy-vient-d-etre-devoile-decouvrez-le-en-images_62029861.html\" target=\"_blank\" rel=\"noopener\">nouveau CHRU de Nancy<\/a> sur le plateau de Brabois.<\/p>\n<p>La rue Saint-Dizier r\u00e9serv\u00e9e aux transports en commun<\/p>\n<p class=\" wall-content\">Apr\u00e8s avoir transform\u00e9 la rue Saint-Jean pour l\u2019arriv\u00e9e du trolleybus, Mathieu Klein souhaite s\u2019attaquer \u00e0 un autre axe structurant du centre-ville de Nancy. \u00ab<strong>\u2009Vous avez aim\u00e9 la ligne 1, l\u2019axe Saint-Jean, Saint-Georges, Ile de Corse\u2009? Vous adorerez Saint-Dizier<\/strong>\u2009\u00bb, promet-il.<\/p>\n<p class=\" wall-content\">Dans cette rue o\u00f9 circulent plusieurs lignes de bus du r\u00e9seau Stan dont les lignes Tempo 2 et Tempo 4, sa volont\u00e9 est de <strong>la r\u00e9server aux transports en commun<\/strong> <a href=\"https:\/\/actu.fr\/grand-est\/nancy_54395\/reseau-stan-le-grand-nancy-veut-transformer-la-ligne-2-sur-le-meme-modele-que-celui-du-trolleybus_62821958.html\" target=\"_blank\" rel=\"noopener\">sur le m\u00eame mod\u00e8le que celui du trolleybus<\/a>.<\/p>\n<blockquote class=\"ac-article-quote wall-content\">\n<p>La ligne Tempo 2 est la deuxi\u00e8me ligne de bus structurante de la m\u00e9tropole. Elle doit \u00eatre d\u00e9carbon\u00e9e. Elle doit offrir une qualit\u00e9 de service \u00e9quivalente \u00e0 la ligne 1 avec un site propre avec la priorit\u00e9 aux feux. Ce projet va permettre de remettre de l&rsquo;ordre dans la circulation du centre-ville.<\/p>\n<p>    <strong>Mathieu Klein<\/strong><br \/>\n        Maire de Nancy    <\/p><\/blockquote>\n<p class=\" wall-content\">Les voitures ne pourront plus y circuler et devront emprunter la rue des quatre \u00e9glises. Interrog\u00e9, Mathieu Klein a indiqu\u00e9 que cela sera accompagn\u00e9 d\u2019<strong>un nouveau plan de circulation automobile dans le centre-ville<\/strong> qui sera pr\u00e9sent\u00e9 cet automne.<\/p>\n<p class=\" wall-content\">Pour le moment, le projet est en phase d\u2019\u00e9tude et le calendrier des travaux, qui pourrait durer trois ans, n\u2019est pas encore act\u00e9.<\/p>\n<p>La r\u00e9novation du march\u00e9 central<\/p>\n<p class=\" wall-content\">\u00c9troitement li\u00e9 \u00e0 la m\u00e9tamorphose de la rue Saint-Dizier, <strong>le march\u00e9 central pourrait changer de dimension<\/strong> dans les ann\u00e9es \u00e0 venir. \u00ab\u2009Il faut profond\u00e9ment changer de braquet pour <strong>que le march\u00e9 central redevienne le navire amiral du centre-ville<\/strong>\u2009\u00bb, mart\u00e8le le maire de Nancy.<\/p>\n<p class=\" wall-content\">Cela passera par <strong>un investissement de 3 \u00e0 4\u00a0millions d\u2019euros de la Ville<\/strong> pour r\u00e9nover la halle du march\u00e9 central, mais aussi par <strong>un mode de gestion diff\u00e9rente<\/strong>. Mathieu Klein souhaite que le march\u00e9 ne soit plus \u00ab\u2009une r\u00e9gie publique, mais une activit\u00e9 \u00e9conomique g\u00e9r\u00e9e par des professionnels de la question en lien avec les commer\u00e7ants\u2009\u00bb.<\/p>\n<p>L\u2019am\u00e9nagement de la place Carnot et du cours L\u00e9opold<\/p>\n<p class=\" wall-content\">Enfin, Mathieu Klein est revenu sur le projet de <a href=\"https:\/\/actu.fr\/grand-est\/nancy_54395\/transformation-de-l-ensemble-carnot-leopold-a-nancy-on-vous-devoile-tout-de-ce-projet-a-38-millions-d-euros_62638687.html\" target=\"_blank\" rel=\"noopener\">transformation de l\u2019ensemble Carnot-L\u00e9opold<\/a> qui pr\u00e9voit notamment<strong> la fin du stationnement en surface<\/strong>, <strong>la cr\u00e9ation d\u2019espaces verts<\/strong> et <a href=\"https:\/\/actu.fr\/grand-est\/nancy_54395\/transformation-de-l-ensemble-carnot-leopold-la-fontaine-va-faire-son-grand-retour_62667254.html\" target=\"_blank\" rel=\"noopener\">le retour d\u2019une fontaine sur la place Carnot<\/a>.<\/p>\n<blockquote class=\"ac-article-quote wall-content\">\n<p>Je me r\u00e9jouis que nous ayons trouv\u00e9 un projet d&rsquo;\u00e9quilibre sur Carnot-L\u00e9opold permettant \u00e0 la foire attractive de continuer son activit\u00e9 en c\u0153ur de ville, permettant en dehors de la p\u00e9riode de la foire une vraie m\u00e9tamorphose, une v\u00e9g\u00e9talisation accrue de ce site.<\/p>\n<p>    <strong>Mathieu Klein<\/strong><br \/>\n        Maire de Nancy    <\/p><\/blockquote>\n<p class=\" wall-content\">\u00c0 huit mois des \u00e9lections municipales qui auront lieu en mars\u00a02026, Mathieu Klein ne s\u2019est pas encore d\u00e9clar\u00e9 candidat \u00e0 sa propre r\u00e9\u00e9lection. N\u00e9anmoins, il est difficile de penser que le maire sortant ne soit pas celui qui d\u00e9fend et porte ses projets aupr\u00e8s des \u00e9lecteurs.<\/p>\n<p class=\" wall-content\">Suivez toute l\u2019actualit\u00e9 de vos villes et m\u00e9dias favoris en vous inscrivant \u00e0 <a href=\"https:\/\/moncompte.actu.fr\" title=\"D\u00e9couvez Mon Actu\" rel=\"nofollow noopener\" data-trk=\"{&quot;cta&quot;:{&quot;action&quot;:&quot;https:\\\/\\\/moncompte.actu.fr&quot;,&quot;category&quot;:&quot;mon compte&quot;,&quot;from&quot;:&quot;article footer&quot;,&quot;name&quot;:&quot;Mon actu&quot;,&quot;type&quot;:&quot;cta&quot;}}\" target=\"_blank\">Mon Actu<\/a>.<\/p>\n","protected":false},"excerpt":{"rendered":"Par Paul-Emile Bouchy Publi\u00e9 le 16 juil. 2025 \u00e0 16h19 Mercredi 9\u00a0juillet, au palais des congr\u00e8s, Mathieu Klein&hellip;\n","protected":false},"author":2,"featured_media":251748,"comment_status":"","ping_status":"","sticky":false,"template":"","format":"standard","meta":{"footnotes":""},"categories":[9635],"tags":[1111,11,1777,674,1011,27,775,14606,3434,1702,12,25,104,1352],"class_list":{"0":"post-251747","1":"post","2":"type-post","3":"status-publish","4":"format-standard","5":"has-post-thumbnail","7":"category-nancy","8":"tag-actu","9":"tag-actualites","10":"tag-eu","11":"tag-europe","12":"tag-fr","13":"tag-france","14":"tag-grand-est","15":"tag-mathieu-klein","16":"tag-municipales-2026","17":"tag-nancy","18":"tag-news","19":"tag-republique-francaise","20":"tag-societe","21":"tag-urbanisme"},"share_on_mastodon":{"url":"https:\/\/pubeurope.com\/@fr\/114863961771169671","error":""},"_links":{"self":[{"href":"https:\/\/www.europesays.com\/fr\/wp-json\/wp\/v2\/posts\/251747","targetHints":{"allow":["GET"]}}],"collection":[{"href":"https:\/\/www.europesays.com\/fr\/wp-json\/wp\/v2\/posts"}],"about":[{"href":"https:\/\/www.europesays.com\/fr\/wp-json\/wp\/v2\/types\/post"}],"author":[{"embeddable":true,"href":"https:\/\/www.europesays.com\/fr\/wp-json\/wp\/v2\/users\/2"}],"replies":[{"embeddable":true,"href":"https:\/\/www.europesays.com\/fr\/wp-json\/wp\/v2\/comments?post=251747"}],"version-history":[{"count":0,"href":"https:\/\/www.europesays.com\/fr\/wp-json\/wp\/v2\/posts\/251747\/revisions"}],"wp:featuredmedia":[{"embeddable":true,"href":"https:\/\/www.europesays.com\/fr\/wp-json\/wp\/v2\/media\/251748"}],"wp:attachment":[{"href":"https:\/\/www.europesays.com\/fr\/wp-json\/wp\/v2\/media?parent=251747"}],"wp:term":[{"taxonomy":"category","embeddable":true,"href":"https:\/\/www.europesays.com\/fr\/wp-json\/wp\/v2\/categories?post=251747"},{"taxonomy":"post_tag","embeddable":true,"href":"https:\/\/www.europesays.com\/fr\/wp-json\/wp\/v2\/tags?post=251747"}],"curies":[{"name":"wp","href":"https:\/\/api.w.org\/{rel}","templated":true}]}}