{"id":251761,"date":"2025-07-16T17:01:12","date_gmt":"2025-07-16T17:01:12","guid":{"rendered":"https:\/\/www.europesays.com\/fr\/251761\/"},"modified":"2025-07-16T17:01:12","modified_gmt":"2025-07-16T17:01:12","slug":"grenoble-lassociation-ukraine-grenoble-isere-participe-a-lete-oh-parcs","status":"publish","type":"post","link":"https:\/\/www.europesays.com\/fr\/251761\/","title":{"rendered":"Grenoble. L\u2019association Ukraine Grenoble Is\u00e8re participe \u00e0 l\u2019\u00c9t\u00e9 Oh\u00a0! Parcs"},"content":{"rendered":"<p>Cette ann\u00e9e encore, les Grenoblois et les touristes peuvent profiter de la fra\u00eecheur du parc Paul-Mistral et des nombreuses animations propos\u00e9es dans le cadre de l\u2019\u00c9t\u00e9 Oh\u00a0! Parcs. L\u2019association Ukraine Grenoble Is\u00e8re propose des rendez-vous, ouverts \u00e0 toutes et \u00e0 tous (\u00e0 partir de 5 ans), pour partager des moments cr\u00e9atifs, ludiques et musicaux. Ainsi, des ateliers manuels, art et jeux ont eu lieu ce samedi 12\u00a0juillet. Le prochain atelier, une animation musicale, se tiendra le vendredi 8\u00a0ao\u00fbt, de 16\u00a0h \u00e0 19\u00a0h.<\/p>\n<p class=\"note\">Les animations sont gratuites et sans inscription.<\/p>\n","protected":false},"excerpt":{"rendered":"Cette ann\u00e9e encore, les Grenoblois et les touristes peuvent profiter de la fra\u00eecheur du parc Paul-Mistral et des&hellip;\n","protected":false},"author":2,"featured_media":251762,"comment_status":"","ping_status":"","sticky":false,"template":"","format":"standard","meta":{"footnotes":""},"categories":[9566],"tags":[1111,11,2430,1687,112,1777,674,1011,27,2731,2732,12,25],"class_list":{"0":"post-251761","1":"post","2":"type-post","3":"status-publish","4":"format-standard","5":"has-post-thumbnail","7":"category-grenoble","8":"tag-actu","9":"tag-actualites","10":"tag-auvergne-rhone-alpes","11":"tag-culture-loisirs","12":"tag-edition-grenoble-agglomeration","13":"tag-eu","14":"tag-europe","15":"tag-fr","16":"tag-france","17":"tag-grenoble","18":"tag-grenoble-bassin","19":"tag-news","20":"tag-republique-francaise"},"share_on_mastodon":{"url":"https:\/\/pubeurope.com\/@fr\/114863989342328142","error":""},"_links":{"self":[{"href":"https:\/\/www.europesays.com\/fr\/wp-json\/wp\/v2\/posts\/251761","targetHints":{"allow":["GET"]}}],"collection":[{"href":"https:\/\/www.europesays.com\/fr\/wp-json\/wp\/v2\/posts"}],"about":[{"href":"https:\/\/www.europesays.com\/fr\/wp-json\/wp\/v2\/types\/post"}],"author":[{"embeddable":true,"href":"https:\/\/www.europesays.com\/fr\/wp-json\/wp\/v2\/users\/2"}],"replies":[{"embeddable":true,"href":"https:\/\/www.europesays.com\/fr\/wp-json\/wp\/v2\/comments?post=251761"}],"version-history":[{"count":0,"href":"https:\/\/www.europesays.com\/fr\/wp-json\/wp\/v2\/posts\/251761\/revisions"}],"wp:featuredmedia":[{"embeddable":true,"href":"https:\/\/www.europesays.com\/fr\/wp-json\/wp\/v2\/media\/251762"}],"wp:attachment":[{"href":"https:\/\/www.europesays.com\/fr\/wp-json\/wp\/v2\/media?parent=251761"}],"wp:term":[{"taxonomy":"category","embeddable":true,"href":"https:\/\/www.europesays.com\/fr\/wp-json\/wp\/v2\/categories?post=251761"},{"taxonomy":"post_tag","embeddable":true,"href":"https:\/\/www.europesays.com\/fr\/wp-json\/wp\/v2\/tags?post=251761"}],"curies":[{"name":"wp","href":"https:\/\/api.w.org\/{rel}","templated":true}]}}