{"id":251763,"date":"2025-07-16T17:02:16","date_gmt":"2025-07-16T17:02:16","guid":{"rendered":"https:\/\/www.europesays.com\/fr\/251763\/"},"modified":"2025-07-16T17:02:16","modified_gmt":"2025-07-16T17:02:16","slug":"un-fonctionnement-habituel-cet-ete","status":"publish","type":"post","link":"https:\/\/www.europesays.com\/fr\/251763\/","title":{"rendered":"\u00ab\u00a0un fonctionnement habituel\u00a0\u00bb cet \u00e9t\u00e9"},"content":{"rendered":"<p>\u00ab\u00a0En cette p\u00e9riode estivale, les services d\u2019urgences du CHU Grenoble Alpes maintiennent leur fonctionnement habituel\u00a0\u00bb, indique ce mercredi la direction.<\/p>\n<p>\u00c0 l\u2019h\u00f4pital Michallon, les urgences adultes sont ouvertes 24h\/24. Les urgences ophtalmologiques du lundi au vendredi de 8h30 \u00e0 17h30 et le samedi matin de 8h30 \u00e0 12h, directement dans le service ophtalmologique au 8e \u00e9tage. Les urgences gyn\u00e9cologiques et maternit\u00e9, et p\u00e9diatriques de l\u2019h\u00f4pital Couple-enfant \u00e0 La Tronche restent \u00e9galement ouvertes 24h\/24.<\/p>\n<p>Le service d\u2019urgences traumatiques de l\u2019h\u00f4pital Sud lui acceptera les admissions entre 8 heures et 20 heures uniquement.<\/p>\n<p>\u00c0 l\u2019h\u00f4pital de Voiron, seules les urgences maternit\u00e9 et p\u00e9diatrique sont ouvertes 24h\/24. Le service adulte reste, lui, sur un fonctionnement avec des admissions uniquement entre 8 heures et 18 heures.<\/p>\n<p>  \u00ab\u00a0Les urgences, c\u2019est pas une \u00e9vidence\u00a0!\u00a0\u00bb<\/p>\n<p>La direction du CHU Grenoble Alpes rappelle surtout que \u00ab\u00a0Les urgences, c\u2019est pas une \u00e9vidence\u00a0!\u00a0\u00bb. \u00ab\u00a0Certaines situations ne justifient pas de se rendre aux urgences\u00a0\u00bb et qu\u2019il convient d\u2019abord de contacter son m\u00e9decin, pharmacien, ou de trouver un lieu de consultation sans rendez-vous.<\/p>\n<p>L\u2019Agence r\u00e9gionale de sant\u00e9 Auvergne-Rh\u00f4ne-Alpes met \u00e0 disposition, <a href=\"https:\/\/www.auvergne-rhone-alpes.ars.sante.fr\/trouver-un-medecin-generaliste-pour-une-consultation-en-urgence-pres-de-chez-moi\" target=\"_blank\" rel=\"nofollow noopener\">sur son site<\/a> , une carte recensant ces lieux de soins sans rendez-vous.<\/p>\n<p>Enfin, l\u2019appel au 15 avant de se d\u00e9placer vers un service d\u2019urgences est toujours essentiel. \u00ab\u00a0De nombreux patients se rendent encore directement aux urgences adultes sans passer par la r\u00e9gulation m\u00e9dicale du SAMU-SAS, exposant \u00e0 des temps d\u2019attente importants et \u00e0 une surcharge des services. Appeler le 15 avant de se d\u00e9placer, c\u2019est s\u2019assurer de la prise en charge la plus adapt\u00e9e\u00a0\u00bb, rappelle le CHU.<\/p>\n","protected":false},"excerpt":{"rendered":"\u00ab\u00a0En cette p\u00e9riode estivale, les services d\u2019urgences du CHU Grenoble Alpes maintiennent leur fonctionnement habituel\u00a0\u00bb, indique ce mercredi&hellip;\n","protected":false},"author":2,"featured_media":251764,"comment_status":"","ping_status":"","sticky":false,"template":"","format":"standard","meta":{"footnotes":""},"categories":[9566],"tags":[1111,11,2430,112,113,114,1777,674,1011,27,2731,2732,108,12,25,71,104],"class_list":{"0":"post-251763","1":"post","2":"type-post","3":"status-publish","4":"format-standard","5":"has-post-thumbnail","7":"category-grenoble","8":"tag-actu","9":"tag-actualites","10":"tag-auvergne-rhone-alpes","11":"tag-edition-grenoble-agglomeration","12":"tag-edition-gresivaudan-oisans","13":"tag-edition-voiron-saint-marcellin","14":"tag-eu","15":"tag-europe","16":"tag-fr","17":"tag-france","18":"tag-grenoble","19":"tag-grenoble-bassin","20":"tag-isere","21":"tag-news","22":"tag-republique-francaise","23":"tag-sante","24":"tag-societe"},"share_on_mastodon":{"url":"https:\/\/pubeurope.com\/@fr\/114863993321108307","error":""},"_links":{"self":[{"href":"https:\/\/www.europesays.com\/fr\/wp-json\/wp\/v2\/posts\/251763","targetHints":{"allow":["GET"]}}],"collection":[{"href":"https:\/\/www.europesays.com\/fr\/wp-json\/wp\/v2\/posts"}],"about":[{"href":"https:\/\/www.europesays.com\/fr\/wp-json\/wp\/v2\/types\/post"}],"author":[{"embeddable":true,"href":"https:\/\/www.europesays.com\/fr\/wp-json\/wp\/v2\/users\/2"}],"replies":[{"embeddable":true,"href":"https:\/\/www.europesays.com\/fr\/wp-json\/wp\/v2\/comments?post=251763"}],"version-history":[{"count":0,"href":"https:\/\/www.europesays.com\/fr\/wp-json\/wp\/v2\/posts\/251763\/revisions"}],"wp:featuredmedia":[{"embeddable":true,"href":"https:\/\/www.europesays.com\/fr\/wp-json\/wp\/v2\/media\/251764"}],"wp:attachment":[{"href":"https:\/\/www.europesays.com\/fr\/wp-json\/wp\/v2\/media?parent=251763"}],"wp:term":[{"taxonomy":"category","embeddable":true,"href":"https:\/\/www.europesays.com\/fr\/wp-json\/wp\/v2\/categories?post=251763"},{"taxonomy":"post_tag","embeddable":true,"href":"https:\/\/www.europesays.com\/fr\/wp-json\/wp\/v2\/tags?post=251763"}],"curies":[{"name":"wp","href":"https:\/\/api.w.org\/{rel}","templated":true}]}}