{"id":251765,"date":"2025-07-16T17:03:14","date_gmt":"2025-07-16T17:03:14","guid":{"rendered":"https:\/\/www.europesays.com\/fr\/251765\/"},"modified":"2025-07-16T17:03:14","modified_gmt":"2025-07-16T17:03:14","slug":"que-faire-a-rennes-ce-jeudi-17-juillet-voici-cinq-idees-de-sorties","status":"publish","type":"post","link":"https:\/\/www.europesays.com\/fr\/251765\/","title":{"rendered":"Que faire \u00e0 Rennes ce jeudi 17 juillet ? Voici cinq id\u00e9es de sorties"},"content":{"rendered":"<p>            Par<br \/>\n        <strong><br \/>\n            <a href=\"https:\/\/actu.fr\/auteur\/lou-batteux\" title=\"Consulter tous les articles de Lou Batteux\" rel=\"nofollow noopener\" target=\"_blank\">Lou Batteux<\/a><br \/>\n        <\/strong><\/p>\n<p>        Publi\u00e9 le<\/p>\n<p>            16 juil. 2025 \u00e0 17h55        <\/p>\n<p>Pourquoi attendre le week-end pour sortir en ville et profiter de l\u2019\u00e9t\u00e9 ? Balade en nature, concert, blindtest\u2026 Voici <strong>cinq id\u00e9es de sorties<\/strong> pour vous d\u00e9tendre apr\u00e8s le travail ou pour profiter de vos vacances \u00e0 <a href=\"https:\/\/actu.fr\/rennes\/\" rel=\"nofollow noopener\" target=\"_blank\">Rennes<\/a>, ce <strong>jeudi 17 juillet<\/strong>.<\/p>\n<p>S\u00e9ance badminton pour les jeunes\u00a0<\/p>\n<p class=\" wall-content\">Jeudi apr\u00e8s-midi, de\u00a0<strong>14h \u00e0 17h<\/strong>, les jeunes sportifs\u00a0peuvent venir s\u2019initier au badminton \u00e0\u00a0<strong>l\u2019Espace des 2 Rives<\/strong>, au 4, all\u00e9e Georges-Palante. Cette activit\u00e9 accessible\u00a0<strong>gratuitement<\/strong>\u00a0est ouverte aux jeunes \u00e2g\u00e9s\u00a0<strong>de 10 \u00e0 17 ans<\/strong>.<\/p>\n<p class=\" wall-content\">Vous n\u2019avez qu\u2019\u00e0 pr\u00e9voir\u00a0<strong>des chaussures propres et une gourde<\/strong>. Il est \u00e9galement possible de venir avec sa raquette.<\/p>\n<p>Balade botanique<\/p>\n<p class=\" wall-content\">Pour l\u2019\u00e9t\u00e9, l\u2019association <strong>Les Cols Verts Rennes<\/strong> a pr\u00e9vu un programme riche en d\u00e9couvertes. Ce jeudi 17 juillet, partez \u00e0 la rencontre des <strong>plantes de nos rues rennaises<\/strong>.<\/p>\n<p>    <a href=\"https:\/\/www.facebook.com\/plugins\/post.php?href=https%3A%2F%2Fwww.facebook.com%2Fphoto.php%3Ffbid%3D725357240091698%26set%3Da.190681763559251%26type%3D3&amp;show_text=true&amp;width=350\" title=\"Ouvrie le lien\" rel=\"nofollow noopener\" target=\"_blank\">Cliquez ici pour visualiser le contenu<\/a><\/p>\n<p class=\" wall-content\">Ouvert \u00e0 tout public, cette balade d\u2019une heure partira de la <strong>station de m\u00e9tro Triangle \u00e0 15h<\/strong>. Pour y participer, il faut s\u2019inscrire gratuitement en envoyant un mail \u00e0 <a href=\"https:\/\/actu.fr\/cdn-cgi\/l\/email-protection\" class=\"__cf_email__\" data-cfemail=\"8eede1e0faefedfaa0fcebe0e0ebfdcee2ebfdede1e2f8ebfcfafda0e8fc\" rel=\"nofollow noopener\" target=\"_blank\">[email\u00a0protected]<\/a> ou scanner le QR code de l\u2019affiche ci-dessous.<\/p>\n<p>Vid\u00e9os : en ce moment sur ActuConcert pop-folk au Noktamb\u00fcl<\/p>\n<p class=\" wall-content\">D\u00e8s <strong>19h<\/strong>, d\u00e9tendez-vous dans le\u00a0<strong>Jardinb\u00fcl <\/strong>du caf\u00e9 Noktamb\u00fcl, au 264, avenue G\u00e9n\u00e9ral George S. Patton, lors d\u2019un concert acoustique chaleureux avec le <strong>groupe pop-folk C\u0153ur Chapeau<\/strong>.<\/p>\n<p>    <a href=\"https:\/\/www.facebook.com\/plugins\/post.php?href=https%3A%2F%2Fwww.facebook.com%2Fphoto.php%3Ffbid%3D774938945048390%26set%3Dgm.635636495549135%26type%3D3&amp;show_text=true&amp;width=350\" title=\"Ouvrie le lien\" rel=\"nofollow noopener\" target=\"_blank\">Cliquez ici pour visualiser le contenu<\/a><\/p>\n<p class=\" wall-content\">Cet ap\u00e9ro-concert propose un <strong>bar et une petite restauration sur place<\/strong>. Pour les plus gourmands, il est possible de profiter du \u00ab\u00a0Buffet Royal des Artistes\u00a0\u00bb \u00e0 10 \u20ac par personne.<\/p>\n<p>Entr\u00e9e et participation libres.<\/p>\n<p>Blindtest Holidays \u00e0 La Mie Mobile<\/p>\n<p class=\" wall-content\">\u00c0 partir de <strong>20h<\/strong>, rendez-vous au bar La Mie Mobile, au 34, boulevard Villebois-Mareuil, \u00e0 Rennes, pour une soir\u00e9e musicale anim\u00e9e par le <strong>DJ Arnofantomas Selecta<\/strong> !<\/p>\n<p>    <a href=\"https:\/\/www.facebook.com\/plugins\/post.php?href=https%3A%2F%2Fwww.facebook.com%2Fphoto.php%3Ffbid%3D1365569138906208%26set%3Dgm.1985122192245451%26type%3D3&amp;show_text=true&amp;width=350\" title=\"Ouvrie le lien\" rel=\"nofollow noopener\" target=\"_blank\">Cliquez ici pour visualiser le contenu<\/a><\/p>\n<p class=\" wall-content\">Avec ce blindtest des vacances, formez votre \u00e9quipe de <strong>cinq personnes<\/strong> maximum, \u00e9coutez <strong>30 morceaux<\/strong> diff\u00e9rents, devinez leur titre et leur interpr\u00e8te, et surtout, partagez un moment amusant entre proches. Pour les plus comp\u00e9titeurs, <strong>des lots sont \u00e0 gagner<\/strong>.<\/p>\n<p class=\" wall-content\">Le tout en d\u00e9gustant un verre ou en mangeant un morceau. Il est m\u00eame possible de <strong>ramener son pique-nique.<\/strong><\/p>\n<p>Transat en ville<\/p>\n<p class=\" wall-content\">De <strong>17h30 \u00e0 19h<\/strong>, retrouvez <strong>Canal B<\/strong> aux Plages de Baud pour une \u00e9mission en direct autour de la programmation du festival Transat en ville.<\/p>\n<p class=\" wall-content\">Ce plateau radio r\u00e9unira interviews d\u2019artistes, extraits musicaux et ambiance conviviale au bord de l\u2019eau. L\u2019entr\u00e9e est <strong>gratuite<\/strong> et l\u2019acc\u00e8s y est facile en bus ou \u00e0 v\u00e9lo.<\/p>\n<p class=\" wall-content\">Puis de <strong>20h \u00e0 21h15<\/strong>, toujours aux Plages de Baud, Engrenage[s] organise un \u00ab\u00a0nouveau spectacle \u00e0 l\u2019univers d\u00e9jant\u00e9\u00a0\u00bb. <strong>Ooz Band<\/strong>, un groupe de huit musiciens sp\u00e9cialis\u00e9s dans le brass band, pr\u00e9sentera \u00ab\u00a0Marmooz\u00a0\u00bb, une <strong>fanfare festive et surprenante<\/strong>.<\/p>\n<p class=\" wall-content\">\u00c0 travers leur spectacle musical, ils vous inviteront \u00e0 retrouver votre \u00e2me d\u2019enfant, \u00e0 danser, chanter et surtout \u00e0 vous amuser. L\u2019\u00e9v\u00e8nement est <strong>ouvert \u00e0 tous et gratuit<\/strong>.<\/p>\n<p class=\" wall-content\">Suivez toute l\u2019actualit\u00e9 de vos villes et m\u00e9dias favoris en vous inscrivant \u00e0 <a href=\"https:\/\/moncompte.actu.fr\" title=\"D\u00e9couvez Mon Actu\" rel=\"nofollow noopener\" data-trk=\"{&quot;cta&quot;:{&quot;action&quot;:&quot;https:\\\/\\\/moncompte.actu.fr&quot;,&quot;category&quot;:&quot;mon compte&quot;,&quot;from&quot;:&quot;article footer&quot;,&quot;name&quot;:&quot;Mon actu&quot;,&quot;type&quot;:&quot;cta&quot;}}\" target=\"_blank\">Mon Actu<\/a>.<\/p>\n","protected":false},"excerpt":{"rendered":"Par Lou Batteux Publi\u00e9 le 16 juil. 2025 \u00e0 17h55 Pourquoi attendre le week-end pour sortir en ville&hellip;\n","protected":false},"author":2,"featured_media":251766,"comment_status":"","ping_status":"","sticky":false,"template":"","format":"standard","meta":{"footnotes":""},"categories":[2821],"tags":[1111,11,829,1697,1777,674,1011,27,1652,873,12,584,25,517],"class_list":{"0":"post-251765","1":"post","2":"type-post","3":"status-publish","4":"format-standard","5":"has-post-thumbnail","7":"category-rennes","8":"tag-actu","9":"tag-actualites","10":"tag-bretagne","11":"tag-concert","12":"tag-eu","13":"tag-europe","14":"tag-fr","15":"tag-france","16":"tag-loisirs-culture","17":"tag-musique","18":"tag-news","19":"tag-rennes","20":"tag-republique-francaise","21":"tag-sport"},"share_on_mastodon":{"url":"https:\/\/pubeurope.com\/@fr\/114863997187425913","error":""},"_links":{"self":[{"href":"https:\/\/www.europesays.com\/fr\/wp-json\/wp\/v2\/posts\/251765","targetHints":{"allow":["GET"]}}],"collection":[{"href":"https:\/\/www.europesays.com\/fr\/wp-json\/wp\/v2\/posts"}],"about":[{"href":"https:\/\/www.europesays.com\/fr\/wp-json\/wp\/v2\/types\/post"}],"author":[{"embeddable":true,"href":"https:\/\/www.europesays.com\/fr\/wp-json\/wp\/v2\/users\/2"}],"replies":[{"embeddable":true,"href":"https:\/\/www.europesays.com\/fr\/wp-json\/wp\/v2\/comments?post=251765"}],"version-history":[{"count":0,"href":"https:\/\/www.europesays.com\/fr\/wp-json\/wp\/v2\/posts\/251765\/revisions"}],"wp:featuredmedia":[{"embeddable":true,"href":"https:\/\/www.europesays.com\/fr\/wp-json\/wp\/v2\/media\/251766"}],"wp:attachment":[{"href":"https:\/\/www.europesays.com\/fr\/wp-json\/wp\/v2\/media?parent=251765"}],"wp:term":[{"taxonomy":"category","embeddable":true,"href":"https:\/\/www.europesays.com\/fr\/wp-json\/wp\/v2\/categories?post=251765"},{"taxonomy":"post_tag","embeddable":true,"href":"https:\/\/www.europesays.com\/fr\/wp-json\/wp\/v2\/tags?post=251765"}],"curies":[{"name":"wp","href":"https:\/\/api.w.org\/{rel}","templated":true}]}}