{"id":251767,"date":"2025-07-16T17:04:09","date_gmt":"2025-07-16T17:04:09","guid":{"rendered":"https:\/\/www.europesays.com\/fr\/251767\/"},"modified":"2025-07-16T17:04:09","modified_gmt":"2025-07-16T17:04:09","slug":"rennes-drogue-alcoolise-et-sous-lemprise-de-medicaments-il-frappe-sa-femme-enceinte-de-huit-mois","status":"publish","type":"post","link":"https:\/\/www.europesays.com\/fr\/251767\/","title":{"rendered":"Rennes. Drogu\u00e9, alcoolis\u00e9 et sous l&#8217;emprise de m\u00e9dicaments, il frappe sa femme enceinte de huit mois"},"content":{"rendered":"<p>            Par<br \/>\n        <strong><br \/>\n            <a href=\"https:\/\/actu.fr\/auteur\/redaction-rennes\" title=\"Consulter tous les articles de R\u00e9daction Rennes\" target=\"_blank\" rel=\"noopener\">R\u00e9daction Rennes<\/a><br \/>\n        <\/strong><\/p>\n<p>        Publi\u00e9 le<\/p>\n<p>            16 juil. 2025 \u00e0 18h57        <\/p>\n<p>Un <strong>jeune p\u00e8re de famille<\/strong> de <a href=\"https:\/\/actu.fr\/bretagne\/saint-jacques-de-la-lande_35281\" target=\"_blank\" rel=\"noopener\">Saint-Jacques-de-la-Lande<\/a> (Ille-et-Vilaine) a \u00e9t\u00e9 condamn\u00e9 en comparution imm\u00e9diate, mercredi 2\u00a0juillet 2025, apr\u00e8s avoir frapp\u00e9 sa femme enceinte de huit mois, le 29\u00a0juin 2025, alors qu\u2019il \u00e9tait drogu\u00e9, alcoolis\u00e9 et sous l\u2019emprise de m\u00e9dicaments.<\/p>\n<p>R\u00e9veill\u00e9 parce qu\u2019elle parlait trop fort<\/p>\n<p class=\" wall-content\">Abdallah, 22\u00a0ans,<strong> s\u2019appr\u00eate \u00e0 accueillir son deuxi\u00e8me enfant<\/strong> avec sa compagne. Mais celle-ci avait d\u00fb \u00ab\u2009appeler la police\u2009\u00bb, le 29\u00a0juin 2025, car son compagnon avait <strong>commenc\u00e9 par l\u2019insulter<\/strong> avant de lui infliger <strong>\u00ab\u2009deux coups de poing, deux grosses gifles\u2009\u00bb<\/strong> alors qu\u2019elle<strong> l\u2019avait \u00ab\u2009r\u00e9veill\u00e9\u2009\u00bb \u00e0 midi en parlant \u00ab\u2009trop fort\u2009\u00bb<\/strong> au t\u00e9l\u00e9phone avec \u00ab\u2009sa s\u0153ur\u2009\u00bb.<\/p>\n<p class=\" wall-content\">La jeune femme \u00ab\u2009r\u00e9fugi\u00e9e dans la salle de bain\u2009\u00bb avait donc appel\u00e9 la police qui \u00e9tait arriv\u00e9e vers \u00ab\u200912h15\u2009\u00bb rue Andr\u00e9-Malraux, \u00e0 Saint-Jacques-de-la-Lande\u2009: cet appel au 17 a \u00e9t\u00e9 enregistr\u00e9, on peut l\u2019entendre \u00ab\u2009pleurer\u2009\u00bb et tousser \u00ab\u2009\u00e0 la limite du vomissement\u2009\u00bb.<\/p>\n<p class=\" wall-content\">Les policiers avaient aussi pu constater <strong>\u00ab\u2009des marques\u2009\u00bb sur son visage et \u00ab\u2009un bleu sur le bras\u2009\u00bb. <\/strong>Toutefois, la jeune femme, qui attend son deuxi\u00e8me enfant, ne s\u2019est pas pr\u00e9sent\u00e9e \u00e0 l\u2019unit\u00e9 de m\u00e9decine l\u00e9gale et <strong>n\u2019a \u00ab\u2009pas souhait\u00e9 d\u00e9poser plainte\u2009\u00bb,<\/strong> alors m\u00eame que ce n\u2019\u00e9tait <strong>\u00ab\u2009pas la premi\u00e8re fois\u2009\u00bb<\/strong> qu\u2019elle subissait de telles violences. Une pr\u00e9c\u00e9dente sc\u00e8ne \u00e9tait d\u00e9j\u00e0 survenue tandis qu\u2019elle attendait leur fille a\u00een\u00e9e.<\/p>\n<p>\u00ab\u2009Sans travail\u2009\u00bb, il est retrouv\u00e9 avec 4\u2009000\u00a0euros en esp\u00e8ces<\/p>\n<p class=\" wall-content\">Abdallah avait donc \u00e9t\u00e9 <strong>interpell\u00e9 et plac\u00e9 en garde \u00e0 vue<\/strong>\u2009: ce jeune homme \u00ab\u2009sans travail\u2009\u00bb \u00e9tait porteur de \u00ab\u2009pr\u00e8s de 4\u2009000\u00a0euros d\u2019argent liquide\u2009\u00bb. Dans la foul\u00e9e, le parquet de Rennes avait d\u00e9cid\u00e9 de son renvoi en comparution imm\u00e9diate.<\/p>\n<p class=\" wall-content\">Lors de l\u2019audience, et en pr\u00e9sence de sa compagne venue assister aux d\u00e9bats, la pr\u00e9sidente est revenue sur les d\u00e9clarations de la jeune femme. <strong>\u00ab\u2009Il dit que je ne fous rien, que je ne sers \u00e0 rien, m\u2019insulte, me dit\u2009\u00a0\u00bbsuce-moi\u00a0\u00bb, m\u2019interdit de sortir sans lui\u2009\u00bb<\/strong>, avait-elle d\u00e9taill\u00e9.<\/p>\n<p>\u00ab\u2009Les hormones de grossesse font qu\u2019elle s\u2019\u00e9nerve\u2009\u00bb<\/p>\n<p class=\" wall-content\">\u00ab\u2009C\u2019est quand m\u00eame le p\u00e8re de mes enfants, <strong>je l\u2019aime m\u00eame s\u2019il fait de la merde\u2009\u00bb<\/strong>, avait-elle toutefois fait savoir pour justifier son refus de d\u00e9poser plainte. \u00ab\u2009Les hormones de grossesse font qu\u2019elle s\u2019\u00e9nerve\u2009\u00bb, avait dit celui qui conteste les violences aux policiers.<\/p>\n<p class=\" wall-content\">\u00ab\u2009On est en <strong>plein processus de renvoi de la responsabilit\u00e9 sur la victime<\/strong>, ce qui est fort de caf\u00e9\u2009\u00bb, a pour sa part not\u00e9 am\u00e8rement le procureur de la R\u00e9publique de Rennes, Fr\u00e9d\u00e9ric Teillet, \u00e0 l\u2019audience. Mais dans cette affaire, <strong>la victime n\u2019est \u00ab\u2009pas capable de se prot\u00e9ger\u2009\u00bb<\/strong>, ce qui est \u00ab\u2009un vrai probl\u00e8me quand il y a des enfants en jeu\u2009\u00bb\u2026<\/p>\n<p class=\" wall-content\">Le <strong>repr\u00e9sentant du parquet<\/strong> de Rennes a donc indiqu\u00e9 <strong>\u00ab\u2009assumer\u2009\u00bb son propre \u00ab\u2009r\u00f4le\u2009\u00bb de protection\u2009:<\/strong> il a donc requis \u00ab\u2009huit mois de prison avec mandat de d\u00e9p\u00f4t\u2009\u00bb et \u00ab\u2009interdiction de contact pendant trois ans\u2009\u00bb.<\/p>\n<p class=\" wall-content\">En d\u00e9fense, Me Lucas Herv\u00e9 s\u2019est \u00e9vertu\u00e9 \u00e0 pointer les carences de l\u2019enqu\u00eate. <strong>\u00ab\u2009Deux claques, on n\u2019a que \u00e7a [\u2026]<\/strong> et un appel au 17 qui ne vaut pas grand-chose du point de vue probatoire\u2009\u00bb, a-t-il recontextualis\u00e9.<\/p>\n<p class=\" wall-content\">Son client a \u00e9t\u00e9 condamn\u00e9 \u00e0 <strong>cinq mois de prison ferme et \u00e0 une interdiction de contact avec sa compagne pendant deux ans.<\/strong> Un mandat de d\u00e9p\u00f4t a aussi \u00e9t\u00e9 d\u00e9cern\u00e9\u2009: il n\u2019assistera donc probablement pas \u00e0 la naissance de son deuxi\u00e8me enfant.<\/p>\n<p class=\" wall-content\"><strong>CB (PressPepper)<\/strong><\/p>\n<p class=\" wall-content\">Suivez toute l\u2019actualit\u00e9 de vos villes et m\u00e9dias favoris en vous inscrivant \u00e0 <a href=\"https:\/\/moncompte.actu.fr\" title=\"D\u00e9couvez Mon Actu\" rel=\"nofollow noopener\" data-trk=\"{&quot;cta&quot;:{&quot;action&quot;:&quot;https:\\\/\\\/moncompte.actu.fr&quot;,&quot;category&quot;:&quot;mon compte&quot;,&quot;from&quot;:&quot;article footer&quot;,&quot;name&quot;:&quot;Mon actu&quot;,&quot;type&quot;:&quot;cta&quot;}}\" target=\"_blank\">Mon Actu<\/a>.<\/p>\n","protected":false},"excerpt":{"rendered":"Par R\u00e9daction Rennes Publi\u00e9 le 16 juil. 2025 \u00e0 18h57 Un jeune p\u00e8re de famille de Saint-Jacques-de-la-Lande (Ille-et-Vilaine)&hellip;\n","protected":false},"author":2,"featured_media":251768,"comment_status":"","ping_status":"","sticky":false,"template":"","format":"standard","meta":{"footnotes":""},"categories":[2821],"tags":[1111,11,829,1052,1777,674,118,1011,27,303,12,584,25,798],"class_list":{"0":"post-251767","1":"post","2":"type-post","3":"status-publish","4":"format-standard","5":"has-post-thumbnail","7":"category-rennes","8":"tag-actu","9":"tag-actualites","10":"tag-bretagne","11":"tag-drogue","12":"tag-eu","13":"tag-europe","14":"tag-faits-divers","15":"tag-fr","16":"tag-france","17":"tag-justice","18":"tag-news","19":"tag-rennes","20":"tag-republique-francaise","21":"tag-violences-conjugales"},"share_on_mastodon":{"url":"https:\/\/pubeurope.com\/@fr\/114864001133895611","error":""},"_links":{"self":[{"href":"https:\/\/www.europesays.com\/fr\/wp-json\/wp\/v2\/posts\/251767","targetHints":{"allow":["GET"]}}],"collection":[{"href":"https:\/\/www.europesays.com\/fr\/wp-json\/wp\/v2\/posts"}],"about":[{"href":"https:\/\/www.europesays.com\/fr\/wp-json\/wp\/v2\/types\/post"}],"author":[{"embeddable":true,"href":"https:\/\/www.europesays.com\/fr\/wp-json\/wp\/v2\/users\/2"}],"replies":[{"embeddable":true,"href":"https:\/\/www.europesays.com\/fr\/wp-json\/wp\/v2\/comments?post=251767"}],"version-history":[{"count":0,"href":"https:\/\/www.europesays.com\/fr\/wp-json\/wp\/v2\/posts\/251767\/revisions"}],"wp:featuredmedia":[{"embeddable":true,"href":"https:\/\/www.europesays.com\/fr\/wp-json\/wp\/v2\/media\/251768"}],"wp:attachment":[{"href":"https:\/\/www.europesays.com\/fr\/wp-json\/wp\/v2\/media?parent=251767"}],"wp:term":[{"taxonomy":"category","embeddable":true,"href":"https:\/\/www.europesays.com\/fr\/wp-json\/wp\/v2\/categories?post=251767"},{"taxonomy":"post_tag","embeddable":true,"href":"https:\/\/www.europesays.com\/fr\/wp-json\/wp\/v2\/tags?post=251767"}],"curies":[{"name":"wp","href":"https:\/\/api.w.org\/{rel}","templated":true}]}}