{"id":251769,"date":"2025-07-16T17:05:11","date_gmt":"2025-07-16T17:05:11","guid":{"rendered":"https:\/\/www.europesays.com\/fr\/251769\/"},"modified":"2025-07-16T17:05:11","modified_gmt":"2025-07-16T17:05:11","slug":"strasbourg-nombre-de-voyageurs-places-de-parking-les-cinq-chiffres-a-retenir-sur-le-projet-de-gare-a-360","status":"publish","type":"post","link":"https:\/\/www.europesays.com\/fr\/251769\/","title":{"rendered":"Strasbourg. Nombre de voyageurs, places de parking&#8230; les cinq chiffres \u00e0 retenir sur le projet de gare \u00e0 360\u00b0"},"content":{"rendered":"<p>                            1 &#8211; Troisi\u00e8me gare fran\u00e7aise hors \u00cele-de-France<\/p>\n<p>La gare de Strasbourg, avec ses 24,5\u00a0millions de voyageurs en 2024, est la troisi\u00e8me gare la plus fr\u00e9quent\u00e9e de France (hors \u00cele-de-France) derri\u00e8re celles de Lyon Part-Dieu (42,4\u00a0millions) et de Lille-Flandres (25,3\u00a0millions). Strasbourg n\u2019en accueillait que <a href=\"https:\/\/www.dna.fr\/edition-de-strasbourg\/2015\/06\/07\/la-pentecote-1965-sous-la-pluie\" target=\"_blank\" rel=\"nofollow noopener\">2,6\u00a0millions en 1964<\/a>. \u00ab\u00a0La gare a \u00e9t\u00e9 construite pour accueillir deux \u00e0 trois fois moins de voyageurs, raconte Christophe Chartrain, directeur r\u00e9gional de SNCF Gares et connexions. La densit\u00e9 de voyageurs y est d\u2019ailleurs deux fois sup\u00e9rieure que dans les autres grandes gares. \u00bb<\/p>\n<p>2 &#8211; Plus de 100\u00a0000 voyageurs par jour<\/p>\n<p>Les estimations basses&#8230;<\/p>\n","protected":false},"excerpt":{"rendered":"1 &#8211; Troisi\u00e8me gare fran\u00e7aise hors \u00cele-de-France La gare de Strasbourg, avec ses 24,5\u00a0millions de voyageurs en 2024,&hellip;\n","protected":false},"author":2,"featured_media":251770,"comment_status":"","ping_status":"","sticky":false,"template":"","format":"standard","meta":{"footnotes":""},"categories":[2820],"tags":[1111,11,3542,2880,1777,674,107,1011,27,775,12,25,640,2879,2803],"class_list":{"0":"post-251769","1":"post","2":"type-post","3":"status-publish","4":"format-standard","5":"has-post-thumbnail","7":"category-strasbourg","8":"tag-actu","9":"tag-actualites","10":"tag-circulation","11":"tag-edition-strasbourg","12":"tag-eu","13":"tag-europe","14":"tag-fil-info","15":"tag-fr","16":"tag-france","17":"tag-grand-est","18":"tag-news","19":"tag-republique-francaise","20":"tag-strasbourg","21":"tag-strasbourg-ville","22":"tag-transport"},"share_on_mastodon":{"url":"https:\/\/pubeurope.com\/@fr\/114864005054457076","error":""},"_links":{"self":[{"href":"https:\/\/www.europesays.com\/fr\/wp-json\/wp\/v2\/posts\/251769","targetHints":{"allow":["GET"]}}],"collection":[{"href":"https:\/\/www.europesays.com\/fr\/wp-json\/wp\/v2\/posts"}],"about":[{"href":"https:\/\/www.europesays.com\/fr\/wp-json\/wp\/v2\/types\/post"}],"author":[{"embeddable":true,"href":"https:\/\/www.europesays.com\/fr\/wp-json\/wp\/v2\/users\/2"}],"replies":[{"embeddable":true,"href":"https:\/\/www.europesays.com\/fr\/wp-json\/wp\/v2\/comments?post=251769"}],"version-history":[{"count":0,"href":"https:\/\/www.europesays.com\/fr\/wp-json\/wp\/v2\/posts\/251769\/revisions"}],"wp:featuredmedia":[{"embeddable":true,"href":"https:\/\/www.europesays.com\/fr\/wp-json\/wp\/v2\/media\/251770"}],"wp:attachment":[{"href":"https:\/\/www.europesays.com\/fr\/wp-json\/wp\/v2\/media?parent=251769"}],"wp:term":[{"taxonomy":"category","embeddable":true,"href":"https:\/\/www.europesays.com\/fr\/wp-json\/wp\/v2\/categories?post=251769"},{"taxonomy":"post_tag","embeddable":true,"href":"https:\/\/www.europesays.com\/fr\/wp-json\/wp\/v2\/tags?post=251769"}],"curies":[{"name":"wp","href":"https:\/\/api.w.org\/{rel}","templated":true}]}}