{"id":251776,"date":"2025-07-16T17:09:10","date_gmt":"2025-07-16T17:09:10","guid":{"rendered":"https:\/\/www.europesays.com\/fr\/251776\/"},"modified":"2025-07-16T17:09:10","modified_gmt":"2025-07-16T17:09:10","slug":"a-nantes-un-medecin-condamne-a-deux-ans-de-sursis-pour-delivrance-illegale-dopiaces","status":"publish","type":"post","link":"https:\/\/www.europesays.com\/fr\/251776\/","title":{"rendered":"\u00c0 Nantes, un m\u00e9decin condamn\u00e9 \u00e0 deux ans de sursis pour d\u00e9livrance ill\u00e9gale d\u2019opiac\u00e9s"},"content":{"rendered":"<p>Ce m\u00e9decin g\u00e9n\u00e9raliste nantais de 62 ans, \u00e0 l\u2019allure fr\u00eale, flotte dans son blouson beige. Il a \u00f4t\u00e9 son chapeau. Il n\u2019est pas \u00e0 son aise, si loin de son cabinet m\u00e9dical. En guise de salle d\u2019attente, ce mercredi 16 juillet 2025, il a derri\u00e8re lui la grande salle correctionnelle du tribunal judiciaire de Nantes. Le pr\u00e9sident du conseil de l\u2019ordre des m\u00e9decins de Loire-Atlantique, une repr\u00e9sentante de la CPAM et nombre d\u2019avocats y ont pris place.<\/p>\n<p>Ce docteur, \u00e9tabli en lib\u00e9ral depuis l\u2019an 2000 dans le quartier de la Beaujoire, a \u00e9t\u00e9 identifi\u00e9 <a href=\"https:\/\/www.letelegramme.fr\/loire-atlantique\/nantes-44000\/un-medecin-nantais-bientot-juge-pour-prescription-illegale-dun-psychotrope-6705928.php\" rel=\"nofollow noopener\" target=\"_blank\">comme le plus grand prescripteur de pr\u00e9gabaline des Pays de la Loire.<\/a> Cette substance, d\u00e9livr\u00e9e sous la marque m\u00e9dicamenteuse Lyrica, est un puissant psychotrope, utilis\u00e9 dans le traitement des douleurs neuropathiques et des crises d\u2019\u00e9pilepsie. Cent six patients ont b\u00e9n\u00e9fici\u00e9 de ses ordonnances, de complaisance, ou falsifi\u00e9es. Une enqu\u00eate de gendarmerie est d\u00e9clench\u00e9e en juin 2023. Les premi\u00e8res investigations identifient d\u2019embl\u00e9e 73 patients, dont la moyenne d\u2019\u00e2ge est de 35 ans. Plusieurs sont sans pathologie, et sans adresse.<\/p>\n<p>\u00ab\u00a0Prot\u00e9ger mon int\u00e9grit\u00e9 physique\u00a0\u00bb<\/p>\n<p>Le m\u00e9decin traitant est interpell\u00e9 le 16 juillet 2024. La perquisition au sein de son cabinet met au jour des monticules de dossiers, rang\u00e9s de mani\u00e8re anarchique. Pas d\u2019ordinateur, ni secr\u00e9taire, ce docteur exerce seul, \u00ab\u00a0dans un bazar g\u00e9n\u00e9ralis\u00e9\u00a0\u00bb, dira le procureur. \u00ab\u00a0Un m\u00e9decin d\u00e9pass\u00e9 par son m\u00e9tier\u00a0!\u00a0\u00bb, rebondit l\u2019avocat de la d\u00e9fense. \u00c0 la barre, le pr\u00e9venu d\u00e9crit sa patient\u00e8le de 1\u200a285 personnes, et une quarantaine de consultations quotidiennes, \u00ab\u00a0de 9\u200ah \u00e0 20\u200ah 30, 21\u200ah\u00a0\u00bb, parmi lesquelles s\u2019infiltraient des toxicomanes. \u00ab\u00a0Ils venaient dans ma salle d\u2019attente. Je me retrouvais face \u00e0 eux. Ils sont en \u00e9tat de manque. Je fais la prescription pour prot\u00e9ger mon int\u00e9grit\u00e9 physique.\u00a0\u00bb<\/p>\n<p>Le pr\u00e9venu \u00e9voque aussi sa conviction que, face \u00e0 ce probl\u00e8me de sant\u00e9 publique, il lui fallait prescrire, pour pallier le peu de places dans le service d\u2019addictologie du CHU. \u00ab\u00a0\u00c7a fait 30 ans que j\u2019exerce, pour me retrouver face \u00e0 des toxicomanes mena\u00e7ants. Je me serais bien pass\u00e9 de cette patient\u00e8le\u2026\u00a0\u00bb Mais pourquoi n\u2019avoir jamais appel\u00e9 la police, ou le conseil de l\u2019Ordre\u00a0? \u00ab\u00a0J\u2019\u00e9tais menac\u00e9\u2026 Je n\u2019ai pas su comment faire pour appeler \u00e0 l\u2019aide. J\u2019\u00e9tais d\u00e9muni\u00a0\u00bb, r\u00e9pond-il \u00e0 la pr\u00e9sidente.<\/p>\n<p>\u00ab\u00a0En voulant faire le bien, il a fait n\u2019importe quoi\u00a0\u00bb<\/p>\n<p>\u00ab\u00a0\u00c9lectron libre, pratique d\u00e9voy\u00e9e\u00a0\u00bb, tance l\u2019avocat du conseil de l\u2019Ordre, qui s\u2019est constitu\u00e9 partie civile. Il rappelle qu\u2019il est arriv\u00e9 au pr\u00e9venu de prescrire \u00e0 une m\u00eame personne jusqu\u2019\u00e0 deux fois le seuil maximal &#8211; \u00ab\u00a0soit une dose l\u00e9tale\u00a0\u00bb &#8211; et demande un euro de dommages et int\u00e9r\u00eats. Le procureur lui reconna\u00eet l\u2019amour de son m\u00e9tier mais \u00ab\u00a0en voulant faire le bien, il a fait n\u2019importe quoi. Il repr\u00e9sente un v\u00e9ritable danger pour autrui\u00a0\u00bb. Il requiert deux ans d\u2019emprisonnement avec sursis, 80\u00a0000 euros d\u2019amende et une interdiction d\u2019exercer pendant cinq ans, soit la p\u00e9riode qui le s\u00e9pare de la retraite. Le tribunal a suivi les r\u00e9quisitions, r\u00e9duisant n\u00e9anmoins l\u2019amende \u00e0 50\u00a0000 euros.<\/p>\n","protected":false},"excerpt":{"rendered":"Ce m\u00e9decin g\u00e9n\u00e9raliste nantais de 62 ans, \u00e0 l\u2019allure fr\u00eale, flotte dans son blouson beige. Il a \u00f4t\u00e9&hellip;\n","protected":false},"author":2,"featured_media":251777,"comment_status":"","ping_status":"","sticky":false,"template":"","format":"standard","meta":{"footnotes":""},"categories":[2818],"tags":[1111,11,829,765,1777,674,1011,27,303,766,12,2636,25],"class_list":{"0":"post-251776","1":"post","2":"type-post","3":"status-publish","4":"format-standard","5":"has-post-thumbnail","7":"category-nantes","8":"tag-actu","9":"tag-actualites","10":"tag-bretagne","11":"tag-en-continu","12":"tag-eu","13":"tag-europe","14":"tag-fr","15":"tag-france","16":"tag-justice","17":"tag-nantes","18":"tag-news","19":"tag-pays-de-la-loire","20":"tag-republique-francaise"},"share_on_mastodon":{"url":"https:\/\/pubeurope.com\/@fr\/114864020865585838","error":""},"_links":{"self":[{"href":"https:\/\/www.europesays.com\/fr\/wp-json\/wp\/v2\/posts\/251776","targetHints":{"allow":["GET"]}}],"collection":[{"href":"https:\/\/www.europesays.com\/fr\/wp-json\/wp\/v2\/posts"}],"about":[{"href":"https:\/\/www.europesays.com\/fr\/wp-json\/wp\/v2\/types\/post"}],"author":[{"embeddable":true,"href":"https:\/\/www.europesays.com\/fr\/wp-json\/wp\/v2\/users\/2"}],"replies":[{"embeddable":true,"href":"https:\/\/www.europesays.com\/fr\/wp-json\/wp\/v2\/comments?post=251776"}],"version-history":[{"count":0,"href":"https:\/\/www.europesays.com\/fr\/wp-json\/wp\/v2\/posts\/251776\/revisions"}],"wp:featuredmedia":[{"embeddable":true,"href":"https:\/\/www.europesays.com\/fr\/wp-json\/wp\/v2\/media\/251777"}],"wp:attachment":[{"href":"https:\/\/www.europesays.com\/fr\/wp-json\/wp\/v2\/media?parent=251776"}],"wp:term":[{"taxonomy":"category","embeddable":true,"href":"https:\/\/www.europesays.com\/fr\/wp-json\/wp\/v2\/categories?post=251776"},{"taxonomy":"post_tag","embeddable":true,"href":"https:\/\/www.europesays.com\/fr\/wp-json\/wp\/v2\/tags?post=251776"}],"curies":[{"name":"wp","href":"https:\/\/api.w.org\/{rel}","templated":true}]}}