{"id":25178,"date":"2025-04-14T20:56:08","date_gmt":"2025-04-14T20:56:08","guid":{"rendered":"https:\/\/www.europesays.com\/fr\/25178\/"},"modified":"2025-04-14T20:56:08","modified_gmt":"2025-04-14T20:56:08","slug":"six-ans-apres-le-drame-laffaire-emiliano-sala-hante-encore-le-fc-nantes","status":"publish","type":"post","link":"https:\/\/www.europesays.com\/fr\/25178\/","title":{"rendered":"Six ans apr\u00e8s le drame, l\u2019affaire Emiliano Sala hante encore le FC Nantes"},"content":{"rendered":"<p>Une nouvelle audience est pr\u00e9vue lundi devant le tribunal de commerce de Nantes concernant la mort d\u2019Emiliano Sala. Le club de Cardiff r\u00e9clame une somme colossale aux Canaris.<\/p>\n<p class=\"fig-paragraph\">C\u2019est un mauvais feuilleton auquel toutes les parties aimeraient mettre un terme. Mais l\u2019une d\u2019entre elles s\u2019estime l\u00e9s\u00e9e, sportivement et surtout financi\u00e8rement, et refuse de passer \u00e0 autre chose. Le Cardiff City FC a assign\u00e9 le FC Nantes\u00a0<a href=\"http:\/\/www.lefigaro.fr\/sports\/football\/ligue-1\/mort-d-emiliano-sala-cardiff-ne-desarme-pas-et-reclame-une-fortune-au-fc-nantes-20230515\" data-fig-type=\"NewsFlash\" data-gtm-custom-categorie=\"navigation\" data-gtm-custom-action=\"crossclick\" data-gtm-custom-label=\"Contextuel\" data-gtm-event=\"customEventSPE\" data-fig-domain=\"LEFIGARO\" target=\"_blank\" rel=\"noopener\">devant la juridiction commerciale en mai 2023<\/a>. Le club de football gallois, qui \u00e9volue en Championship (2e division anglaise), accuse son homologue fran\u00e7ais d\u2019avoir une part de responsabilit\u00e9 dans l\u2019accident d\u2019avion qui a entra\u00een\u00e9 la mort du pilote David Ibbotson et du footballeur Emiliano Sala, que Cardiff\u00a0<a href=\"https:\/\/www.lefigaro.fr\/sports\/football\/transferts\/fil-info\/sala-a-cardiff-officiel-941423\" data-fig-type=\"NewsFlash\" data-gtm-custom-categorie=\"navigation\" data-gtm-custom-action=\"crossclick\" data-gtm-custom-label=\"Contextuel\" data-gtm-event=\"customEventSPE\" data-fig-domain=\"LEFIGARO\" target=\"_blank\" rel=\"noopener\">venait d\u2019acheter \u00e0 Nantes pour 17 millions d\u2019euros<\/a>, en janvier 2019.<\/p>\n<p class=\"fig-paragraph\">Six ans et trois mois plus tard, Mehmet Dalman a la rancune tenace. Et pour cause, le club qu\u2019il pr\u00e9side depuis 2013 \u00abva mal, l\u2019atmosph\u00e8re est tendue\u00bb, conc\u00e8de-t-il sans d\u00e9tour au Figaro. La mine ombrageuse, le regard per\u00e7ant, l\u2019investisseur chyprio-britannique de 67 ans est nostalgique de cette \u00e9poque avant le drame. Cardiff \u00e9voluait alors dans la prestigieuse Premier League. Le club\u2026<\/p>\n<p class=\"fig-premium-paywall__infos\">\n        Cet article est r\u00e9serv\u00e9 aux abonn\u00e9s.        Il vous reste 88% \u00e0 d\u00e9couvrir.\n    <\/p>\n<p>                <img  data- alt=\"Le Figaro\" class=\"fig-img--complete fig-img\"\/><\/p>\n<p class=\"fig-premium-paywall__title\">Vous avez envie de lire la suite ?<\/p>\n<p class=\"fig-premium-paywall__subtitle\">D\u00e9bloquez tous les articles imm\u00e9diatement.<\/p>\n<p class=\"fig-premium-paywall__connect\">\n                D\u00e9j\u00e0 abonn\u00e9\u00a0?                <a class=\"fig-premium-paywall__connect-link\" href=\"https:\/\/connect.lefigaro.fr\/login?client=horizon_web&amp;type=main&amp;redirect_uri=https%3A%2F%2Fwww.lefigaro.fr%2Fsports%2Ffootball%2Fligue-1%2Fsix-ans-apres-le-drame-l-affaire-emiliano-sala-hante-encore-le-fc-nantes-20250414\" data-js-gtm=\"{&quot;customCategorie&quot;: &quot;conversion&quot;, &quot;customAction&quot;: &quot;before_Landing_Connexion_paywall_auto&quot;, &quot;customLabel&quot;: &quot;bGVmaWdhcm8uZnJfXzFmMDE4N2NiLTkwNmYtNmE1MC1hOTAyLTM3MDA5ZWE2YjkzZF9fTmV3c0ZsYXNo_Six ans apr\u00e8s le drame, l\u2019affaire Emiliano Sala hante encore le FC Nantes_383&quot;, &quot;customIDSPE&quot;: &quot;bGVmaWdhcm8uZnJfXzFmMDE4N2NiLTkwNmYtNmE1MC1hOTAyLTM3MDA5ZWE2YjkzZF9fTmV3c0ZsYXNo&quot;, &quot;event&quot;: &quot;customEventSPE&quot;}\" target=\"_blank\" rel=\"noopener\"><br \/>\n                    Connectez-vous<br \/>\n                <\/a>\n            <\/p>\n","protected":false},"excerpt":{"rendered":"Une nouvelle audience est pr\u00e9vue lundi devant le tribunal de commerce de Nantes concernant la mort d\u2019Emiliano Sala.&hellip;\n","protected":false},"author":2,"featured_media":25179,"comment_status":"","ping_status":"","sticky":false,"template":"","format":"standard","meta":{"footnotes":""},"categories":[9],"tags":[525,9056,1981,814,462,2257,63,1011,27,3309,66,1307,955,766,1176,978,93,1980,60],"class_list":{"0":"post-25178","1":"post","2":"type-post","3":"status-publish","4":"format-standard","5":"has-post-thumbnail","7":"category-sports","8":"tag-calendrier","9":"tag-cardiff","10":"tag-classement","11":"tag-direct","12":"tag-fc-nantes","13":"tag-foot","14":"tag-football","15":"tag-fr","16":"tag-france","17":"tag-l1","18":"tag-ligue-1","19":"tag-lille","20":"tag-match","21":"tag-nantes","22":"tag-olympique-de-marseille","23":"tag-olympique-lyonnais","24":"tag-psg","25":"tag-resultats","26":"tag-sports"},"share_on_mastodon":{"url":"https:\/\/pubeurope.com\/@fr\/114338318448373827","error":""},"_links":{"self":[{"href":"https:\/\/www.europesays.com\/fr\/wp-json\/wp\/v2\/posts\/25178","targetHints":{"allow":["GET"]}}],"collection":[{"href":"https:\/\/www.europesays.com\/fr\/wp-json\/wp\/v2\/posts"}],"about":[{"href":"https:\/\/www.europesays.com\/fr\/wp-json\/wp\/v2\/types\/post"}],"author":[{"embeddable":true,"href":"https:\/\/www.europesays.com\/fr\/wp-json\/wp\/v2\/users\/2"}],"replies":[{"embeddable":true,"href":"https:\/\/www.europesays.com\/fr\/wp-json\/wp\/v2\/comments?post=25178"}],"version-history":[{"count":0,"href":"https:\/\/www.europesays.com\/fr\/wp-json\/wp\/v2\/posts\/25178\/revisions"}],"wp:featuredmedia":[{"embeddable":true,"href":"https:\/\/www.europesays.com\/fr\/wp-json\/wp\/v2\/media\/25179"}],"wp:attachment":[{"href":"https:\/\/www.europesays.com\/fr\/wp-json\/wp\/v2\/media?parent=25178"}],"wp:term":[{"taxonomy":"category","embeddable":true,"href":"https:\/\/www.europesays.com\/fr\/wp-json\/wp\/v2\/categories?post=25178"},{"taxonomy":"post_tag","embeddable":true,"href":"https:\/\/www.europesays.com\/fr\/wp-json\/wp\/v2\/tags?post=25178"}],"curies":[{"name":"wp","href":"https:\/\/api.w.org\/{rel}","templated":true}]}}