{"id":251782,"date":"2025-07-16T17:12:12","date_gmt":"2025-07-16T17:12:12","guid":{"rendered":"https:\/\/www.europesays.com\/fr\/251782\/"},"modified":"2025-07-16T17:12:12","modified_gmt":"2025-07-16T17:12:12","slug":"une-nouvelle-ligne-vient-de-voir-le-jour-pour-passer-lhiver-au-soleil","status":"publish","type":"post","link":"https:\/\/www.europesays.com\/fr\/251782\/","title":{"rendered":"une nouvelle ligne vient de voir le jour pour passer l&rsquo;hiver au soleil"},"content":{"rendered":"<p>            Par<br \/>\n        <strong><br \/>\n            <a href=\"https:\/\/actu.fr\/auteur\/redaction-bordeaux\" title=\"Consulter tous les articles de R\u00e9daction Bordeaux\" target=\"_blank\" rel=\"noopener\">R\u00e9daction Bordeaux<\/a><br \/>\n        <\/strong><\/p>\n<p>        Publi\u00e9 le<\/p>\n<p>            16 juil. 2025 \u00e0 18h03        <\/p>\n<p>Pour prolonger l\u2019\u00e9t\u00e9, m\u00eame en hiver, <a href=\"https:\/\/actu.fr\/auvergne-rhone-alpes\/lyon_69123\/transavia-perd-leurs-valises-le-voyage-intolerable-de-ces-lyonnais-on-est-au-senegal-sans-rien_62735421.html\" target=\"_blank\" rel=\"noopener\">Transavia France<\/a> vient d\u2019annoncer l\u2019ouverture d\u2019une nouvelle ligne au d\u00e9part de<a href=\"https:\/\/actu.fr\/tag\/aeroport-de-bordeaux\" target=\"_blank\" rel=\"noopener\"> l\u2019a\u00e9roport de Bordeaux-M\u00e9rignac<\/a>, \u00e0 destination de <strong>Las Palmas de Gran Canaria<\/strong>, dans les \u00eeles Canaries. La compagnie low-cost pr\u00e9voit un premier vol le 20\u00a0d\u00e9cembre 2025. Sur son site,<a href=\"https:\/\/www.transavia.com\/fr-fr\/book-a-flight\/calendar\/viewcalendar\/?ds=BOD&amp;as=LPA&amp;om=1&amp;oy=2026&amp;im=1&amp;iy=2026&amp;r=True\" target=\"_blank\" rel=\"noopener\"> le billet est affich\u00e9 \u00e0 241\u00a0euros<\/a>.<\/p>\n<p>    <a href=\"https:\/\/www.facebook.com\/plugins\/post.php?href=https%3A%2F%2Fwww.facebook.com%2Fphoto.php%3Ffbid%3D1138661544956023%26set%3Da.633948625427320%26type%3D3&amp;show_text=true&amp;width=350\" title=\"Ouvrie le lien\" target=\"_blank\" rel=\"noopener\">Cliquez ici pour visualiser le contenu<\/a><\/p>\n<p>Six destinations vers les \u00eeles Canaries depuis Bordeaux<\/p>\n<p class=\" wall-content\">Au moment de son lancement, la compagnie a\u00e9rienne propose des billets compris entre 82 et 241\u00a0euros pour un aller simple. <strong>Un tarif interm\u00e9diaire est fix\u00e9 \u00e0 95\u00a0euros<\/strong>. Les vols sont assur\u00e9s uniquement le samedi qu\u2019ils soient au d\u00e9part de Bordeaux ou de Las Palmas de Gran Canaria. Les ventes sont disponibles depuis ce jeudi 16 juillet et le dernier vol sera le 28 mars.<\/p>\n<p class=\" wall-content\">Avec cette nouvelle liaison, l\u2019a\u00e9roport de Bordeaux porte d\u00e9sormais \u00e0 <strong>six le nombre de ses destinations hivernales vers les \u00eeles Canaries<\/strong>\u2009: Fuerteventura, Lanzarote, Tenerife et, d\u00e9sormais, Gran Canaria.<\/p>\n<p class=\" wall-content\">Suivez toute l\u2019actualit\u00e9 de vos villes et m\u00e9dias favoris en vous inscrivant \u00e0 <a href=\"https:\/\/moncompte.actu.fr\" title=\"D\u00e9couvez Mon Actu\" rel=\"nofollow noopener\" data-trk=\"{&quot;cta&quot;:{&quot;action&quot;:&quot;https:\\\/\\\/moncompte.actu.fr&quot;,&quot;category&quot;:&quot;mon compte&quot;,&quot;from&quot;:&quot;article footer&quot;,&quot;name&quot;:&quot;Mon actu&quot;,&quot;type&quot;:&quot;cta&quot;}}\" target=\"_blank\">Mon Actu<\/a>.<\/p>\n<ul class=\"ac-article-tag wall-content\">\n<li><a href=\"https:\/\/actu.fr\/tag\/aeroport-de-bordeaux\" data-trk=\"{&quot;cta&quot;:{&quot;action&quot;:&quot;A\\u00e9roport de Bordeaux&quot;,&quot;category&quot;:&quot;tag&quot;,&quot;from&quot;:&quot;article footer&quot;,&quot;name&quot;:&quot;A\\u00e9roport de Bordeaux&quot;,&quot;type&quot;:&quot;cta&quot;}}\" target=\"_blank\" rel=\"noopener\">#A\u00e9roport de Bordeaux<\/a><\/li>\n<li><a href=\"https:\/\/actu.fr\/tag\/voyage\" data-trk=\"{&quot;cta&quot;:{&quot;action&quot;:&quot;Voyage&quot;,&quot;category&quot;:&quot;tag&quot;,&quot;from&quot;:&quot;article footer&quot;,&quot;name&quot;:&quot;Voyage&quot;,&quot;type&quot;:&quot;cta&quot;}}\" target=\"_blank\" rel=\"noopener\">#Voyage<\/a><\/li>\n<\/ul>\n","protected":false},"excerpt":{"rendered":"Par R\u00e9daction Bordeaux Publi\u00e9 le 16 juil. 2025 \u00e0 18h03 Pour prolonger l\u2019\u00e9t\u00e9, m\u00eame en hiver, Transavia France&hellip;\n","protected":false},"author":2,"featured_media":251783,"comment_status":"","ping_status":"","sticky":false,"template":"","format":"standard","meta":{"footnotes":""},"categories":[2817],"tags":[1111,11,7058,1997,1777,674,1011,27,12,2219,25,104,586],"class_list":{"0":"post-251782","1":"post","2":"type-post","3":"status-publish","4":"format-standard","5":"has-post-thumbnail","7":"category-bordeaux","8":"tag-actu","9":"tag-actualites","10":"tag-aeroport-de-bordeaux","11":"tag-bordeaux","12":"tag-eu","13":"tag-europe","14":"tag-fr","15":"tag-france","16":"tag-news","17":"tag-nouvelle-aquitaine","18":"tag-republique-francaise","19":"tag-societe","20":"tag-voyage"},"share_on_mastodon":{"url":"https:\/\/pubeurope.com\/@fr\/114864032582935167","error":""},"_links":{"self":[{"href":"https:\/\/www.europesays.com\/fr\/wp-json\/wp\/v2\/posts\/251782","targetHints":{"allow":["GET"]}}],"collection":[{"href":"https:\/\/www.europesays.com\/fr\/wp-json\/wp\/v2\/posts"}],"about":[{"href":"https:\/\/www.europesays.com\/fr\/wp-json\/wp\/v2\/types\/post"}],"author":[{"embeddable":true,"href":"https:\/\/www.europesays.com\/fr\/wp-json\/wp\/v2\/users\/2"}],"replies":[{"embeddable":true,"href":"https:\/\/www.europesays.com\/fr\/wp-json\/wp\/v2\/comments?post=251782"}],"version-history":[{"count":0,"href":"https:\/\/www.europesays.com\/fr\/wp-json\/wp\/v2\/posts\/251782\/revisions"}],"wp:featuredmedia":[{"embeddable":true,"href":"https:\/\/www.europesays.com\/fr\/wp-json\/wp\/v2\/media\/251783"}],"wp:attachment":[{"href":"https:\/\/www.europesays.com\/fr\/wp-json\/wp\/v2\/media?parent=251782"}],"wp:term":[{"taxonomy":"category","embeddable":true,"href":"https:\/\/www.europesays.com\/fr\/wp-json\/wp\/v2\/categories?post=251782"},{"taxonomy":"post_tag","embeddable":true,"href":"https:\/\/www.europesays.com\/fr\/wp-json\/wp\/v2\/tags?post=251782"}],"curies":[{"name":"wp","href":"https:\/\/api.w.org\/{rel}","templated":true}]}}