{"id":251790,"date":"2025-07-16T17:16:12","date_gmt":"2025-07-16T17:16:12","guid":{"rendered":"https:\/\/www.europesays.com\/fr\/251790\/"},"modified":"2025-07-16T17:16:12","modified_gmt":"2025-07-16T17:16:12","slug":"lille-un-nourrisson-decede-a-la-maternite-sa-famille-denonce-le-comportement-dun-enfant-visiteur","status":"publish","type":"post","link":"https:\/\/www.europesays.com\/fr\/251790\/","title":{"rendered":"Lille : un nourrisson d\u00e9c\u00e8de \u00e0 la maternit\u00e9, sa famille d\u00e9nonce le comportement d&rsquo;un enfant visiteur"},"content":{"rendered":"<ul class=\"jsx-862013697 ArticleChapo__List\">\n<li class=\"jsx-862013697 ArticleChapo__List_Item flex\">Une petite fille pr\u00e9matur\u00e9e \u00e2g\u00e9e de cinq jours est d\u00e9c\u00e9d\u00e9e mardi \u00e0 la maternit\u00e9 Jeanne-de-Flandre \u00e0 Lille (Nord) apr\u00e8s avoir \u00e9t\u00e9 retrouv\u00e9e inerte, au sol, dans une chambre de l&rsquo;unit\u00e9 de n\u00e9onatologie.<\/li>\n<li class=\"jsx-862013697 ArticleChapo__List_Item flex\">Une enqu\u00eate a \u00e9t\u00e9 ouverte pour \u00e9claircir les circonstances du drame, alors que la famille du b\u00e9b\u00e9 d\u00e9nonce le comportement d&rsquo;un enfant visiteur dans le service de n\u00e9onatologie.<\/li>\n<\/ul>\n<p data-module=\"article-paragraph\" class=\"jsx-3046738180 Paragraph Paragraph__End\">Le drame semble s&rsquo;\u00eatre nou\u00e9 \u00e0 l&rsquo;abri de tous les regards. \u00c0 la maternit\u00e9 Jeanne-de-Flandre, au sein du CHU de Lille (Nord), une petite fille \u00e2g\u00e9e de seulement cinq jours est d\u00e9c\u00e9d\u00e9e mardi 15 juillet, indique le parquet de Lille au service police-justice de TF1-LCI, confirmant une information de la presse locale et de l&rsquo;AFP. Le nourrisson, n\u00e9 \u00e0 sept mois et demi de grossesse, a \u00e9t\u00e9 retrouv\u00e9 inerte au sol, vendredi dernier, dans une chambre de soins de l\u2019unit\u00e9 de n\u00e9onatologie. \u00ab\u00a0De nombreuses investigations\u00a0\u00bb sont en cours pour \u00e9tablir les circonstances du drame, souligne le parquet, qui pr\u00e9cise qu&rsquo;une autopsie est pr\u00e9vue jeudi matin. Une enqu\u00eate a \u00e9t\u00e9 \u00a0ouverte pour \u00ab\u00a0violences sur mineur de 15 ans\u00a0\u00bb.<\/p>\n<p data-module=\"article-paragraph\" class=\"jsx-3046738180 Paragraph Paragraph__End\">Selon une source polici\u00e8re jointe par TF1 et LCI, le b\u00e9b\u00e9 pr\u00e9matur\u00e9 a \u00e9t\u00e9 retrouv\u00e9 inanim\u00e9 en fin de matin\u00e9e vendredi dernier. \u00ab\u00a0Un petit gar\u00e7on de 5-6 ans se promenait dans le service, voulait voir les b\u00e9b\u00e9s et il aurait fait tomber le nouveau-n\u00e9\u00a0\u00bb, explique-t-elle.<\/p>\n<p>\u00ab\u00a0Un \u00e9v\u00e8nement exceptionnel particuli\u00e8rement grave\u00a0\u00bb<\/p>\n<p data-module=\"article-paragraph\" class=\"jsx-3046738180 Paragraph Paragraph__End\">Le quotidien local <a href=\"https:\/\/www.lavoixdunord.fr\/1606995\/article\/2025-07-16\/ca-n-aurait-jamais-du-arriver-un-bebe-meurt-jeanne-de-flandres-apres-avoir-ete\" target=\"_blank\" rel=\"nofollow noopener\">La Voix du Nord (nouvelle fen\u00eatre)<\/a> s&rsquo;est entretenu avec les grands-parents, tr\u00e8s choqu\u00e9s, qui disent avoir \u00e9t\u00e9 re\u00e7us par la direction de l&rsquo;h\u00f4pital. Selon eux, le jeune gar\u00e7on suspect\u00e9 circulait tr\u00e8s r\u00e9guli\u00e8rement dans les couloirs. Il serait le fils d&rsquo;une autre maman prise en charge dans le service et le probl\u00e8me aurait \u00e9t\u00e9 remont\u00e9 au personnel soignant. \u00ab\u00a0Il semble qu\u2019il a voulu l\u2019attraper par la couche et qu\u2019elle est tomb\u00e9e sur la t\u00eate\u00a0\u00bb, explique la famille de la petite Zayneb-Cassandra. La cousine du p\u00e8re rapporte de son c\u00f4t\u00e9 aupr\u00e8s de France 3 qu&rsquo;elle a \u00e9t\u00e9 retrouv\u00e9e nue, au sol, le cr\u00e2ne ensanglant\u00e9.<\/p>\n<p><a href=\"https:\/\/www.tf1info.fr\/sante\/video-reportage-suspension-des-fermetures-des-petites-maternites-francaises-est-ce-vraiment-la-solution-contre-la-mortalite-infantile-2374364.html\" rel=\"noopener\" class=\"jsx-3308031228 Link flex\" target=\"_blank\"><img decoding=\"async\" src=\"https:\/\/www.europesays.com\/fr\/wp-content\/uploads\/2025\/07\/bebe-nourisson-nouveau-ne-illus-647dc3-0@1x.jpeg\" alt=\"iStock\/Narongrit Sritana\" loading=\"lazy\" importance=\"low\" fetchpriority=\"low\" class=\"\" aria-hidden=\"true\"\/><\/p>\n<p class=\"jsx-3657663356 ReadMoreArticle__Title\">Lire aussi<\/p>\n<p class=\"jsx-3657663356\">Suspension des fermetures des petites maternit\u00e9s fran\u00e7aises : est-ce vraiment la solution contre la mortalit\u00e9 infantile ?  <\/p>\n<p><\/a><\/p>\n<p data-module=\"article-paragraph\" class=\"jsx-3046738180 Paragraph\">\u00ab\u00a0Un \u00e9v\u00e8nement exceptionnel particuli\u00e8rement grave et bouleversant, non li\u00e9 aux soins mais survenu au sein des locaux de l&rsquo;h\u00f4pital Jeanne-de-Flandre, s&rsquo;est produit vendredi 11 juillet en fin de matin\u00e9e, dans l&rsquo;unit\u00e9 de soins courants de n\u00e9onatologie, mettant imm\u00e9diatement en jeu l&rsquo;\u00e9tat de sant\u00e9 et le pronostic d&rsquo;une enfant hospitalis\u00e9e\u00a0\u00bb, a confirm\u00e9 le CHU dans un communiqu\u00e9 de presse ce mercredi. \u00ab\u00a0Malgr\u00e9 tous les efforts des \u00e9quipes de r\u00e9animation engag\u00e9s aussit\u00f4t et men\u00e9s depuis lors, l&rsquo;enfant n&rsquo;a malheureusement pas pu \u00eatre sauv\u00e9e\u00a0\u00bb, poursuit le communiqu\u00e9. L&rsquo;h\u00f4pital assure que \u00ab\u00a0des mesures de stricte limitation des visites au sein des unit\u00e9s de n\u00e9onatologie du CHU de Lille ont \u00e9t\u00e9 prises \u00e0 titre conservatoire\u00a0\u00bb, et qu&rsquo;une enqu\u00eate administrative interne a \u00e9t\u00e9 lanc\u00e9e.\u00a0<\/p>\n<p data-module=\"article-paragraph\" class=\"jsx-3046738180 Paragraph Paragraph__End\">La brigade des mineurs de la police judiciaire de Lille a \u00e9t\u00e9 saisie et est charg\u00e9e des investigations. L&rsquo;enfant suspect\u00e9 va \u00eatre auditionn\u00e9 mais, pour rappel, il ne peut pas \u00eatre plac\u00e9 en garde \u00e0 vue en raison de son tr\u00e8s jeune \u00e2ge. Il ne pourra pas non plus \u00eatre poursuivi p\u00e9nalement. En revanche, les proches du b\u00e9b\u00e9 qui a perdu la vie peuvent entamer des poursuites contre ses parents ou autres responsables l\u00e9gaux, ainsi que l&rsquo;h\u00f4pital qui \u00e9tait alors en charge de la s\u00e9curit\u00e9 physique du nouveau-n\u00e9.<\/p>\n<p>Zo\u00e9 SAMIN avec le service police-justice de TF1-LCI<\/p>\n","protected":false},"excerpt":{"rendered":"Une petite fille pr\u00e9matur\u00e9e \u00e2g\u00e9e de cinq jours est d\u00e9c\u00e9d\u00e9e mardi \u00e0 la maternit\u00e9 Jeanne-de-Flandre \u00e0 Lille (Nord)&hellip;\n","protected":false},"author":2,"featured_media":251791,"comment_status":"","ping_status":"","sticky":false,"template":"","format":"standard","meta":{"footnotes":""},"categories":[2815],"tags":[3085,1111,11,1921,1777,674,6017,1011,27,811,1922,2954,1307,224,12,1072,25,133,2953],"class_list":{"0":"post-251790","1":"post","2":"type-post","3":"status-publish","4":"format-standard","5":"has-post-thumbnail","7":"category-lille","8":"tag-accidents","9":"tag-actu","10":"tag-actualites","11":"tag-article-video","12":"tag-eu","13":"tag-europe","14":"tag-fait-divers","15":"tag-fr","16":"tag-france","17":"tag-hauts-de-france","18":"tag-info","19":"tag-justice-et-faits-divers","20":"tag-lille","21":"tag-medecine","22":"tag-news","23":"tag-police","24":"tag-republique-francaise","25":"tag-video","26":"tag-video-police"},"share_on_mastodon":{"url":"https:\/\/pubeurope.com\/@fr\/114864048323921982","error":""},"_links":{"self":[{"href":"https:\/\/www.europesays.com\/fr\/wp-json\/wp\/v2\/posts\/251790","targetHints":{"allow":["GET"]}}],"collection":[{"href":"https:\/\/www.europesays.com\/fr\/wp-json\/wp\/v2\/posts"}],"about":[{"href":"https:\/\/www.europesays.com\/fr\/wp-json\/wp\/v2\/types\/post"}],"author":[{"embeddable":true,"href":"https:\/\/www.europesays.com\/fr\/wp-json\/wp\/v2\/users\/2"}],"replies":[{"embeddable":true,"href":"https:\/\/www.europesays.com\/fr\/wp-json\/wp\/v2\/comments?post=251790"}],"version-history":[{"count":0,"href":"https:\/\/www.europesays.com\/fr\/wp-json\/wp\/v2\/posts\/251790\/revisions"}],"wp:featuredmedia":[{"embeddable":true,"href":"https:\/\/www.europesays.com\/fr\/wp-json\/wp\/v2\/media\/251791"}],"wp:attachment":[{"href":"https:\/\/www.europesays.com\/fr\/wp-json\/wp\/v2\/media?parent=251790"}],"wp:term":[{"taxonomy":"category","embeddable":true,"href":"https:\/\/www.europesays.com\/fr\/wp-json\/wp\/v2\/categories?post=251790"},{"taxonomy":"post_tag","embeddable":true,"href":"https:\/\/www.europesays.com\/fr\/wp-json\/wp\/v2\/tags?post=251790"}],"curies":[{"name":"wp","href":"https:\/\/api.w.org\/{rel}","templated":true}]}}