{"id":251792,"date":"2025-07-16T17:17:10","date_gmt":"2025-07-16T17:17:10","guid":{"rendered":"https:\/\/www.europesays.com\/fr\/251792\/"},"modified":"2025-07-16T17:17:10","modified_gmt":"2025-07-16T17:17:10","slug":"le-pari-ecolo-de-picadeli-et-koovee","status":"publish","type":"post","link":"https:\/\/www.europesays.com\/fr\/251792\/","title":{"rendered":"le pari \u00e9colo de Picadeli et Koovee"},"content":{"rendered":"<p>Chez Picadeli, l\u2019id\u00e9e est limpide\u00a0: permettre \u00e0 chacun de composer sa salade sur-mesure, rapidement, \u00e0 prix accessible, tout en garantissant fra\u00eecheur et qualit\u00e9. Le mod\u00e8le repose sur des bars \u00e0 salades en libre-service, install\u00e9s dans les grandes surfaces (Carrefour, Monoprix, Intermarch\u00e9, Auchan\u2026), mais aussi dans des lieux de passage comme les a\u00e9roports, les gares, les h\u00f4pitaux ou encore les aires d\u2019autoroute.<\/p>\n","protected":false},"excerpt":{"rendered":"Chez Picadeli, l\u2019id\u00e9e est limpide\u00a0: permettre \u00e0 chacun de composer sa salade sur-mesure, rapidement, \u00e0 prix accessible, tout&hellip;\n","protected":false},"author":2,"featured_media":251793,"comment_status":"","ping_status":"","sticky":false,"template":"","format":"standard","meta":{"footnotes":""},"categories":[2814],"tags":[17,1111,11,8180,33,1777,674,39204,1011,27,39206,26653,884,12,27425,39205,882,25,39203],"class_list":{"0":"post-251792","1":"post","2":"type-post","3":"status-publish","4":"format-standard","5":"has-post-thumbnail","7":"category-marseille","8":"tag-17","9":"tag-actu","10":"tag-actualites","11":"tag-ecolo","12":"tag-economie","13":"tag-eu","14":"tag-europe","15":"tag-fourchette","16":"tag-fr","17":"tag-france","18":"tag-koovee","19":"tag-manger","20":"tag-marseille","21":"tag-news","22":"tag-pari","23":"tag-picadeli","24":"tag-provence-alpes-cote-dazur","25":"tag-republique-francaise","26":"tag-salade"},"share_on_mastodon":{"url":"https:\/\/pubeurope.com\/@fr\/114864052309722936","error":""},"_links":{"self":[{"href":"https:\/\/www.europesays.com\/fr\/wp-json\/wp\/v2\/posts\/251792","targetHints":{"allow":["GET"]}}],"collection":[{"href":"https:\/\/www.europesays.com\/fr\/wp-json\/wp\/v2\/posts"}],"about":[{"href":"https:\/\/www.europesays.com\/fr\/wp-json\/wp\/v2\/types\/post"}],"author":[{"embeddable":true,"href":"https:\/\/www.europesays.com\/fr\/wp-json\/wp\/v2\/users\/2"}],"replies":[{"embeddable":true,"href":"https:\/\/www.europesays.com\/fr\/wp-json\/wp\/v2\/comments?post=251792"}],"version-history":[{"count":0,"href":"https:\/\/www.europesays.com\/fr\/wp-json\/wp\/v2\/posts\/251792\/revisions"}],"wp:featuredmedia":[{"embeddable":true,"href":"https:\/\/www.europesays.com\/fr\/wp-json\/wp\/v2\/media\/251793"}],"wp:attachment":[{"href":"https:\/\/www.europesays.com\/fr\/wp-json\/wp\/v2\/media?parent=251792"}],"wp:term":[{"taxonomy":"category","embeddable":true,"href":"https:\/\/www.europesays.com\/fr\/wp-json\/wp\/v2\/categories?post=251792"},{"taxonomy":"post_tag","embeddable":true,"href":"https:\/\/www.europesays.com\/fr\/wp-json\/wp\/v2\/tags?post=251792"}],"curies":[{"name":"wp","href":"https:\/\/api.w.org\/{rel}","templated":true}]}}