{"id":251794,"date":"2025-07-16T17:18:11","date_gmt":"2025-07-16T17:18:11","guid":{"rendered":"https:\/\/www.europesays.com\/fr\/251794\/"},"modified":"2025-07-16T17:18:11","modified_gmt":"2025-07-16T17:18:11","slug":"une-semaine-apres-lincendie-des-habitants-en-colere-mettent-en-cause-la-gestion-du-sinistre","status":"publish","type":"post","link":"https:\/\/www.europesays.com\/fr\/251794\/","title":{"rendered":"une semaine apr\u00e8s l&rsquo;incendie, des habitants en col\u00e8re mettent en cause la gestion du sinistre"},"content":{"rendered":"<p class=\"article-p mdl\">R\u00e9union houleuse entre les habitants et la mairie de Marseille au centre social de l&rsquo;Estaque ce mardi 15 juillet. Une semaine apr\u00e8s le terrible incendie, qui a caus\u00e9 la destruction de nombreuses habitations dans la cit\u00e9 phoc\u00e9enne, les riverains sont tr\u00e8s en col\u00e8re.\u00a0\u00a0<\/p>\n<p class=\"article-p mdl\">Les habitants pointent du doigt la\u00a0<a class=\"link\" href=\"https:\/\/www.rtl.fr\/actu\/debats-societe\/incendies-6-gestes-de-prevention-qui-peuvent-sauver-votre-habitation-7900522849\" title=\"Incendies : 6 gestes de pr\u00e9vention qui peuvent sauver votre habitation\" target=\"_blank\" rel=\"noopener\">gestion de l&rsquo;incendie<\/a>\u00a0et estiment qu&rsquo;il y a eu un manque de\u00a0<a class=\"link\" href=\"https:\/\/www.rtl.fr\/actu\/justice-faits-divers\/edito-incendies-on-n-a-toujours-que-12-canadairs-hors-d-age-pour-faire-face-aux-feux-deplore-isabelle-saporta-7900522520\" title=\"\u00c9DITO - Incendies : &quot;On n\u2019a toujours que 12 Canadairs hors d\u2019\u00e2ge pour faire face aux feux&quot;, d\u00e9plore Isabelle Saporta\" target=\"_blank\" rel=\"noopener\">moyens a\u00e9riens<\/a>, mais aussi des messages de confinement non-suivis d&rsquo;ordres d&rsquo;\u00e9vacuation alors que les maisons br\u00fblaient. Ils disent \u00e9galement avoir constat\u00e9 des renforts des sapeurs-pompiers de d\u00e9partements voisins perdus dans les ruelles de l&rsquo;Estaque. Ils mettent notamment en cause le pr\u00e9fet, qui a pris le commandement des op\u00e9rations \u00e0 la mi-journ\u00e9e.\u00a0<\/p>\n<p class=\"article-p mdl\">Si le but de cette r\u00e9union \u00e9tait d&rsquo;\u00e9changer, c&rsquo;est l&rsquo;exasp\u00e9ration qui a pris le dessus. \u00ab\u00a0<strong>J&rsquo;imagine qu&rsquo;ils ont peut-\u00eatre peur de notre col\u00e8re<\/strong>, peut-\u00eatre qu&rsquo;ils savent qu&rsquo;il y a eu des fautes et qu&rsquo;ils se demandent bien comment ils vont se d\u00e9p\u00eatrer de tout \u00e7a, je ne sais pas\u00a0\u00bb, indique Mathilde, dont la maison n&rsquo;est plus habitable, \u00e0 RTL. Selon elle, \u00ab\u00a0<strong>le minimum serait de venir nous rencontrer<\/strong> et nous fournir les explications qu&rsquo;on demande\u00a0\u00bb.\u00a0<\/p>\n<p>            \u00ab\u00a0Il faut leur apporter des r\u00e9ponses\u00a0\u00bb<\/p>\n<p class=\"article-p mdl\">De son c\u00f4t\u00e9,\u00a0<a class=\"link\" href=\"https:\/\/www.rtl.fr\/actu\/justice-faits-divers\/incendie-a-marseille-une-centaine-de-personnes-ont-ete-sauvees-des-flammes-assure-samia-ghali-sur-rtl-7900522474\" title=\"Incendie \u00e0 Marseille : &quot;Une centaine de personnes ont \u00e9t\u00e9 sauv\u00e9es des flammes&quot;, assure Samia Ghali sur RTL\" target=\"_blank\" rel=\"noopener\">Samia Ghali<\/a>, l&rsquo;adjointe au maire et \u00e9lue du secteur qui a organis\u00e9 cette r\u00e9union, comprend la col\u00e8re des sinistr\u00e9s. Faute d&rsquo;avoir elle-m\u00eame les r\u00e9ponses, <strong>elle demande aussi au pr\u00e9fet de s&rsquo;exprimer<\/strong>. \u00ab\u00a0C&rsquo;est au pr\u00e9fet d&rsquo;apporter des r\u00e9ponses. Les habitants ont le droit d&rsquo;avoir des questions, mais il faut leur donner des explications. Pourquoi il y a eu tel choix plut\u00f4t que tel choix ? Ils disent ne pas avoir vu de pompiers devant chez eux alors que \u00e7a br\u00fblait, il faut leur apporter des r\u00e9ponses.\u00a0\u00bb<\/p>\n<p class=\"article-p mdl\">Au total, plus de 1.000 pompiers ont \u00e9t\u00e9 mobilis\u00e9s sur cet incendie, qui a parcouru 750 hectares en 30 heures.\u00a0Selon la pr\u00e9fecture, 94 habitations ont \u00e9t\u00e9 \u00ab\u00a0impact\u00e9es\u00a0\u00bb sur les deux communes touch\u00e9es, dont 76 sont \u00ab\u00a0non habitables\u00a0\u00bb, parmi lesquelles 71 sont \u00e0 Marseille.\u00a0<\/p>\n<p>    La r\u00e9daction vous recommande<\/p>\n<p class=\"s-newsletter__title\">\n                L\u2019actualit\u00e9 par la r\u00e9daction de RTL dans votre bo\u00eete mail.\n            <\/p>\n<p class=\"s-newsletter__subtitle\">\n                Gr\u00e2ce \u00e0 votre compte RTL abonnez-vous \u00e0 la newsletter RTL info pour suivre toute l&rsquo;actualit\u00e9 au quotidien\n            <\/p>\n<p>\n                                    Lire la suite\n                                <\/p>\n","protected":false},"excerpt":{"rendered":"R\u00e9union houleuse entre les habitants et la mairie de Marseille au centre social de l&rsquo;Estaque ce mardi 15&hellip;\n","protected":false},"author":2,"featured_media":251795,"comment_status":"","ping_status":"","sticky":false,"template":"","format":"standard","meta":{"footnotes":""},"categories":[2814],"tags":[1111,11,1777,674,107,1011,27,1310,37463,884,12,1311,882,25,12817],"class_list":{"0":"post-251794","1":"post","2":"type-post","3":"status-publish","4":"format-standard","5":"has-post-thumbnail","7":"category-marseille","8":"tag-actu","9":"tag-actualites","10":"tag-eu","11":"tag-europe","12":"tag-fil-info","13":"tag-fr","14":"tag-france","15":"tag-incendie","16":"tag-incendie-a-marseille","17":"tag-marseille","18":"tag-news","19":"tag-pompiers","20":"tag-provence-alpes-cote-dazur","21":"tag-republique-francaise","22":"tag-secheresse"},"share_on_mastodon":{"url":"https:\/\/pubeurope.com\/@fr\/114864056154854912","error":""},"_links":{"self":[{"href":"https:\/\/www.europesays.com\/fr\/wp-json\/wp\/v2\/posts\/251794","targetHints":{"allow":["GET"]}}],"collection":[{"href":"https:\/\/www.europesays.com\/fr\/wp-json\/wp\/v2\/posts"}],"about":[{"href":"https:\/\/www.europesays.com\/fr\/wp-json\/wp\/v2\/types\/post"}],"author":[{"embeddable":true,"href":"https:\/\/www.europesays.com\/fr\/wp-json\/wp\/v2\/users\/2"}],"replies":[{"embeddable":true,"href":"https:\/\/www.europesays.com\/fr\/wp-json\/wp\/v2\/comments?post=251794"}],"version-history":[{"count":0,"href":"https:\/\/www.europesays.com\/fr\/wp-json\/wp\/v2\/posts\/251794\/revisions"}],"wp:featuredmedia":[{"embeddable":true,"href":"https:\/\/www.europesays.com\/fr\/wp-json\/wp\/v2\/media\/251795"}],"wp:attachment":[{"href":"https:\/\/www.europesays.com\/fr\/wp-json\/wp\/v2\/media?parent=251794"}],"wp:term":[{"taxonomy":"category","embeddable":true,"href":"https:\/\/www.europesays.com\/fr\/wp-json\/wp\/v2\/categories?post=251794"},{"taxonomy":"post_tag","embeddable":true,"href":"https:\/\/www.europesays.com\/fr\/wp-json\/wp\/v2\/tags?post=251794"}],"curies":[{"name":"wp","href":"https:\/\/api.w.org\/{rel}","templated":true}]}}