{"id":251798,"date":"2025-07-16T17:20:10","date_gmt":"2025-07-16T17:20:10","guid":{"rendered":"https:\/\/www.europesays.com\/fr\/251798\/"},"modified":"2025-07-16T17:20:10","modified_gmt":"2025-07-16T17:20:10","slug":"le-detenu-et-son-complice-mis-en-examen-et-ecroues","status":"publish","type":"post","link":"https:\/\/www.europesays.com\/fr\/251798\/","title":{"rendered":"Le d\u00e9tenu et son complice mis en examen et \u00e9crou\u00e9s"},"content":{"rendered":"<p>L\u2019homme qui s\u2019\u00e9tait \u00e9chapp\u00e9 de la prison de <a href=\"https:\/\/www.20minutes.fr\/lyon\/\" class=\"color-ultramarine c-link\" target=\"_blank\" rel=\"noopener\">Lyon<\/a>-Corbas dans un sac \u00e0 linge et son cod\u00e9tenu complice pr\u00e9sum\u00e9, interpell\u00e9s lundi apr\u00e8s trois jours de cavale, ont \u00e9t\u00e9 mis en examen mercredi et plac\u00e9s en d\u00e9tention provisoire, a annonc\u00e9 le parquet.<\/p>\n<p>L\u2019\u00e9vad\u00e9, \u00e2g\u00e9 de 20 ans et suspect\u00e9 d\u2019un meurtre, avait pass\u00e9 vendredi la porte de cette maison d\u2019arr\u00eat <a href=\"https:\/\/www.20minutes.fr\/faits_divers\/faits-divers-lyon\/4163419-20250712-lyon-prisonnier-evade-planquant-valises-codetenu\" class=\"color-ultramarine c-link\" target=\"_blank\" rel=\"noopener\">cach\u00e9 dans un gros sac \u00e0 linge<\/a> de son cod\u00e9tenu qui \u00e9tait lib\u00e9rable. C\u2019est seulement samedi matin que son absence en cellule avait \u00e9t\u00e9 constat\u00e9e.<\/p>\n<p>Le jeune homme avait \u00e9t\u00e9 repris lundi matin \u00e0 Sathonay-Camp, dans la banlieue nord-est de Lyon, et son cod\u00e9tenu dans la soir\u00e9e \u00e0 la gare de <a href=\"https:\/\/www.20minutes.fr\/marseille\/\" class=\"color-ultramarine c-link\" target=\"_blank\" rel=\"noopener\">Marseille<\/a>.<\/p>\n<p>Suspect\u00e9 de \u00ab\u00a0meurtre en bande organis\u00e9e\u00a0\u00bb<\/p>\n<p>Un juge d\u2019instruction lyonnais les a mis en examen mercredi pour \u00ab\u00a0\u00e9vasion en bande organis\u00e9e et participation \u00e0 une association de malfaiteurs\u00a0\u00bb, a indiqu\u00e9 le parquet de Lyon dans un communiqu\u00e9. Ils ont \u00e9t\u00e9 plac\u00e9s en d\u00e9tention provisoire dans des maisons d\u2019arr\u00eat diff\u00e9rentes, et pas \u00e0 celle de Corbas.<\/p>\n<p>Natif de Mayotte, le jeune \u00e9vad\u00e9 \u00e9tait en d\u00e9tention provisoire \u00e0 Lyon-Corbas, suspect\u00e9 du \u00ab\u00a0meurtre en bande organis\u00e9e\u00a0\u00bb d\u2019un trafiquant de drogue et d&rsquo;\u00ab\u00a0infraction \u00e0 la l\u00e9gislation sur les armes\u00a0\u00bb, dans le cadre d\u2019une information judiciaire ouverte \u00e0 la Juridiction interr\u00e9gionale sp\u00e9cialis\u00e9e (JIRS) de Paris.<\/p>\n<\/p>\n<p>Il y a eu \u00ab\u00a0manifestement toute une s\u00e9rie de dysfonctionnements\u00a0\u00bb \u00ab\u00a0graves\u00a0\u00bb et \u00ab\u00a0inadmissibles\u00a0\u00bb, avait estim\u00e9 le directeur de l\u2019administration p\u00e9nitentiaire, S\u00e9bastien Cauwel, en commentant cette \u00e9vasion selon un proc\u00e9d\u00e9 \u00ab\u00a0extr\u00eamement rare\u00a0\u00bb. Il avait annonc\u00e9 l\u2019ouverture d\u2019une enqu\u00eate interne et d\u2019une inspection de l\u2019inspection g\u00e9n\u00e9rale de la justice demand\u00e9e par le garde des Sceaux.<\/p>\n","protected":false},"excerpt":{"rendered":"L\u2019homme qui s\u2019\u00e9tait \u00e9chapp\u00e9 de la prison de Lyon-Corbas dans un sac \u00e0 linge et son cod\u00e9tenu complice&hellip;\n","protected":false},"author":2,"featured_media":251799,"comment_status":"","ping_status":"","sticky":false,"template":"","format":"standard","meta":{"footnotes":""},"categories":[1889],"tags":[1111,47,11,2430,17316,1777,674,3727,118,1011,27,303,2428,12,806,25,2429,2431],"class_list":{"0":"post-251798","1":"post","2":"type-post","3":"status-publish","4":"format-standard","5":"has-post-thumbnail","7":"category-lyon","8":"tag-actu","9":"tag-actualite","10":"tag-actualites","11":"tag-auvergne-rhone-alpes","12":"tag-detenus","13":"tag-eu","14":"tag-europe","15":"tag-evasion","16":"tag-faits-divers","17":"tag-fr","18":"tag-france","19":"tag-justice","20":"tag-lyon","21":"tag-news","22":"tag-prison","23":"tag-republique-francaise","24":"tag-rhone","25":"tag-rhone-alpes"},"share_on_mastodon":{"url":"https:\/\/pubeurope.com\/@fr\/114864064050855404","error":""},"_links":{"self":[{"href":"https:\/\/www.europesays.com\/fr\/wp-json\/wp\/v2\/posts\/251798","targetHints":{"allow":["GET"]}}],"collection":[{"href":"https:\/\/www.europesays.com\/fr\/wp-json\/wp\/v2\/posts"}],"about":[{"href":"https:\/\/www.europesays.com\/fr\/wp-json\/wp\/v2\/types\/post"}],"author":[{"embeddable":true,"href":"https:\/\/www.europesays.com\/fr\/wp-json\/wp\/v2\/users\/2"}],"replies":[{"embeddable":true,"href":"https:\/\/www.europesays.com\/fr\/wp-json\/wp\/v2\/comments?post=251798"}],"version-history":[{"count":0,"href":"https:\/\/www.europesays.com\/fr\/wp-json\/wp\/v2\/posts\/251798\/revisions"}],"wp:featuredmedia":[{"embeddable":true,"href":"https:\/\/www.europesays.com\/fr\/wp-json\/wp\/v2\/media\/251799"}],"wp:attachment":[{"href":"https:\/\/www.europesays.com\/fr\/wp-json\/wp\/v2\/media?parent=251798"}],"wp:term":[{"taxonomy":"category","embeddable":true,"href":"https:\/\/www.europesays.com\/fr\/wp-json\/wp\/v2\/categories?post=251798"},{"taxonomy":"post_tag","embeddable":true,"href":"https:\/\/www.europesays.com\/fr\/wp-json\/wp\/v2\/tags?post=251798"}],"curies":[{"name":"wp","href":"https:\/\/api.w.org\/{rel}","templated":true}]}}