{"id":2518,"date":"2025-04-04T10:59:09","date_gmt":"2025-04-04T10:59:09","guid":{"rendered":"https:\/\/www.europesays.com\/fr\/2518\/"},"modified":"2025-04-04T10:59:09","modified_gmt":"2025-04-04T10:59:09","slug":"chirurgien-esthetique-influent-sydney-o-mis-en-examen-pour-viols-et-agressions-sexuelles","status":"publish","type":"post","link":"https:\/\/www.europesays.com\/fr\/2518\/","title":{"rendered":"chirurgien esth\u00e9tique influent, Sydney O. mis en examen pour viols et agressions sexuelles"},"content":{"rendered":"<p>            Par<br \/>\n        <strong><br \/>\n            <a href=\"https:\/\/actu.fr\/auteur\/redaction-paris\" title=\"Consulter tous les articles de R\u00e9daction Paris\" rel=\"nofollow noopener\" target=\"_blank\">R\u00e9daction Paris<\/a><br \/>\n        <\/strong><\/p>\n<p>        Publi\u00e9 le<\/p>\n<p>            4 avr. 2025 \u00e0 11h22        <\/p>\n<p>Les accusations qui p\u00e8sent contre lui sont extr\u00eamement graves. <strong>Sydney O<\/strong>, chirurgien esth\u00e9tique r\u00e9put\u00e9 de la clinique Eiffel-Carr\u00e9 d\u2019Or \u00e0 Paris a \u00e9t\u00e9 mis en examen pour <a href=\"https:\/\/actu.fr\/tag\/violences-sexuelles\" rel=\"nofollow noopener\" target=\"_blank\">viols, agression et harc\u00e8lement sexuels<\/a> sur plusieurs de ses patientes, entre\u00a02017 et\u00a02023, a appris <a href=\"https:\/\/actu.fr\/paris\/dernieres-actus\" rel=\"nofollow noopener\" target=\"_blank\">actu<\/a> aupr\u00e8s du <a href=\"https:\/\/actu.fr\/tag\/tribunal-de-paris\" rel=\"nofollow noopener\" target=\"_blank\">parquet<\/a>, confirmant une information du\u00a0<a href=\"https:\/\/www.leparisien.fr\/faits-divers\/la-star-de-la-chirurgie-esthetique-sydney-ohana-suspecte-de-viols-et-agressions-sexuelles-31-03-2025-TSWYPHKMQZGTJH7EOOASE2G76Q.php\" rel=\"nofollow noopener\" target=\"_blank\">Parisien<\/a>.<\/p>\n<p>\u00ab\u2009Dragueur, exub\u00e9rant\u2009\u00bb<\/p>\n<p class=\" wall-content\">Toujours selon les informations transmises par le magist\u00e8re public, les <strong>viols<\/strong> auraient \u00e9t\u00e9 commis entre octobre et novembre\u00a02017, <strong>l\u2019harc\u00e8lement sexuel<\/strong> en septembre\u00a02023 et <strong>l\u2019agression sexuelle<\/strong> en novembre de la m\u00eame ann\u00e9e. Deux patientes auraient d\u00e9pos\u00e9 plainte en 2023 pour d\u00e9noncer des faits survenus entre\u00a02017 et\u00a02023.<\/p>\n<p class=\" wall-content\">Plac\u00e9 sous contr\u00f4le judiciaire, le m\u00e9decin sp\u00e9cialiste de la greffe capillaire a <strong>interdiction d\u2019exercer l\u2019activit\u00e9<\/strong> de chirurgien esth\u00e9tique, d\u2019entrer en contact avec les plaignantes. Il a \u00e9galement d\u00fb remettre son passeport et \u00e0 interdiction de sortir du territoire m\u00e9tropolitain.<\/p>\n<p class=\" wall-content\">D\u2019apr\u00e8s l\u2019enqu\u00eate men\u00e9e par\u00a0Le Parisien, un confr\u00e8re d\u00e9crit un homme \u00ab\u2009dragueur, exub\u00e9rant, habitu\u00e9 des Chandelles et parties fines\u2009\u00bb.\u00a0Un autre affirme ne pas \u00eatre surpris certaines de ses patientes lui aurait fait part de baisers forc\u00e9s et d\u2019attouchements. \u00ab\u2009C\u2019est <strong>assez connu dans le milieu<\/strong> mais comme c\u2019est un \u00ab\u2009grand\u2009\u00bb monsieur qui a sa photo avec Macron, on lui pardonne tout. De l\u00e0 \u00e0 parler de viol, je ne m\u2019y attendais pas\u2009\u00bb.\u00a0L\u2019enqu\u00eate se poursuit.<\/p>\n<p class=\" wall-content\">Suivez toute l\u2019actualit\u00e9 de vos villes et m\u00e9dias favoris en vous inscrivant \u00e0 <a href=\"https:\/\/moncompte.actu.fr\" title=\"D\u00e9couvez Mon Actu\" rel=\"nofollow noopener\" data-trk=\"{&quot;cta&quot;:{&quot;action&quot;:&quot;https:\\\/\\\/moncompte.actu.fr&quot;,&quot;category&quot;:&quot;mon compte&quot;,&quot;from&quot;:&quot;article footer&quot;,&quot;name&quot;:&quot;Mon actu&quot;,&quot;type&quot;:&quot;cta&quot;}}\" target=\"_blank\">Mon Actu<\/a>.<\/p>\n","protected":false},"excerpt":{"rendered":"Par R\u00e9daction Paris Publi\u00e9 le 4 avr. 2025 \u00e0 11h22 Les accusations qui p\u00e8sent contre lui sont extr\u00eamement&hellip;\n","protected":false},"author":2,"featured_media":2519,"comment_status":"","ping_status":"","sticky":false,"template":"","format":"standard","meta":{"footnotes":""},"categories":[1888],"tags":[11,1777,674,118,1011,27,12,626,25,799],"class_list":{"0":"post-2518","1":"post","2":"type-post","3":"status-publish","4":"format-standard","5":"has-post-thumbnail","7":"category-paris","8":"tag-actualites","9":"tag-eu","10":"tag-europe","11":"tag-faits-divers","12":"tag-fr","13":"tag-france","14":"tag-news","15":"tag-paris","16":"tag-republique-francaise","17":"tag-violences-sexuelles"},"share_on_mastodon":{"url":"","error":""},"_links":{"self":[{"href":"https:\/\/www.europesays.com\/fr\/wp-json\/wp\/v2\/posts\/2518","targetHints":{"allow":["GET"]}}],"collection":[{"href":"https:\/\/www.europesays.com\/fr\/wp-json\/wp\/v2\/posts"}],"about":[{"href":"https:\/\/www.europesays.com\/fr\/wp-json\/wp\/v2\/types\/post"}],"author":[{"embeddable":true,"href":"https:\/\/www.europesays.com\/fr\/wp-json\/wp\/v2\/users\/2"}],"replies":[{"embeddable":true,"href":"https:\/\/www.europesays.com\/fr\/wp-json\/wp\/v2\/comments?post=2518"}],"version-history":[{"count":0,"href":"https:\/\/www.europesays.com\/fr\/wp-json\/wp\/v2\/posts\/2518\/revisions"}],"wp:featuredmedia":[{"embeddable":true,"href":"https:\/\/www.europesays.com\/fr\/wp-json\/wp\/v2\/media\/2519"}],"wp:attachment":[{"href":"https:\/\/www.europesays.com\/fr\/wp-json\/wp\/v2\/media?parent=2518"}],"wp:term":[{"taxonomy":"category","embeddable":true,"href":"https:\/\/www.europesays.com\/fr\/wp-json\/wp\/v2\/categories?post=2518"},{"taxonomy":"post_tag","embeddable":true,"href":"https:\/\/www.europesays.com\/fr\/wp-json\/wp\/v2\/tags?post=2518"}],"curies":[{"name":"wp","href":"https:\/\/api.w.org\/{rel}","templated":true}]}}