{"id":251802,"date":"2025-07-16T17:22:10","date_gmt":"2025-07-16T17:22:10","guid":{"rendered":"https:\/\/www.europesays.com\/fr\/251802\/"},"modified":"2025-07-16T17:22:10","modified_gmt":"2025-07-16T17:22:10","slug":"le-plan-de-relance-de-la-production-de-logements-finalise","status":"publish","type":"post","link":"https:\/\/www.europesays.com\/fr\/251802\/","title":{"rendered":"le plan de relance de la production de logements finalis\u00e9"},"content":{"rendered":"<p>\nLe plan francilien de relance de la production de logements a \u00e9t\u00e9 pr\u00e9sent\u00e9 le 25 juin au comit\u00e9 r\u00e9gional de l&rsquo;habitat et de l&rsquo;h\u00e9bergement (CRHH) en pr\u00e9sence de Val\u00e9rie L\u00e9tard. La ministre du Logement, dans une circulaire du 12 f\u00e9vrier dernier, avait demand\u00e9 aux pr\u00e9fets de r\u00e9gion d&rsquo;\u00e9laborer de tels plans territorialis\u00e9s avant le 30 juin. L&rsquo;Ile-de-France a \u00e9t\u00e9 la premi\u00e8re \u00e0 rendre sa copie.<\/p>\n<p>\nCette feuille de route pour 2025 et 2026 s&rsquo;inscrit dans le prolongement du sch\u00e9ma r\u00e9gional de l&rsquo;habitat et de l&rsquo;h\u00e9bergement (SRHH) adopt\u00e9 en avril 2024 pour six ans. Elle s&rsquo;articule autour de quatre axes strat\u00e9giques : territorialiser l&rsquo;action publique en soutenant les <a title=\"L&#039;actualit\u00e9 BTP des collectivit\u00e9s locales\" href=\"https:\/\/www.lemoniteur.fr\/collectivites-locales\/\" rel=\"noopener\" target=\"\" class=\"lien-contextuel\">collectivit\u00e9s locales<\/a> \u00e0 travers des outils d&rsquo;ing\u00e9nierie et des d\u00e9marches partenariales ; d\u00e9velopper les segments de l&rsquo;habitat g\u00e9r\u00e9 ; faciliter les parcours r\u00e9sidentiels en adaptant l&rsquo;offre existante pour en limiter la vacance ; relancer la production de logements sociaux en identifiant de nouveaux gisements immobiliers.<\/p>\n<p>\nParmi ceux-ci figure le stock de bureaux vacants estim\u00e9 par Immostat \u00e0 pr\u00e8s de 6 millions de m2 . En avril, la pr\u00e9fecture de r\u00e9gion et la direction r\u00e9gionale et interd\u00e9partementale de l&rsquo;h\u00e9bergement et du logement (Drihl) ont lanc\u00e9 un AMI sur la transformation de bureaux en habitations, cl\u00f4tur\u00e9 le 15 juin. Les 101 dossiers d\u00e9pos\u00e9s repr\u00e9sentent un potentiel de cr\u00e9ation de plus de 20 000 logements dont 5 900 sociaux et 5 500 \u00e9tudiants.<\/p>\n<p>\nCes grandes orientations se d\u00e9clinent en objectifs chiffr\u00e9s. Le plan pr\u00e9voit ainsi le financement de 31 500 logements locatifs sociaux (contre 22 326 en 2024) dont 8 345 au titre de la reconstitution de l&rsquo;offre Anru (4 554 en 2024). Il fixe aussi un objectif de 38 % de PLAI et int\u00e8gre un volet sp\u00e9cifique sur le logement \u00e9tudiant.<\/p>\n<p>Suspension des subventions de collectivit\u00e9s<\/p>\n<p>\nSi elle se dit pr\u00eate \u00e0 se mobiliser, l&rsquo;Aorif-l&rsquo;Union sociale pour l&rsquo;habitat d&rsquo;Ile-de-France s&rsquo;interroge sur \u00ab la capacit\u00e9 de ce plan \u00e0 infl\u00e9chir r\u00e9ellement les tendances, faute de moyens \u00bb, pointant notamment la suspension par plusieurs collectivit\u00e9s de leurs subventions pour un montant agr\u00e9g\u00e9 de plus de 200 M\u20ac en ann\u00e9e pleine.<\/p>\n<p class=\"editoTitleType1 editoTitleType1--lagoon is-uppercase\">S\u00e9lectionn\u00e9 <b>pour vous<\/b><\/p>\n<p><a class=\"editoCardType21__link editoCardType21__containerImage\" href=\"https:\/\/www.lemoniteur.fr\/article\/incendie-a-paris-le-messager-ambitieux-batiment-reversible-en-chantier-ravage-par-les-flammes.2347923\" data-xiti-name=\"2347923\" target=\"_blank\" rel=\"noopener\"><br \/>\n<img decoding=\"async\" src=\"data:image\/gif;base64,R0lGODdhAQABAPAAAMPDwwAAACwAAAAAAQABAAACAkQBADs=\" data-original=\"\/mediatheque\/5\/6\/9\/002436965_256x170_c.jpg\" alt=\"Incendie \u00e0 Paris : le Messager, ambitieux b\u00e2timent r\u00e9versible en chantier, ravag\u00e9 par les flammes \"\/><br \/>\n<\/a><\/p>\n","protected":false},"excerpt":{"rendered":"Le plan francilien de relance de la production de logements a \u00e9t\u00e9 pr\u00e9sent\u00e9 le 25 juin au comit\u00e9&hellip;\n","protected":false},"author":2,"featured_media":251803,"comment_status":"","ping_status":"","sticky":false,"template":"","format":"standard","meta":{"footnotes":""},"categories":[1592],"tags":[1111,11,7331,4356,1777,674,1011,27,2602,4250,662,1116,1908,12,626,20610,838,25,7333],"class_list":{"0":"post-251802","1":"post","2":"type-post","3":"status-publish","4":"format-standard","5":"has-post-thumbnail","7":"category-ile-de-france","8":"tag-actu","9":"tag-actualites","10":"tag-collectivites-locales","11":"tag-coronavirus","12":"tag-eu","13":"tag-europe","14":"tag-fr","15":"tag-france","16":"tag-grand-paris-ile-de-fra","17":"tag-habitat","18":"tag-ile-de-france","19":"tag-immobilier","20":"tag-logement","21":"tag-news","22":"tag-paris","23":"tag-plan-de-relance","24":"tag-relance","25":"tag-republique-francaise","26":"tag-vie-du-btp"},"share_on_mastodon":{"url":"https:\/\/pubeurope.com\/@fr\/114864072023926109","error":""},"_links":{"self":[{"href":"https:\/\/www.europesays.com\/fr\/wp-json\/wp\/v2\/posts\/251802","targetHints":{"allow":["GET"]}}],"collection":[{"href":"https:\/\/www.europesays.com\/fr\/wp-json\/wp\/v2\/posts"}],"about":[{"href":"https:\/\/www.europesays.com\/fr\/wp-json\/wp\/v2\/types\/post"}],"author":[{"embeddable":true,"href":"https:\/\/www.europesays.com\/fr\/wp-json\/wp\/v2\/users\/2"}],"replies":[{"embeddable":true,"href":"https:\/\/www.europesays.com\/fr\/wp-json\/wp\/v2\/comments?post=251802"}],"version-history":[{"count":0,"href":"https:\/\/www.europesays.com\/fr\/wp-json\/wp\/v2\/posts\/251802\/revisions"}],"wp:featuredmedia":[{"embeddable":true,"href":"https:\/\/www.europesays.com\/fr\/wp-json\/wp\/v2\/media\/251803"}],"wp:attachment":[{"href":"https:\/\/www.europesays.com\/fr\/wp-json\/wp\/v2\/media?parent=251802"}],"wp:term":[{"taxonomy":"category","embeddable":true,"href":"https:\/\/www.europesays.com\/fr\/wp-json\/wp\/v2\/categories?post=251802"},{"taxonomy":"post_tag","embeddable":true,"href":"https:\/\/www.europesays.com\/fr\/wp-json\/wp\/v2\/tags?post=251802"}],"curies":[{"name":"wp","href":"https:\/\/api.w.org\/{rel}","templated":true}]}}