{"id":251804,"date":"2025-07-16T17:23:09","date_gmt":"2025-07-16T17:23:09","guid":{"rendered":"https:\/\/www.europesays.com\/fr\/251804\/"},"modified":"2025-07-16T17:23:09","modified_gmt":"2025-07-16T17:23:09","slug":"une-femme-mise-en-examen-pour-avoir-poignarde-son-conjoint","status":"publish","type":"post","link":"https:\/\/www.europesays.com\/fr\/251804\/","title":{"rendered":"une femme mise en examen pour avoir poignard\u00e9 son conjoint"},"content":{"rendered":"<p>            Par<br \/>\n        <strong><br \/>\n            <a href=\"https:\/\/actu.fr\/auteur\/antoine-blanchet\" title=\"Consulter tous les articles de Antoine Blanchet\" target=\"_blank\" rel=\"noopener\">Antoine Blanchet<\/a><br \/>\n        <\/strong><\/p>\n<p>        Publi\u00e9 le<\/p>\n<p>            16 juil. 2025 \u00e0 17h10        <\/p>\n<p>Un drame qui a failli basculer dans l\u2019irr\u00e9parable. Mardi 15 juillet 2025, <strong>une femme a \u00e9t\u00e9 mise en examen<\/strong> pour <a href=\"https:\/\/actu.fr\/tag\/meurtr\" target=\"_blank\" rel=\"noopener\">tentative de meurtre<\/a> par conjoint, nous fait savoir le <a href=\"https:\/\/actu.fr\/tag\/tribunal-de-bobigny\" target=\"_blank\" rel=\"noopener\">parquet de Bobigny<\/a>. Elle est suspect\u00e9e <strong>d\u2019avoir poignard\u00e9 son compagnon dans son appartement<\/strong> \u00e0 <a href=\"https:\/\/actu.fr\/ile-de-france\/montreuil_93048\" target=\"_blank\" rel=\"noopener\">Montreuil<\/a> (<a href=\"https:\/\/actu.fr\/ile-de-france\/seine-saint-denis_93\" target=\"_blank\" rel=\"noopener\">Seine-Saint-Denis<\/a>). Elle a \u00e9t\u00e9 plac\u00e9e sous contr\u00f4le judiciaire.\u00a0<\/p>\n<p>La victime poignard\u00e9e au thorax<\/p>\n<p class=\" wall-content\">Les faits se sont produits samedi 12 juillet 2025, vers 20 heures. Un homme a \u00e9t\u00e9 retrouv\u00e9 poignard\u00e9 au niveau du thorax \u00e0 son domicile. Pris en charge par les secours, il <strong>est hospitalis\u00e9 en urgence absolue<\/strong> \u00e0 la Piti\u00e9 Salp\u00eatri\u00e8re (<a href=\"https:\/\/actu.fr\/paris\/\" target=\"_blank\" rel=\"noopener\">Paris<\/a>), indiquent nos confr\u00e8res du <a href=\"https:\/\/www.leparisien.fr\/seine-saint-denis-93\/montreuil-une-femme-suspectee-davoir-poignarde-son-conjoint-interpellee-deux-jours-apres-avoir-pris-la-fuite-15-07-2025-3HIYCH5OVVBYJJPFN5NJRJ36OY.php\" target=\"_blank\" rel=\"noopener\">Parisien<\/a>.\u00a0<\/p>\n<p class=\" wall-content\">Une enqu\u00eate est ouverte pour tentative de meurtre et confi\u00e9e aux services de police judiciaire du d\u00e9partement. Tr\u00e8s vite, les soup\u00e7ons se tournent vers la compagne de la victime. Un temps en fuite, <strong>elle a \u00e9t\u00e9 interpell\u00e9e deux jours plus tard<\/strong> chez elle dans les <a href=\"https:\/\/actu.fr\/ile-de-france\/hauts-de-seine_92\" target=\"_blank\" rel=\"noopener\">Hauts-de-Seine<\/a>.\u00a0<\/p>\n<p class=\" wall-content\">Suivez toute l\u2019actualit\u00e9 de vos villes et m\u00e9dias favoris en vous inscrivant \u00e0 <a href=\"https:\/\/moncompte.actu.fr\" title=\"D\u00e9couvez Mon Actu\" rel=\"nofollow noopener\" data-trk=\"{&quot;cta&quot;:{&quot;action&quot;:&quot;https:\\\/\\\/moncompte.actu.fr&quot;,&quot;category&quot;:&quot;mon compte&quot;,&quot;from&quot;:&quot;article footer&quot;,&quot;name&quot;:&quot;Mon actu&quot;,&quot;type&quot;:&quot;cta&quot;}}\" target=\"_blank\">Mon Actu<\/a>.<\/p>\n<ul class=\"ac-article-tag wall-content\">\n<li><a href=\"https:\/\/actu.fr\/tag\/justice\" data-trk=\"{&quot;cta&quot;:{&quot;action&quot;:&quot;Justice&quot;,&quot;category&quot;:&quot;tag&quot;,&quot;from&quot;:&quot;article footer&quot;,&quot;name&quot;:&quot;Justice&quot;,&quot;type&quot;:&quot;cta&quot;}}\" target=\"_blank\" rel=\"noopener\">#Justice<\/a><\/li>\n<li><a href=\"https:\/\/actu.fr\/tag\/violences-conjugales\" data-trk=\"{&quot;cta&quot;:{&quot;action&quot;:&quot;Violences conjugales&quot;,&quot;category&quot;:&quot;tag&quot;,&quot;from&quot;:&quot;article footer&quot;,&quot;name&quot;:&quot;Violences conjugales&quot;,&quot;type&quot;:&quot;cta&quot;}}\" target=\"_blank\" rel=\"noopener\">#Violences conjugales<\/a><\/li>\n<\/ul>\n","protected":false},"excerpt":{"rendered":"Par Antoine Blanchet Publi\u00e9 le 16 juil. 2025 \u00e0 17h10 Un drame qui a failli basculer dans l\u2019irr\u00e9parable.&hellip;\n","protected":false},"author":2,"featured_media":251805,"comment_status":"","ping_status":"","sticky":false,"template":"","format":"standard","meta":{"footnotes":""},"categories":[1888],"tags":[1111,1928,11,1927,1777,674,118,1011,27,303,12,1926,626,1925,25,798],"class_list":{"0":"post-251804","1":"post","2":"type-post","3":"status-publish","4":"format-standard","5":"has-post-thumbnail","7":"category-paris","8":"tag-actu","9":"tag-actu-paris","10":"tag-actualites","11":"tag-actualites-paris","12":"tag-eu","13":"tag-europe","14":"tag-faits-divers","15":"tag-fr","16":"tag-france","17":"tag-justice","18":"tag-news","19":"tag-news-paris","20":"tag-paris","21":"tag-paris-news","22":"tag-republique-francaise","23":"tag-violences-conjugales"},"share_on_mastodon":{"url":"https:\/\/pubeurope.com\/@fr\/114864075815686403","error":""},"_links":{"self":[{"href":"https:\/\/www.europesays.com\/fr\/wp-json\/wp\/v2\/posts\/251804","targetHints":{"allow":["GET"]}}],"collection":[{"href":"https:\/\/www.europesays.com\/fr\/wp-json\/wp\/v2\/posts"}],"about":[{"href":"https:\/\/www.europesays.com\/fr\/wp-json\/wp\/v2\/types\/post"}],"author":[{"embeddable":true,"href":"https:\/\/www.europesays.com\/fr\/wp-json\/wp\/v2\/users\/2"}],"replies":[{"embeddable":true,"href":"https:\/\/www.europesays.com\/fr\/wp-json\/wp\/v2\/comments?post=251804"}],"version-history":[{"count":0,"href":"https:\/\/www.europesays.com\/fr\/wp-json\/wp\/v2\/posts\/251804\/revisions"}],"wp:featuredmedia":[{"embeddable":true,"href":"https:\/\/www.europesays.com\/fr\/wp-json\/wp\/v2\/media\/251805"}],"wp:attachment":[{"href":"https:\/\/www.europesays.com\/fr\/wp-json\/wp\/v2\/media?parent=251804"}],"wp:term":[{"taxonomy":"category","embeddable":true,"href":"https:\/\/www.europesays.com\/fr\/wp-json\/wp\/v2\/categories?post=251804"},{"taxonomy":"post_tag","embeddable":true,"href":"https:\/\/www.europesays.com\/fr\/wp-json\/wp\/v2\/tags?post=251804"}],"curies":[{"name":"wp","href":"https:\/\/api.w.org\/{rel}","templated":true}]}}