{"id":251806,"date":"2025-07-16T17:24:10","date_gmt":"2025-07-16T17:24:10","guid":{"rendered":"https:\/\/www.europesays.com\/fr\/251806\/"},"modified":"2025-07-16T17:24:10","modified_gmt":"2025-07-16T17:24:10","slug":"dati-envisage-elle-aussi-de-se-presenter-a-paris","status":"publish","type":"post","link":"https:\/\/www.europesays.com\/fr\/251806\/","title":{"rendered":"Dati envisage elle aussi de se pr\u00e9senter \u00e0 Paris"},"content":{"rendered":"<p>Moins de vingt-quatre heures apr\u00e8s l&rsquo;annonce de la candidature de Michel Barnier, la ministre de la Culture Rachida Dati a fait savoir mercredi qu&rsquo;elle envisageait aussi de se pr\u00e9senter \u00e0 la l\u00e9gislative partielle de la 2e circonscription de Paris, ont indiqu\u00e9 \u00e0 l&rsquo;AFP des sources LR, confirmant une information du Parisien.<\/p>\n<p>\u00ab\u00a0Elle a appel\u00e9 diff\u00e9rentes personnalit\u00e9s de LR pour leur faire part de sa volont\u00e9 d&rsquo;y aller\u00a0\u00bb, ont affirm\u00e9 deux sources des R\u00e9publicains interrog\u00e9es sur les intentions de la maire du VIIe arrondissement de Paris de se lancer dans la course contre son ancien Premier ministre, qui appartient pourtant au m\u00eame parti.<\/p>\n<p>\u00ab\u00a0Elle a \u00e9t\u00e9 tr\u00e8s agac\u00e9e par la mani\u00e8re dont Michel Barnier a annonc\u00e9 sa candidature, mais aussi par la r\u00e9action du parti qui pr\u00e9sentait d\u00e8s mardi soir l&rsquo;ancien Premier ministre comme +notre prochain d\u00e9put\u00e9+\u00a0\u00bb, a ajout\u00e9 l&rsquo;une des sources consult\u00e9es.<\/p>\n<p>Un argument rejet\u00e9 par un dirigeant LR qui doute que Rachida Dati se pr\u00e9sente \u00e0 cette l\u00e9gislative partielle pr\u00e9vue en septembre, et dont le d\u00e9put\u00e9 sortant Jean Laussucq (groupe macroniste Ensemble pour la R\u00e9publique) a \u00e9t\u00e9 d\u00e9clar\u00e9 in\u00e9ligible vendredi par le Conseil constitutionnel.<\/p>\n<p>Il est reproch\u00e9 au d\u00e9put\u00e9 de Paris d&rsquo;avoir r\u00e9gl\u00e9 \u00ab\u00a0des d\u00e9penses de campagne au moyen de son compte bancaire personnel\u00a0\u00bb et d&rsquo;avoir laiss\u00e9 des tiers r\u00e9gler \u00ab\u00a0directement une part significative des d\u00e9penses expos\u00e9es pour sa campagne \u00e9lectorale\u00a0\u00bb de 2024.<\/p>\n<p>\u00ab\u00a0Elle veut mettre la pression sur Michel Barnier pour qu&rsquo;il renonce \u00e0 sa candidature\u00a0\u00bb, explique cette source qui rappelle qu&rsquo;elle avait d\u00e9j\u00e0 livr\u00e9 \u00ab\u00a0une guerre atomique contre Fran\u00e7ois Fillon\u00a0\u00bb en 2012, quand le Premier ministre de Nicolas Sarkozy s&rsquo;\u00e9tait pr\u00e9sent\u00e9 dans cette m\u00eame circonscription, qui s&rsquo;\u00e9tend le long de la rive gauche de la Seine, des jardins du Luxembourg jusqu&rsquo;\u00e0 la Tour Eiffel. Il s&rsquo;\u00e9tait toutefois impos\u00e9.<\/p>\n<p>L&rsquo;entourage de Mme Dati donne une version diff\u00e9rente et \u00e9voque un parachutage du Savoyard Michel Barnier \u00e0 Paris.<\/p>\n<p>Rachida Dati \u00ab\u00a0est engag\u00e9e aupr\u00e8s de son territoire depuis longtemps, elle a toujours d\u00e9fendu le fait que les Parisiens avaient besoin d&rsquo;\u00e9lus implant\u00e9s, que Paris n&rsquo;est pas un territoire (&#8230;) dans lequel on pourrait se parachuter\u00a0\u00bb, a expliqu\u00e9 cette source \u00e0 l&rsquo;AFP.<\/p>\n<p>\u00ab\u00a0Elle va prendre ses responsabilit\u00e9s dans cette partielle et va demander \u00e0 \u00eatre entendue par la commission d&rsquo;investiture des R\u00e9publicains\u00a0\u00bb, qui doit d\u00e9signer le candidat de LR \u00e0 cette l\u00e9gislative partielle, a-t-elle ajout\u00e9.<\/p>\n<p>Selon l&rsquo;une des sources consult\u00e9es, la candidate potentielle \u00e0 la mairie de Paris en mars prochain n&rsquo;aurait pas appr\u00e9ci\u00e9 non plus la rumeur qui circulait chez LR sur une candidature \u00e0 la t\u00eate de la capitale de Michel Barnier \u00ab\u00a0au cas o\u00f9 elle serait emp\u00each\u00e9e\u00a0\u00bb, en allusion \u00e0 sa mise en examen dans une affaire de corruption avec Carlos Ghosn.<\/p>\n<p>\u00ab\u00a0Ce qui int\u00e9resse Michel Barnier, c&rsquo;est la pr\u00e9sidentielle de 2027, pas la mairie de Paris\u00a0\u00bb, a r\u00e9torqu\u00e9 le dirigeant du parti, rejetant la possibilit\u00e9 d&rsquo;une candidature de l&rsquo;ancien Premier ministre \u00e0 l&rsquo;Assembl\u00e9e nationale pour se positionner dans la course \u00e0 la succession d&rsquo;Anne Hidalgo.<\/p>\n<p>Avant son \u00e9lection l&rsquo;an dernier, le d\u00e9put\u00e9 d\u00e9clar\u00e9 in\u00e9ligible Jean Laussucq \u00e9tait l&rsquo;adjoint de Rachida Dati \u00e0 la mairie du VIIe arrondissement. Il avait obtenu l&rsquo;investiture de Renaissance au d\u00e9triment du d\u00e9put\u00e9 sortant Gilles Le Gendre, pourtant un \u00ab\u00a0marcheur\u00a0\u00bb historique.<\/p>\n<p>juc-arz\/pab\/cbn<\/p>\n","protected":false},"excerpt":{"rendered":"Moins de vingt-quatre heures apr\u00e8s l&rsquo;annonce de la candidature de Michel Barnier, la ministre de la Culture Rachida&hellip;\n","protected":false},"author":2,"featured_media":251807,"comment_status":"","ping_status":"","sticky":false,"template":"","format":"standard","meta":{"footnotes":""},"categories":[1888],"tags":[1111,1928,11,1927,1777,674,1011,27,39208,39207,3228,2381,27636,2616,12,1926,626,1925,417,25,29229],"class_list":{"0":"post-251806","1":"post","2":"type-post","3":"status-publish","4":"format-standard","5":"has-post-thumbnail","7":"category-paris","8":"tag-actu","9":"tag-actu-paris","10":"tag-actualites","11":"tag-actualites-paris","12":"tag-eu","13":"tag-europe","14":"tag-fr","15":"tag-france","16":"tag-jean-laussucq","17":"tag-legislative-partielle","18":"tag-lr","19":"tag-mairie-de-paris","20":"tag-michel-barnier","21":"tag-ministre-de-la-culture","22":"tag-news","23":"tag-news-paris","24":"tag-paris","25":"tag-paris-news","26":"tag-rachida-dati","27":"tag-republique-francaise","28":"tag-viie-arrondissement-de-paris"},"share_on_mastodon":{"url":"https:\/\/pubeurope.com\/@fr\/114864079750930464","error":""},"_links":{"self":[{"href":"https:\/\/www.europesays.com\/fr\/wp-json\/wp\/v2\/posts\/251806","targetHints":{"allow":["GET"]}}],"collection":[{"href":"https:\/\/www.europesays.com\/fr\/wp-json\/wp\/v2\/posts"}],"about":[{"href":"https:\/\/www.europesays.com\/fr\/wp-json\/wp\/v2\/types\/post"}],"author":[{"embeddable":true,"href":"https:\/\/www.europesays.com\/fr\/wp-json\/wp\/v2\/users\/2"}],"replies":[{"embeddable":true,"href":"https:\/\/www.europesays.com\/fr\/wp-json\/wp\/v2\/comments?post=251806"}],"version-history":[{"count":0,"href":"https:\/\/www.europesays.com\/fr\/wp-json\/wp\/v2\/posts\/251806\/revisions"}],"wp:featuredmedia":[{"embeddable":true,"href":"https:\/\/www.europesays.com\/fr\/wp-json\/wp\/v2\/media\/251807"}],"wp:attachment":[{"href":"https:\/\/www.europesays.com\/fr\/wp-json\/wp\/v2\/media?parent=251806"}],"wp:term":[{"taxonomy":"category","embeddable":true,"href":"https:\/\/www.europesays.com\/fr\/wp-json\/wp\/v2\/categories?post=251806"},{"taxonomy":"post_tag","embeddable":true,"href":"https:\/\/www.europesays.com\/fr\/wp-json\/wp\/v2\/tags?post=251806"}],"curies":[{"name":"wp","href":"https:\/\/api.w.org\/{rel}","templated":true}]}}