{"id":251816,"date":"2025-07-16T17:29:14","date_gmt":"2025-07-16T17:29:14","guid":{"rendered":"https:\/\/www.europesays.com\/fr\/251816\/"},"modified":"2025-07-16T17:29:14","modified_gmt":"2025-07-16T17:29:14","slug":"etats-unis-donald-trump-fragilise-par-laffaire-epstein-qui-fracture-le-clan-republicain","status":"publish","type":"post","link":"https:\/\/www.europesays.com\/fr\/251816\/","title":{"rendered":"\u00c9tats-Unis. Donald Trump fragilis\u00e9 par l\u2019affaire Epstein, qui fracture le clan r\u00e9publicain"},"content":{"rendered":"<p><a href=\"https:\/\/www.ledauphine.com\/p\/donald-trump\" target=\"_blank\" rel=\"nofollow noopener\">Donald Trump<\/a> est-il en train de vivre la premi\u00e8re crise politique de son second mandat\u00a0? Le pr\u00e9sident am\u00e9ricain appara\u00eet en difficult\u00e9 ces derniers jours, fragilis\u00e9 par l\u2019affaire Epstein. Cette affaire concerne <a href=\"https:\/\/www.ledauphine.com\/faits-divers-justice\/2025\/04\/26\/affaire-epstein-virginia-giuffre-principales-plaignante-et-voix-des-victimes-s-est-suicidee\" target=\"_blank\" rel=\"nofollow noopener\">l\u2019homme d\u2019affaires Jeffrey Epstein<\/a>, accus\u00e9 de trafic sexuel impliquant des mineures, qui s\u2019est suicid\u00e9 en prison en 2019 avant m\u00eame d\u2018\u00eatre jug\u00e9. Il \u00e9tait fich\u00e9 d\u00e9linquant sexuel depuis plus de 10 ans \u00e0 la suite d\u2019accusations selon lesquelles il aurait eu recours aux services de dizaines de prostitu\u00e9es mineures, qui lui ont valu une condamnation pour des faits secondaires.<\/p>\n<p>Lors de la campagne pr\u00e9sidentielle, le r\u00e9publicain avait promis de lever le voile sur cette affaire. Des premiers documents &#8211; ne contenant pas de nouvelles r\u00e9v\u00e9lations &#8211; avaient \u00e9t\u00e9 publi\u00e9s en f\u00e9vrier. Mais dans un <a href=\"https:\/\/www.justice.gov\/opa\/media\/1407001\/dl?inline\" target=\"_blank\" rel=\"nofollow noopener\">m\u00e9morandum<\/a> diffus\u00e9 le 7\u00a0juillet, le minist\u00e8re de la Justice a ferm\u00e9 la porte \u00e0 de nouvelles r\u00e9v\u00e9lations, notamment \u00e0 la publication &#8211; tr\u00e8s attendue &#8211; d\u2019une <a href=\"https:\/\/www.ledauphine.com\/faits-divers-justice\/2024\/01\/04\/affaire-epstein-ce-que-contient-(vraiment)-la-fameuse-liste-de-la-justice\" target=\"_blank\" rel=\"nofollow noopener\">suppos\u00e9e liste de clients<\/a>. \u00ab\u00a0Cet examen syst\u00e9matique n\u2019a r\u00e9v\u00e9l\u00e9 aucune liste de clients incriminante. De m\u00eame, aucune preuve cr\u00e9dible n\u2019a \u00e9t\u00e9 trouv\u00e9e indiquant qu\u2019Epstein faisait chanter des personnalit\u00e9s dans le cadre de ses activit\u00e9s\u00a0\u00bb, \u00e9crit le minist\u00e8re de la Justice.<strong><br \/><\/strong><\/p>\n<p>De quoi provoquer la col\u00e8re au sein du mouvement Make America Great Again, dont de nombreux partisans sont depuis longtemps persuad\u00e9s que des \u00e9l\u00e9ments de l\u2019affaire sont cach\u00e9s pour prot\u00e9ger des \u00e9lites impliqu\u00e9es. La figure conservatrice Tucker Carlson, ancien pr\u00e9sentateur de Fox News, a ainsi accus\u00e9 le minist\u00e8re de la Justice de vouloir \u00ab\u00a0\u00e9touffer\u00a0\u00bb la v\u00e9rit\u00e9 et d\u2018\u00ab\u00a0insulter la population\u00a0\u00bb. \u00ab\u00a0Vous allez perdre 10\u00a0% du mouvement Maga. Si nous perdons 10\u00a0% du mouvement Maga maintenant, nous allons perdre 40 si\u00e8ges, nous allons perdre la pr\u00e9sidence\u00a0\u00bb, a \u00e9galement mis en garde dans son podcast Steve Bannon, ancien conseiller de Donald Trump et figure du mouvement.<\/p>\n<p>\u00ab\u00a0L\u2019Am\u00e9rique m\u00e9rite la v\u00e9rit\u00e9\u00a0\u00bb<\/p>\n<p>Donald Trump a tent\u00e9 d\u2019apaiser le d\u00e9bat, en invitant ses partisans \u00e0 se d\u00e9sint\u00e9resser de l\u2019affaire, qualifiant m\u00eame le dossier \u00ab\u00a0d\u2019ennuyeux\u00a0\u00bb. Mais sa proximit\u00e9 pass\u00e9e avec Jeffrey Epstein a aliment\u00e9 la controverse, faisant \u00e9clater au grand jour des dissensions internes au parti r\u00e9publicain. Ici ou l\u00e0, des voix ont critiqu\u00e9 le manque de transparence de son administration.<\/p>\n<p>\u00ab\u00a0Si le minist\u00e8re de la Justice pouvait faire preuve de plus de transparence, ce serait mieux pour le pays\u00a0\u00bb, a d\u00e9clar\u00e9 au \u00a0 <a href=\"https:\/\/www.nytimes.com\/2025\/07\/15\/us\/politics\/republicans-congress-trump-epstein.html\" target=\"_blank\" rel=\"nofollow noopener\">New York Times<\/a> la repr\u00e9sentante Nancy Mace, r\u00e9publicaine de Caroline du Sud. \u00ab\u00a0Je pense que les Am\u00e9ricains ont besoin de voir ce qu\u2019il y a \u00e0 l\u2019int\u00e9rieur, et ce n\u2019est pas dur \u00e0 comprendre. \u00c0 tous les niveaux, le gouvernement est suppos\u00e9 travailler pour eux. S\u2019il n\u2019y a rien \u00e0 voir, montrez la page blanche\u00a0\u00bb, a \u00e9galement d\u00e9clar\u00e9 Ralph Norman, repr\u00e9sentant de Caroline du Sud. \u00ab\u00a0L\u2019Am\u00e9rique m\u00e9rite la v\u00e9rit\u00e9 sur Jeffrey Epstein et les \u00e9lites riches et puissantes de son entourage\u00a0\u00bb, a \u00e9crit sur X la repr\u00e9sentante de Georgie Marjorie Taylor Greene, pourtant soutien in\u00e9branlable de Trump par le pass\u00e9. M\u00eame le pr\u00e9sident de la Chambre des repr\u00e9sentants, Mike Johnson, a appel\u00e9 \u00e0 la publication des dossiers. \u00ab\u00a0Nous devrions tout d\u00e9voiler et laisser les gens d\u00e9cider\u00a0\u00bb, a-t-il d\u00e9clar\u00e9 lors d\u2019une interview sur l\u2018\u00e9mission The Benny Show.<\/p>\n<p>Volte-face de Trump<\/p>\n<p>\u00ab\u00a0Apr\u00e8s une lune de miel de six mois au cours de laquelle un parti r\u00e9publicain fractur\u00e9 est rest\u00e9 principalement uni par une all\u00e9geance sans faille au pr\u00e9sident, il y a maintenant des signes d\u2019un effritement potentiel de la coalition politique de Trump\u00a0\u00bb, analyse le <a href=\"https:\/\/www.nytimes.com\/2025\/07\/15\/us\/politics\/republicans-congress-trump-epstein.html\" target=\"_blank\" rel=\"nofollow noopener\">New York Times<\/a> dans un article paru mardi.<\/p>\n<p>Face \u00e0 la pression croissante, Donald Trump a finalement d\u00e9clar\u00e9 mardi que toute \u00ab\u00a0information cr\u00e9dible\u00a0\u00bb devrait \u00eatre publi\u00e9e. N\u2019est-il pas trop tard\u00a0? Les d\u00e9mocrates, qui ont per\u00e7u la br\u00e8che, r\u00e9clament en c\u0153ur la publication du dossier. Tout comme <a href=\"https:\/\/www.ledauphine.com\/p\/elon-musk\" target=\"_blank\" rel=\"nofollow noopener\">Elon Musk<\/a>, <a href=\"https:\/\/www.ledauphine.com\/politique\/2025\/07\/05\/elon-musk-annonce-creer-sa-formation-politique-le-parti-de-l-amerique\" target=\"_blank\" rel=\"nofollow noopener\">qui vient de lancer son parti politique<\/a>, et entend bien tirer parti de ses divisions internes. \u00c0 ce jour, seuls 3\u00a0% des Am\u00e9ricains se d\u00e9clarent satisfaits de la quantit\u00e9 d\u2019informations divulgu\u00e9es par le gouvernement sur l\u2019affaire Epstein, selon un <a href=\"https:\/\/edition.cnn.com\/2025\/07\/15\/politics\/jeffrey-epstein-cnn-poll\" target=\"_blank\" rel=\"nofollow noopener\">sondage<\/a> publi\u00e9 mardi par CNN.<\/p>\n","protected":false},"excerpt":{"rendered":"Donald Trump est-il en train de vivre la premi\u00e8re crise politique de son second mandat\u00a0? Le pr\u00e9sident am\u00e9ricain&hellip;\n","protected":false},"author":2,"featured_media":251817,"comment_status":"","ping_status":"","sticky":false,"template":"","format":"standard","meta":{"footnotes":""},"categories":[1589],"tags":[11,73,1866,274,107,329,12,316,1864,1865,1863,308],"class_list":{"0":"post-251816","1":"post","2":"type-post","3":"status-publish","4":"format-standard","5":"has-post-thumbnail","7":"category-etats-unis","8":"tag-actualites","9":"tag-etats-unis","10":"tag-etats-unis-damerique","11":"tag-faits-divers-justice","12":"tag-fil-info","13":"tag-france-monde","14":"tag-news","15":"tag-politique","16":"tag-united-states","17":"tag-united-states-of-america","18":"tag-us","19":"tag-usa"},"share_on_mastodon":{"url":"https:\/\/pubeurope.com\/@fr\/114864099443634342","error":""},"_links":{"self":[{"href":"https:\/\/www.europesays.com\/fr\/wp-json\/wp\/v2\/posts\/251816","targetHints":{"allow":["GET"]}}],"collection":[{"href":"https:\/\/www.europesays.com\/fr\/wp-json\/wp\/v2\/posts"}],"about":[{"href":"https:\/\/www.europesays.com\/fr\/wp-json\/wp\/v2\/types\/post"}],"author":[{"embeddable":true,"href":"https:\/\/www.europesays.com\/fr\/wp-json\/wp\/v2\/users\/2"}],"replies":[{"embeddable":true,"href":"https:\/\/www.europesays.com\/fr\/wp-json\/wp\/v2\/comments?post=251816"}],"version-history":[{"count":0,"href":"https:\/\/www.europesays.com\/fr\/wp-json\/wp\/v2\/posts\/251816\/revisions"}],"wp:featuredmedia":[{"embeddable":true,"href":"https:\/\/www.europesays.com\/fr\/wp-json\/wp\/v2\/media\/251817"}],"wp:attachment":[{"href":"https:\/\/www.europesays.com\/fr\/wp-json\/wp\/v2\/media?parent=251816"}],"wp:term":[{"taxonomy":"category","embeddable":true,"href":"https:\/\/www.europesays.com\/fr\/wp-json\/wp\/v2\/categories?post=251816"},{"taxonomy":"post_tag","embeddable":true,"href":"https:\/\/www.europesays.com\/fr\/wp-json\/wp\/v2\/tags?post=251816"}],"curies":[{"name":"wp","href":"https:\/\/api.w.org\/{rel}","templated":true}]}}