{"id":251818,"date":"2025-07-16T17:30:13","date_gmt":"2025-07-16T17:30:13","guid":{"rendered":"https:\/\/www.europesays.com\/fr\/251818\/"},"modified":"2025-07-16T17:30:13","modified_gmt":"2025-07-16T17:30:13","slug":"nous-devions-agir-rapidement-comment-un-soldat-britannique-a-fourni-une-liste-a-abattre-aux-talibans","status":"publish","type":"post","link":"https:\/\/www.europesays.com\/fr\/251818\/","title":{"rendered":"\u00ab\u00a0Nous devions agir rapidement\u00a0\u00bb: Comment un soldat britannique a fourni une liste \u00e0 abattre aux Talibans"},"content":{"rendered":"<p class=\"ap-StoryElement ap-StoryElement--mb js-paywall-target ap-StoryText\">\u00c0 l&rsquo;\u00e9poque, un peu plus de 17 000 Afghans avaient d\u00e9j\u00e0 \u00e9t\u00e9 accept\u00e9s et envoy\u00e9s vers le Royaume-Uni. \u00ab\u00a0Les candidats retenus avaient d\u00fb \u00eatre trait\u00e9s et envoy\u00e9s par avion, certains m\u00eame clandestinement\u00a0\u00bb, raconte le ministre. Mais la s\u00e9lection n&rsquo;\u00e9tait pas ais\u00e9e. Les Britanniques ne pouvaient pas se reposer sur une liste pr\u00e9cise et devaient donc \u00ab\u00a0demeurer en dialogue constant avec ceux dans le pays. Nous avions trouv\u00e9 des candidatures de sympathisants connus de l&rsquo;\u00c9tat islamique et d&rsquo;Al-Qa\u00efda, ainsi que de personnes qui avaient \u00e9t\u00e9 licenci\u00e9es pour avoir collabor\u00e9 avec les Talibans.\u00a0\u00bb<\/p>\n<p><a href=\"https:\/\/www.lalibre.be\/international\/asie\/2025\/07\/03\/la-russie-devient-le-premier-pays-a-reconnaitre-le-pouvoir-taliban-en-afghanistan-ZS25SXLSJVA2ZAEBBSU3LUDKVQ\/\" target=\"_blank\" rel=\"noopener noreferrer nofollow\" class=\"ap-StoryInterstitialLink ap-StoryElement ap-StoryElement--mb\">La Russie devient le premier pays \u00e0 reconna\u00eetre le pouvoir taliban en Afghanistan<\/a>Une erreur aux cons\u00e9quences dramatiques<\/p>\n<p class=\"ap-StoryElement ap-StoryElement--mb ap-StoryText\">C&rsquo;est alors qu&rsquo;un Royal Marine, les commandos d&rsquo;\u00e9lite de la Royal Navy, a envoy\u00e9 deux courriels \u00e0 plusieurs de ses contacts afghans consid\u00e9r\u00e9s comme s\u00fbrs, leur demandant de confirmer le nom d&rsquo;une poign\u00e9e de personnes. Mais, en pi\u00e8ce jointe de ses messages, il a fourni par m\u00e9garde la liste des noms et des num\u00e9ros de t\u00e9l\u00e9phone des vingt-cinq mille anciens soldats pr\u00e9sum\u00e9s de l&rsquo;arm\u00e9e afghane et des membres de leur famille ayant d\u00e9pos\u00e9 une demande d&rsquo;asile au <a href=\"https:\/\/www.lalibre.be\/international\/europe\/2025\/07\/10\/accord-franco-britannique-sur-un-echange-de-migrants-au-dernier-jour-de-la-visite-detat-de-macron-7GGGKK2J3JGORG4VSFWR5HZKWU\/\" target=\"_blank\" rel=\"nofollow noopener\">Royaume-Uni<\/a>\u2026<\/p>\n<p class=\"ap-StoryElement ap-StoryElement--mb ap-StoryText\">L&rsquo;erreur ne sera pas rep\u00e9r\u00e9e avant le 10 ao\u00fbt 2023. Ce jour-l\u00e0, un r\u00e9sident britannique a \u00e9crit au d\u00e9put\u00e9 de Plymouth Luke Pollard et au sous-ministre de la D\u00e9fense James Heappey pour les pr\u00e9venir qu&rsquo;il d\u00e9tient la fameuse liste. Signe de sa large diffusion, le 14 ao\u00fbt, un Afghan s&rsquo;\u00e9tant vu refuser le statut de r\u00e9fugi\u00e9 avait \u00e9crit sur un groupe Facebook qu&rsquo;il l&rsquo;avait en sa possession et qu&rsquo;il entendait la rendre publique. Pour le prouver, il publie le nom et les coordonn\u00e9es de neuf Afghans s&rsquo;y trouvant.<\/p>\n<p class=\"ap-StoryElement ap-StoryElement--mb ap-StoryText\">Imm\u00e9diatement mis au courant, le minist\u00e8re de la D\u00e9fense britannique s&rsquo;est mis en branle. \u00c0 sa demande, le message a \u00e9t\u00e9 effac\u00e9 dans les jours suivants par Meta, propri\u00e9taire de Facebook. Des espions ont ensuite commenc\u00e9 \u00e0 chercher et \u00e0 effacer toute trace de la liste. Mais il \u00e9tait sans doute d\u00e9j\u00e0 trop tard. D&rsquo;apr\u00e8s plusieurs responsables talibans interrog\u00e9s par The Telegraph, ceux-ci d\u00e9tenaient la liste depuis sa publication sur Internet. Et le nouveau pouvoir s&rsquo;\u00e9tait lanc\u00e9 dans la traque de toutes les personnes cit\u00e9es.<\/p>\n<p class=\"ap-StoryElement ap-StoryElement--mb ap-StoryText\">\u00ab\u00a0Mon oncle et sa famille se sont enfuis en <a href=\"https:\/\/www.lalibre.be\/international\/moyen-orient\/guerre-israel-iran\/2025\/07\/12\/conflit-iran-israel-teheran-pret-a-examiner-les-details-pour-de-potentiels-pourparlers-sur-son-programme-nucleaire-AQZDITVENNACXOW7QYT5LOQSQ4\/\" target=\"_blank\" rel=\"nofollow noopener\">Iran <\/a>apr\u00e8s avoir entendu parler de la liste, t\u00e9moigne un Afghan interrog\u00e9 par le journal. Depuis lors, des combattants talibans viennent r\u00e9guli\u00e8rement chez moi et chez d&rsquo;autres membres de ma famille pour demander de ses nouvelles. &lsquo;Le sang d&rsquo;un espion coule dans vos veines&rsquo;, nous disent-ils.\u00a0\u00bb<\/p>\n<p><a href=\"https:\/\/www.lalibre.be\/international\/asie\/2025\/07\/10\/bienvenue-en-afghanistan-quand-les-talibans-encouragent-les-americains-a-visiter-leur-pays-HBZ63ZJZDZFSTD4SZ7J6BRH6KY\/\" target=\"_blank\" rel=\"noopener noreferrer nofollow\" class=\"ap-StoryInterstitialLink ap-StoryElement ap-StoryElement--mb\">\u00ab\u00a0Bienvenue en Afghanistan\u00a0\u00bb : quand les Talibans encouragent les Am\u00e9ricains \u00e0 visiter leur pays<\/a>Tentative de dissimulation et acc\u00e9l\u00e9ration des \u00e9vacuations<\/p>\n<p class=\"ap-StoryElement ap-StoryElement--mb ap-StoryText\">Dans le m\u00eame temps, un journaliste britannique a appris l&rsquo;existence de la fuite et de la liste et interpell\u00e9 le gouvernement. Le ministre Ben Wallace explique alors avoir r\u00e9clam\u00e9 \u00e0 la justice d&rsquo;interdire la publication d&rsquo;informations sur toute l&rsquo;affaire. \u00ab\u00a0Je ne m&rsquo;excuse pas d&rsquo;avoir demand\u00e9 une injonction au tribunal \u00e0 l&rsquo;\u00e9poque\u00a0\u00bb, a-t-il indiqu\u00e9 dans sa lettre de mercredi. \u00ab\u00a0Il ne s&rsquo;agissait pas d&rsquo;une dissimulation, comme certains tentent pu\u00e9rilement de le pr\u00e9tendre. J&rsquo;ai estim\u00e9 que si cette fuite \u00e9tait signal\u00e9e \u00e0 l&rsquo;\u00e9poque, l&rsquo;existence de la liste mettrait en p\u00e9ril les personnes que nous devions aider.\u00a0\u00bb Journalistes et politiciens s&rsquo;\u00e9taient vus strictement interdire d&rsquo;en discuter.<\/p>\n<p class=\"ap-StoryElement ap-StoryElement--mb ap-StoryText\">Alors que la vague d&rsquo;arriv\u00e9es de r\u00e9fugi\u00e9s afghans s&rsquo;\u00e9tait stabilis\u00e9e \u00e0 partir de d\u00e9cembre 2022, elle va repartir \u00e0 la hausse dans la foul\u00e9e de ces d\u00e9couvertes. \u00c0 partir du mois d&rsquo;octobre suivant, tout s&rsquo;est acc\u00e9l\u00e9r\u00e9. Conscientes du danger, les autorit\u00e9s veulent placer en s\u00e9curit\u00e9 tous ceux pr\u00e9sents sur la liste et non li\u00e9s \u00e0 des organisations terroristes. Entre septembre 2023 et mars 2025, 12 793 Afghans ont ainsi re\u00e7u le statut de r\u00e9fugi\u00e9, m\u00eame s&rsquo;ils n&rsquo;avaient qu&rsquo;un lien t\u00e9nu avec l&rsquo;arm\u00e9e britannique. Un nombre qui devrait encore cro\u00eetre. Le gouvernement a plac\u00e9 7 milliards d&rsquo;euros de c\u00f4t\u00e9 pour financer leur installation au Royaume-Uni.<\/p>\n","protected":false},"excerpt":{"rendered":"\u00c0 l&rsquo;\u00e9poque, un peu plus de 17 000 Afghans avaient d\u00e9j\u00e0 \u00e9t\u00e9 accept\u00e9s et envoy\u00e9s vers le Royaume-Uni.&hellip;\n","protected":false},"author":2,"featured_media":251819,"comment_status":"","ping_status":"","sticky":false,"template":"","format":"standard","meta":{"footnotes":""},"categories":[1588],"tags":[11,29129,1777,674,1227,12,473,1853,1851,1850,1852],"class_list":{"0":"post-251818","1":"post","2":"type-post","3":"status-publish","4":"format-standard","5":"has-post-thumbnail","7":"category-royaume-uni","8":"tag-actualites","9":"tag-defence","10":"tag-eu","11":"tag-europe","12":"tag-horizontal","13":"tag-news","14":"tag-royaume-uni","15":"tag-royaume-uni-de-grande-bretagne-et-dirlande-du-nord","16":"tag-uk","17":"tag-united-kingdom","18":"tag-united-kingdom-of-great-britain-and-northern-ireland"},"share_on_mastodon":{"url":"https:\/\/pubeurope.com\/@fr\/114864103343769302","error":""},"_links":{"self":[{"href":"https:\/\/www.europesays.com\/fr\/wp-json\/wp\/v2\/posts\/251818","targetHints":{"allow":["GET"]}}],"collection":[{"href":"https:\/\/www.europesays.com\/fr\/wp-json\/wp\/v2\/posts"}],"about":[{"href":"https:\/\/www.europesays.com\/fr\/wp-json\/wp\/v2\/types\/post"}],"author":[{"embeddable":true,"href":"https:\/\/www.europesays.com\/fr\/wp-json\/wp\/v2\/users\/2"}],"replies":[{"embeddable":true,"href":"https:\/\/www.europesays.com\/fr\/wp-json\/wp\/v2\/comments?post=251818"}],"version-history":[{"count":0,"href":"https:\/\/www.europesays.com\/fr\/wp-json\/wp\/v2\/posts\/251818\/revisions"}],"wp:featuredmedia":[{"embeddable":true,"href":"https:\/\/www.europesays.com\/fr\/wp-json\/wp\/v2\/media\/251819"}],"wp:attachment":[{"href":"https:\/\/www.europesays.com\/fr\/wp-json\/wp\/v2\/media?parent=251818"}],"wp:term":[{"taxonomy":"category","embeddable":true,"href":"https:\/\/www.europesays.com\/fr\/wp-json\/wp\/v2\/categories?post=251818"},{"taxonomy":"post_tag","embeddable":true,"href":"https:\/\/www.europesays.com\/fr\/wp-json\/wp\/v2\/tags?post=251818"}],"curies":[{"name":"wp","href":"https:\/\/api.w.org\/{rel}","templated":true}]}}