{"id":251820,"date":"2025-07-16T17:31:09","date_gmt":"2025-07-16T17:31:09","guid":{"rendered":"https:\/\/www.europesays.com\/fr\/251820\/"},"modified":"2025-07-16T17:31:09","modified_gmt":"2025-07-16T17:31:09","slug":"allemagne-un-impot-pour-les-boomer-pour-sauver-les-retraites","status":"publish","type":"post","link":"https:\/\/www.europesays.com\/fr\/251820\/","title":{"rendered":"Allemagne : un \u00ab imp\u00f4t pour les boomer \u00bb pour sauver les retraites\u00a0?"},"content":{"rendered":"<p>Appelez-la \u00ab vague grise \u00bb ou \u00ab bombe d\u00e9mographique \u00bb, mais le constat est \u00e0 la porte, implacable. En Allemagne, aujourd\u2019hui, un habitant sur trois en \u00e2ge de travailler est \u00e0 la retraite. Dans dix ans, ce sera 42\u00a0%. Qui paiera ces cotisations\u00a0? Depuis cinq d\u00e9cennies, l\u2019Allemagne fait trop peu d\u2019enfants et la tendance, comme partout ailleurs, est \u00e0 la fermeture de ses fronti\u00e8res. Parall\u00e8lement, la dur\u00e9e de vie, et donc des versements, augmente. Le report progressif de l\u2019\u00e2ge l\u00e9gal de d\u00e9part \u00e0 la retraite, de 65 \u00e0 67 ans d\u2019ici 2029, ne va pas suffire. L\u2019heure des choix pour la viabilit\u00e9 du syst\u00e8me approche. Comme le Spiegel l\u2019\u00e9crit : \u00ab Il n\u2019y a pas de bonnes solutions, seulement un choix entre les moins mauvaises \u00bb.<\/p>\n<p>La nouvelle coalition n\u2019a pas r\u00e9gl\u00e9 la tr\u00e8s \u00e9pineuse question dans son contrat de gouvernement. Pour r\u00e9compenser une cat\u00e9gorie de la population qui a constitu\u00e9 la grande majorit\u00e9 de son \u00e9lectorat, la pension des retrait\u00e9s a \u00e9t\u00e9 augment\u00e9e de 3,74\u00a0%, au 1er juillet. Avec l\u2019augmentation du nombre de d\u00e9part des baby-boomers des ann\u00e9es 50 et 60, le montant du d\u00e9ficit des caisses de retraite (exc\u00e9dentaires jusqu\u2019\u00e0 l\u2019an dernier) d\u00e9gringole\u00a0: &#8211; 7 milliards d\u2019\u20ac. Prix \u00e0 payer d\u2019une soci\u00e9t\u00e9 vieillissante, les bilans de l\u2019Assurance Maladie et des d\u00e9penses li\u00e9es \u00e0 la d\u00e9pendance s\u2019enfoncent dans le rouge. Une commission sur les retraites devra trouver des r\u00e9ponses. Peut-\u00eatre le signe d\u2019une \u00e9volution vers la capitalisation, le chancelier Friedrich Merz a \u00e9voqu\u00e9 une proposition originale. Un versement par l\u2019\u00c9tat de 10 \u20ac mensuel, en faveur des enfants, sur un compte bloqu\u00e9 jusqu\u2019\u00e0 la retraite. G\u00e9r\u00e9 par le secteur priv\u00e9, les int\u00e9r\u00eats g\u00e9n\u00e9r\u00e9s par ces sommes pourraient porter le total \u00e0 70\u00a0000 euros d\u2019\u00e9pargne retraite.<\/p>\n<p>Ne pas surcharger le fardeau des jeunes<\/p>\n<p>L\u2019institut \u00e9conomique DIW s\u2019est invit\u00e9 dans le d\u00e9bat. Son \u00e9tude de 16 pages, publi\u00e9e mardi, fait d\u00e9j\u00e0 grand bruit dans les m\u00e9dias sous le titre\u00a0: \u00ab Un imp\u00f4t pour les boomers\u00a0! \u00bb. Maximilian Blesch, un de ses auteurs, commente\u00a0: \u00ab Aujourd\u2019hui d\u00e9j\u00e0, 20\u00a0% du budget f\u00e9d\u00e9ral total est consacr\u00e9 aux retraites. Notre proposition offre la chance que toutes les g\u00e9n\u00e9rations participent \u00e0 l\u2019accomplissement de la t\u00e2che, sans surcharger le fardeau des jeunes g\u00e9n\u00e9rations \u00bb. Avec ce syst\u00e8me de redistribution, l\u2019\u00c9tat pr\u00e9l\u00e8verait, sur le total des revenus une taxe proportionnelle et d\u00e9gressive\u00a0: 4\u00a0% pour les retrait\u00e9s touchant plus de 3\u00a0800 \u20ac mensuels, 2,5\u00a0% au-dessus de 2\u00a0200 \u20ac&#8230; En bas de l\u2019\u00e9chelle, la pension des plus d\u00e9favoris\u00e9s remonterait en fl\u00e8che\u00a0: + 11\u00a0% pour ceux b\u00e9n\u00e9ficiant de revenus inf\u00e9rieurs \u00e0 1\u00a0000 \u20ac. La p\u00e9r\u00e9quation permettrait de hisser une partie des retrait\u00e9s pauvres hors de la zone rouge. Leur nombre passerait de 18\u00a0% \u00e0 14\u00a0%, selon le DIW.<\/p>\n<p>\u00ab D\u00e9trousser les retrait\u00e9s \u00e0 la Robin des Bois \u00bb<\/p>\n<p>Actuellement, un retrait\u00e9 sur 4 per\u00e7oit moins de 1\u00a0300 \u20ac mensuels apr\u00e8s 45 ans de cotisation, d\u2019apr\u00e8s les chiffres du Minist\u00e8re du Travail publi\u00e9s au d\u00e9but du mois. Dans cette hypoth\u00e8se, ce ne serait plus seulement les jeunes qui paient pour les g\u00e9n\u00e9rations qui ont profit\u00e9 pendant des d\u00e9cennies de faibles taux de cotisation, mais les vieux riches paieraient pour les vieux pauvres. Maximilian Blesch s\u2019attendait \u00e0 des r\u00e9actions n\u00e9gatives, \u00ab comme lors de chaque redistribution \u00bb. L\u2019hebdo Stern accuse l\u2019Institut de vouloir \u00ab d\u00e9trousser les retrait\u00e9s \u00e0 la Robin des Bois \u00bb et l\u2019association des contribuables proteste\u00a0: cette r\u00e9forme aurait pour effet de \u00ab casser le principe \u00e9quitable de pensions \u00e9quivalentes aux cotisations \u00bb.<\/p>\n","protected":false},"excerpt":{"rendered":"Appelez-la \u00ab vague grise \u00bb ou \u00ab bombe d\u00e9mographique \u00bb, mais le constat est \u00e0 la porte, implacable.&hellip;\n","protected":false},"author":2,"featured_media":251821,"comment_status":"","ping_status":"","sticky":false,"template":"","format":"standard","meta":{"footnotes":""},"categories":[1587],"tags":[11,672,1804,1805,1803,33,1777,674,526,1801,342,74,12,1802,137,572],"class_list":{"0":"post-251820","1":"post","2":"type-post","3":"status-publish","4":"format-standard","5":"has-post-thumbnail","7":"category-allemagne","8":"tag-actualites","9":"tag-allemagne","10":"tag-bundesrepublik-deutschland","11":"tag-de","12":"tag-deutschland","13":"tag-economie","14":"tag-eu","15":"tag-europe","16":"tag-fiscalite","17":"tag-germany","18":"tag-impots","19":"tag-monde","20":"tag-news","21":"tag-republique-federale-dallemagne","22":"tag-retraite","23":"tag-vieillesse"},"share_on_mastodon":{"url":"https:\/\/pubeurope.com\/@fr\/114864107348481617","error":""},"_links":{"self":[{"href":"https:\/\/www.europesays.com\/fr\/wp-json\/wp\/v2\/posts\/251820","targetHints":{"allow":["GET"]}}],"collection":[{"href":"https:\/\/www.europesays.com\/fr\/wp-json\/wp\/v2\/posts"}],"about":[{"href":"https:\/\/www.europesays.com\/fr\/wp-json\/wp\/v2\/types\/post"}],"author":[{"embeddable":true,"href":"https:\/\/www.europesays.com\/fr\/wp-json\/wp\/v2\/users\/2"}],"replies":[{"embeddable":true,"href":"https:\/\/www.europesays.com\/fr\/wp-json\/wp\/v2\/comments?post=251820"}],"version-history":[{"count":0,"href":"https:\/\/www.europesays.com\/fr\/wp-json\/wp\/v2\/posts\/251820\/revisions"}],"wp:featuredmedia":[{"embeddable":true,"href":"https:\/\/www.europesays.com\/fr\/wp-json\/wp\/v2\/media\/251821"}],"wp:attachment":[{"href":"https:\/\/www.europesays.com\/fr\/wp-json\/wp\/v2\/media?parent=251820"}],"wp:term":[{"taxonomy":"category","embeddable":true,"href":"https:\/\/www.europesays.com\/fr\/wp-json\/wp\/v2\/categories?post=251820"},{"taxonomy":"post_tag","embeddable":true,"href":"https:\/\/www.europesays.com\/fr\/wp-json\/wp\/v2\/tags?post=251820"}],"curies":[{"name":"wp","href":"https:\/\/api.w.org\/{rel}","templated":true}]}}