{"id":251822,"date":"2025-07-16T17:32:09","date_gmt":"2025-07-16T17:32:09","guid":{"rendered":"https:\/\/www.europesays.com\/fr\/251822\/"},"modified":"2025-07-16T17:32:09","modified_gmt":"2025-07-16T17:32:09","slug":"la-pression-de-washington-sur-leurope-ne-se-relache-pas","status":"publish","type":"post","link":"https:\/\/www.europesays.com\/fr\/251822\/","title":{"rendered":"La pression de Washington sur l\u2019Europe ne se rel\u00e2che pas"},"content":{"rendered":"<p>\n                                                Droits de douane, politiques sociales des entreprises, r\u00e9seaux sociaux des \u00e9tudiants\u2026 l\u2019administration des \u00c9tats-Unis cherche \u00e0 exercer un contr\u00f4le multiforme sur les pays de l\u2019UE.                    <\/p>\n<p><strong>En <a target=\"_self\" href=\"https:\/\/www.rfi.fr\/fr\/tag\/allemagne\/\" rel=\"noopener\">Allemagne<\/a><\/strong>, comme dans le reste de l\u2019UE, les entreprises qui ne r\u00e9pondent pas aux exigences politiques de Donald Trump sont dans le viseur &#8211; par exemple celles qui favorisent la diversit\u00e9 sociale, ou encore d\u00e9fendent les droits <strong><a>LGBT<\/a><\/strong>.\u00a0<strong>\u00c0 Berlin,<\/strong> la communaut\u00e9 organise le 26 juillet une des plus grandes gay pride d\u2019Europe, comme tous les ans. Mais cette ann\u00e9e, ses organisateurs ont du mal \u00e0 boucler le budget car de nombreux sponsors ont fait faux bond. Sur cette bataille culturelle, le <strong>reportage de Salom\u00e9 H\u00e9non-Cohin.<\/strong><\/p>\n<p><strong>En <a target=\"_self\" href=\"https:\/\/www.rfi.fr\/fr\/tag\/irlande\/\" rel=\"noopener\">Irlande<\/a><\/strong>,<strong> <\/strong>des <strong><a target=\"_self\" href=\"https:\/\/www.rfi.fr\/fr\/tag\/enseignement\/\" rel=\"noopener\">\u00e9tudiants<\/a><\/strong> s&rsquo;interrogent : aux <strong><a target=\"_self\" href=\"https:\/\/www.rfi.fr\/fr\/tag\/\u00e9tats-unis\/\" rel=\"noopener\">\u00c9tats-Unis<\/a><\/strong>, la libert\u00e9 d\u2019expression &#8211; qui est un fondement de la d\u00e9mocratie am\u00e9ricaine &#8211; est-elle encore garantie ? Les jeunes Irlandais qui souhaitent traverser l&rsquo;Atlantique pour un job d&rsquo;\u00e9t\u00e9 ou pour s&rsquo;inscrire \u00e0 l&rsquo;universit\u00e9 sont d\u00e9sormais soumis \u00e0 un contr\u00f4le approfondi de leurs activit\u00e9s sur les <strong><a target=\"_self\" href=\"https:\/\/www.rfi.fr\/fr\/tag\/r\u00e9seaux-sociaux\/\" rel=\"noopener\">r\u00e9seaux sociaux<\/a><\/strong>. De ce contr\u00f4le, d\u00e9pend leur droit \u00e0 entrer sur le territoire. Et m\u00eame si Washington a repris l&rsquo;examen des demandes de visas \u00e9tudiants, apr\u00e8s la suspension de fin juin, ces jeunes sont de plus en plus nombreux \u00e0 renoncer \u00e0 leur voyage. \u00c0 Dublin,\u00a0<strong>les explications de<\/strong> <strong>Cl\u00e9mence P\u00e9nard<\/strong>.<\/p>\n<p>\u00a0<\/p>\n<p><strong>La recrudescence des <a target=\"_self\" href=\"https:\/\/www.rfi.fr\/fr\/tag\/sant\u00e9-et-m\u00e9decine\/\" rel=\"noopener\">IST<\/a> inqui\u00e8te.<\/strong> En Europe, elles sont devenues une pr\u00e9occupation de sant\u00e9 publique : d\u00e9but 2025, le Centre europ\u00e9en de pr\u00e9vention et de contr\u00f4le des maladies alertait sur leur rapide augmentation avec dans certains cas des hausses de 30 \u00e0 45% sur un an. <strong>\u00c0 Vienne, la capitale <a target=\"_self\" href=\"https:\/\/www.rfi.fr\/fr\/tag\/autriche\/\" rel=\"noopener\">autrichienne<\/a><\/strong>, une exposition se propose de sensibiliser la population \u00e0 la question. Cela se passe au mus\u00e9e d&rsquo;Histoire naturelle qui profite de ses anciennes collections m\u00e9dicales, \u00e2mes sensibles s&rsquo;abstenir&#8230;\u00a0 Le <strong>reportage de C\u00e9line B\u00e9al<\/strong>.<\/p>\n<p>\u00a0<\/p>\n<p><strong><a target=\"_self\" href=\"https:\/\/www.rfi.fr\/fr\/tag\/litt\u00e9rature\/\" rel=\"noopener\">L&rsquo;\u00e9crivain<\/a> <a target=\"_self\" href=\"https:\/\/www.rfi.fr\/fr\/tag\/russie\/\" rel=\"noopener\">russe<\/a> Boris Akounine condamn\u00e9 par contumace lundi \u00e0 14 ans de prison<\/strong> par un tribunal militaire. Critique du pouvoir, oppos\u00e9 \u00e0 l&rsquo;invasion de l&rsquo;<strong><a target=\"_self\" href=\"https:\/\/www.rfi.fr\/fr\/tag\/ukraine\/\" rel=\"noopener\">Ukraine<\/a><\/strong>, le romancier qui vit en exil depuis plus de 10 ans, est notamment accus\u00e9 de justifier le <strong><a target=\"_self\" href=\"https:\/\/www.rfi.fr\/fr\/tag\/terrorisme\/\" rel=\"noopener\">terrorisme<\/a><\/strong>. <strong>Les explications de Denis Strelkov<\/strong> de la r\u00e9daction russe de RFI.<\/p>\n","protected":false},"excerpt":{"rendered":"Droits de douane, politiques sociales des entreprises, r\u00e9seaux sociaux des \u00e9tudiants\u2026 l\u2019administration des \u00c9tats-Unis cherche \u00e0 exercer un&hellip;\n","protected":false},"author":2,"featured_media":251823,"comment_status":"","ping_status":"","sticky":false,"template":"","format":"standard","meta":{"footnotes":""},"categories":[1586],"tags":[2361,11,2578,75,73,1777,674,1011,27,12,25,364],"class_list":{"0":"post-251822","1":"post","2":"type-post","3":"status-publish","4":"format-standard","5":"has-post-thumbnail","7":"category-europe","8":"tag-accents-deurope","9":"tag-actualites","10":"tag-commerce-et-echanges","11":"tag-donald-trump","12":"tag-etats-unis","13":"tag-eu","14":"tag-europe","15":"tag-fr","16":"tag-france","17":"tag-news","18":"tag-republique-francaise","19":"tag-union-europeenne"},"share_on_mastodon":{"url":"https:\/\/pubeurope.com\/@fr\/114864111278372623","error":""},"_links":{"self":[{"href":"https:\/\/www.europesays.com\/fr\/wp-json\/wp\/v2\/posts\/251822","targetHints":{"allow":["GET"]}}],"collection":[{"href":"https:\/\/www.europesays.com\/fr\/wp-json\/wp\/v2\/posts"}],"about":[{"href":"https:\/\/www.europesays.com\/fr\/wp-json\/wp\/v2\/types\/post"}],"author":[{"embeddable":true,"href":"https:\/\/www.europesays.com\/fr\/wp-json\/wp\/v2\/users\/2"}],"replies":[{"embeddable":true,"href":"https:\/\/www.europesays.com\/fr\/wp-json\/wp\/v2\/comments?post=251822"}],"version-history":[{"count":0,"href":"https:\/\/www.europesays.com\/fr\/wp-json\/wp\/v2\/posts\/251822\/revisions"}],"wp:featuredmedia":[{"embeddable":true,"href":"https:\/\/www.europesays.com\/fr\/wp-json\/wp\/v2\/media\/251823"}],"wp:attachment":[{"href":"https:\/\/www.europesays.com\/fr\/wp-json\/wp\/v2\/media?parent=251822"}],"wp:term":[{"taxonomy":"category","embeddable":true,"href":"https:\/\/www.europesays.com\/fr\/wp-json\/wp\/v2\/categories?post=251822"},{"taxonomy":"post_tag","embeddable":true,"href":"https:\/\/www.europesays.com\/fr\/wp-json\/wp\/v2\/tags?post=251822"}],"curies":[{"name":"wp","href":"https:\/\/api.w.org\/{rel}","templated":true}]}}