{"id":251824,"date":"2025-07-16T17:33:14","date_gmt":"2025-07-16T17:33:14","guid":{"rendered":"https:\/\/www.europesays.com\/fr\/251824\/"},"modified":"2025-07-16T17:33:14","modified_gmt":"2025-07-16T17:33:14","slug":"budget-de-lunion-europeenne-la-commission-devoile-un-cadre-financier-de-2-000-milliards-deuros-pour-la-periode-2028-2034","status":"publish","type":"post","link":"https:\/\/www.europesays.com\/fr\/251824\/","title":{"rendered":"Budget de l&rsquo;Union europ\u00e9enne : la Commission d\u00e9voile un cadre financier de 2 000 milliards d&rsquo;euros pour la p\u00e9riode 2028-2034"},"content":{"rendered":"<p>\tBudget de l&rsquo;Union europ\u00e9enne : la Commission d\u00e9voile un cadre financier de 2 000 milliards d&rsquo;euros pour la p\u00e9riode 2028-2034 &#8211; Touteleurope.eu<\/p>\n<p>\t\t<img decoding=\"async\" alt=\"fermer\" class=\"close-info\" src=\"https:\/\/www.touteleurope.eu\/wp-content\/themes\/toute_leurope\/assets\/images\/close-picto-blue.svg\"\/><\/p>\n<p>Touteleurope.eu est le site p\u00e9dagogique de r\u00e9f\u00e9rence sur les questions europ\u00e9ennes : <a href=\"https:\/\/www.touteleurope.eu\/qui-sommes-nous\/\" target=\"_blank\" rel=\"noopener\">Qui sommes-nous ?<\/a><\/p>\n<p><img decoding=\"async\" fetchpriority=\"high\" class=\"logo-pdf\" alt=\"Toute L'Europe \u2013 Comprendre l'Europe\" src=\"https:\/\/www.touteleurope.eu\/wp-content\/themes\/toute_leurope\/assets\/images\/logo-ttl.svg\"\/><\/p>\n","protected":false},"excerpt":{"rendered":"Budget de l&rsquo;Union europ\u00e9enne : la Commission d\u00e9voile un cadre financier de 2 000 milliards d&rsquo;euros pour la&hellip;\n","protected":false},"author":2,"featured_media":251825,"comment_status":"","ping_status":"","sticky":false,"template":"","format":"standard","meta":{"footnotes":""},"categories":[1586],"tags":[11,31907,1777,674,1779,1011,27,12,25,1778,364],"class_list":{"0":"post-251824","1":"post","2":"type-post","3":"status-publish","4":"format-standard","5":"has-post-thumbnail","7":"category-europe","8":"tag-actualites","9":"tag-budget-europeen-2021-2027","10":"tag-eu","11":"tag-europe","12":"tag-european-union","13":"tag-fr","14":"tag-france","15":"tag-news","16":"tag-republique-francaise","17":"tag-ue","18":"tag-union-europeenne"},"share_on_mastodon":{"url":"https:\/\/pubeurope.com\/@fr\/114864115398239500","error":""},"_links":{"self":[{"href":"https:\/\/www.europesays.com\/fr\/wp-json\/wp\/v2\/posts\/251824","targetHints":{"allow":["GET"]}}],"collection":[{"href":"https:\/\/www.europesays.com\/fr\/wp-json\/wp\/v2\/posts"}],"about":[{"href":"https:\/\/www.europesays.com\/fr\/wp-json\/wp\/v2\/types\/post"}],"author":[{"embeddable":true,"href":"https:\/\/www.europesays.com\/fr\/wp-json\/wp\/v2\/users\/2"}],"replies":[{"embeddable":true,"href":"https:\/\/www.europesays.com\/fr\/wp-json\/wp\/v2\/comments?post=251824"}],"version-history":[{"count":0,"href":"https:\/\/www.europesays.com\/fr\/wp-json\/wp\/v2\/posts\/251824\/revisions"}],"wp:featuredmedia":[{"embeddable":true,"href":"https:\/\/www.europesays.com\/fr\/wp-json\/wp\/v2\/media\/251825"}],"wp:attachment":[{"href":"https:\/\/www.europesays.com\/fr\/wp-json\/wp\/v2\/media?parent=251824"}],"wp:term":[{"taxonomy":"category","embeddable":true,"href":"https:\/\/www.europesays.com\/fr\/wp-json\/wp\/v2\/categories?post=251824"},{"taxonomy":"post_tag","embeddable":true,"href":"https:\/\/www.europesays.com\/fr\/wp-json\/wp\/v2\/tags?post=251824"}],"curies":[{"name":"wp","href":"https:\/\/api.w.org\/{rel}","templated":true}]}}