{"id":251833,"date":"2025-07-16T17:39:12","date_gmt":"2025-07-16T17:39:12","guid":{"rendered":"https:\/\/www.europesays.com\/fr\/251833\/"},"modified":"2025-07-16T17:39:12","modified_gmt":"2025-07-16T17:39:12","slug":"la-belle-histoire-amateur-je-suis-disponible-pour-jouer-du-1-au-15-loann-goujon-se-confie-avant-de-rechausser-les-crampons-a-combronde-club-de-regionale-2","status":"publish","type":"post","link":"https:\/\/www.europesays.com\/fr\/251833\/","title":{"rendered":"La belle histoire amateur \u2013 \u00ab\u00a0Je suis disponible pour jouer du 1 au 15\u00a0!\u00a0\u00bb\u00a0: Loann Goujon se confie avant de rechausser les crampons \u00e0 Combronde, club de R\u00e9gionale 2"},"content":{"rendered":"<p>\n                L\u2019ancien troisi\u00e8me ligne international (17 s\u00e9lections) a arr\u00eat\u00e9 sa carri\u00e8re en juin\u00a02024 mais l\u2019appel de son club d\u2019enfance a \u00e9t\u00e9 plus fort. \u00c0 trente-six ans, Loann Goujon revient \u00e0 Combronde (Puy-de-D\u00f4me), en R\u00e9gionale 2, pour se faire plaisir.\n            <\/p>\n<p><strong>Loann, vous vous \u00eates engag\u00e9 au RC Combronde, un club de R\u00e9gionale 2 dans le Puy-de-D\u00f4me. Expliquez-nous vos motivations\u2026<\/strong><\/p>\n<p>Elles sont assez simples. Il s\u2019agit de boucler la boucle dans le club o\u00f9 j\u2019ai commenc\u00e9. Je n\u2019\u00e9tais vraiment pas reparti pour le faire, mais finalement, je me suis laiss\u00e9 un peu convaincre autour d\u2019une bi\u00e8re et puis voil\u00e0\u00a0! Je vais essayer de transmettre deux ou trois choses pour l\u2019\u00e9quipe. J\u2019ai vu qu\u2019il y avait pas mal de jeunes qui montaient en \u00e9quipe une. Cela va \u00eatre int\u00e9ressant de pouvoir partager mon v\u00e9cu dans un autre environnement. En R\u00e9gionale 2, je ne me fais pas trop de soucis pour que les gars soient \u00e0 l\u2019\u00e9coute. Mais je ne veux pas non plus prendre trop de place par rapport \u00e0 cela. Mon but premier est surtout de pouvoir aller courir un peu avec les coll\u00e8gues et profiter.<\/p>\n<p><strong>Comment s\u2019est d\u00e9roul\u00e9 le processus de votre retour aux sources\u00a0?<\/strong><\/p>\n<p>Il n\u2019a pas \u00e9t\u00e9 long\u00a0! C\u2019\u00e9tait d\u00e9but mai, au cours d\u2019un festival de musique \u00e0 c\u00f4t\u00e9 de Combronde, avec trois amis d\u2019enfance (Micka\u00ebl Ma\u00eetre, Adrien Chaumet et\u00a0Jonathan Desnier) et on s\u2019est dit, \u00ab\u00a0allez, si je fais une autre saison, tu en refais une\u00a0!\u00a0\u00bb Et on se retrouve donc \u00e0 en refaire une tous les quatre (rires). C\u2019\u00e9tait une sorte de \u00ab\u00a0cap ou pas cap\u00a0\u00bb en fait\u00a0! Maintenant, on verra comment \u00e7a se passe.<\/p>\n<p><strong>Pour le grand public, comment d\u00e9cririez-vous ce club du Puy-de-D\u00f4me\u00a0?<\/strong><\/p>\n<p>Je ne vais pas \u00eatre tr\u00e8s objectif par rapport \u00e0 cela car c\u2019est l\u00e0 o\u00f9 j\u2019ai commenc\u00e9. J\u2019ai de fortes attaches sur la r\u00e9gion aussi. Mais Combronde reste un club tr\u00e8s familial. Il y a une super \u00e9cole de rugby. C\u2019est un club qui a su garder cet attrait sp\u00e9cial. En allant l\u00e0-bas, on se sent bien, on est bien accueilli. Lorsque je jouais en Top 14, j\u2019essayais d\u2019y retourner le plus possible. Et \u00e0 chaque fois, c\u2019est comme si je n\u2019\u00e9tais jamais parti. Aujourd\u2019hui, c\u2019est aussi un juste retour des choses d\u2019y retourner, de reporter ce maillot.<\/p>\n<p><strong>Vous arrivez donc en R2 avec une \u00e9norme exp\u00e9rience professionnelle. Dans quels aspects souhaitez-vous le plus apporter \u00e0 vos co\u00e9quipiers\u00a0?<\/strong><\/p>\n<p>Je ne sais pas trop. Je pense que ce sont des choses qui se feront naturellement. Moi, d\u00e9j\u00e0, il faudra que j\u2019adapte \u00e0 un nouvel environnement, des r\u00e8gles diff\u00e9rentes\u00a0etc. Par contre, je ne suis pas l\u00e0 pour prendre la place de quelqu\u2019un. Je suis plus au service d\u2019un staff s\u2019il y a besoin d\u2019un coup de main j\u2019essaierai de faire ce que je peux dans la limite de mes capacit\u00e9s. C\u2019est enrichissant de pouvoir transmettre un peu ce qu\u2019on a engrang\u00e9 en tant que sportif professionnel. Et si les gars sont r\u00e9ceptifs \u00e0 cela, tant mieux. Sur la partie mentale, ce sera \u00e0 moi aussi de montrer l\u2019exemple. Apr\u00e8s, sur la partie coh\u00e9sion, je n\u2019ai absolument rien \u00e0 leur apprendre. Je pense que s\u2019il y a bien un milieu o\u00f9 j\u2019ai \u00e0 apprendre, de la part du club, c\u2019est celui-l\u00e0 (rires).<\/p>\n<p><strong>Il y a un peu plus d\u2019un an, vous disputiez votre dernier match de Top 14 avec Lyon, et vous vous appr\u00eatez \u00e0 jouer huit divisions en dessous. Comment vivez-vous ce changement d\u2019environnement\u00a0?<\/strong><\/p>\n<p>Il y a un peu d\u2019appr\u00e9hension, mais je ne me prends pas vraiment la t\u00eate par rapport \u00e0 cela. Ce n\u2019est pas l\u2019\u00e9cart de niveau qui me chagrine, cela n\u2019a pas d\u2019importance. Cela fait un an que j\u2019ai compl\u00e8tement arr\u00eat\u00e9 et que j\u2019ai ralenti le sport. Physiquement, je commence \u00e0 le sentir aussi. Encore une fois, ce sont vraiment pour les liens d\u2019amiti\u00e9 que je veux rejouer \u00e0 Combronde.<\/p>\n<p>        <img decoding=\"async\" class=\"std-img__img responsive-img\" src=\"https:\/\/www.europesays.com\/fr\/wp-content\/uploads\/2025\/07\/1752687551_414_image.jpg\" alt=\"Form\u00e9 \u00e0 Clermont, Loann Goujon s'est r\u00e9v\u00e9l\u00e9 \u00e0 La Rochelle, club dont il a port\u00e9 les couleurs entre 2012 et 2015.\"\/><\/p>\n<p>                Form\u00e9 \u00e0 Clermont, Loann Goujon s&rsquo;est r\u00e9v\u00e9l\u00e9 \u00e0 La Rochelle, club dont il a port\u00e9 les couleurs entre 2012 et 2015.<br \/>\n                                    Dave Winter \/ Icon Sport<\/p>\n<p><strong>Savez-vous d\u00e9j\u00e0 quel poste vous allez jouer\u00a0?<\/strong><\/p>\n<p>Je suis disponible pour jouer du 1 au 15\u00a0! Cela a toujours \u00e9t\u00e9 mon r\u00eave de taper des longues p\u00e9nalit\u00e9s donc on verra\u00a0!<\/p>\n<p><strong>La pr\u00e9paration physique sera-t-elle moins intense que lorsque vous \u00e9tiez en Top 14\u00a0?<\/strong><\/p>\n<p>Je l\u2019appr\u00e9hende en tout cas (rires)\u00a0! Il va falloir que j\u2019aille recourir un peu, alors que ce n\u2019\u00e9tait d\u00e9j\u00e0 pas ma tasse de th\u00e9 quand j\u2019\u00e9tais professionnel\u2026 Cette pr\u00e9paration physique devrait gratter un peu, quelles que soient les s\u00e9ances, mais bon il faudra que je montre l\u2019exemple \u00e0 un moment donn\u00e9 et m\u00eame si j\u2019en bave un peu il faudra jouer le jeu\u00a0! Il faut y passer de toute fa\u00e7on.<\/p>\n<p><strong>Aujourd\u2019hui, de quoi est faite votre nouvelle vie\u00a0?<\/strong><\/p>\n<p>J\u2019ai bascul\u00e9 \u00e0 100\u00a0% sur ma reconversion professionnelle depuis septembre dernier. J\u2019ai int\u00e9gr\u00e9 les \u00e9quipes de Clermont Auvergne Events, une antenne de GL Events (NDLR\u00a0: une entreprise sp\u00e9cialis\u00e9e dans le secteur de l\u2019\u00e9v\u00e9nementiel et sponsor majoritaire du Lou Rugby). Je suis charg\u00e9 d\u2019affaires en manifestations organis\u00e9es. Je m\u2019occupe de la commercialisation d\u2019\u00e9v\u00e9nements en allant chercher des exposants, \u00eatre force de proposition sur l\u2019organisation\u00a0etc. Il faut vendre les \u00e9v\u00e9nements, finalement.\u00a0J\u2019avais vraiment exprim\u00e9 mon souhait de retourner en Auvergne et il y a eu cette opportunit\u00e9. La transition s\u2019est faite naturellement. J\u2019ai int\u00e9gr\u00e9 une super \u00e9quipe qui m\u2019a bien accueilli, avec un projet aussi qui \u00e9tait prenant\u00a0: le but \u00e9tait de remonter une foire sur Clermont-Ferrand, ce qui m\u2019a demand\u00e9 pas mal d\u2019investissement mais cela m\u2019a permis de tr\u00e8s vite basculer apr\u00e8s ma carri\u00e8re de rugbyman. C\u00f4t\u00e9 sport, il a fallu aussi s\u2019adapter un peu. De temps en temps, j\u2019essaye d\u2019aller courir entre midi et deux, j\u2019ai pris un abonnement \u00e0 la salle, mais la motivation n\u2019est plus la m\u00eame bien s\u00fbr, il y a moins cet esprit d\u2019\u00e9quipe. M\u00eame si\u00a0dans mon service, il y a quelques sportifs qui me motivent et tant mieux\u00a0! Il faut me secouer un peu\u00a0! Il faut que cela soit du sport ludique, sinon, j\u2019ai du mal \u00e0 me motiver.\u00a0<\/p>\n<p><strong>Comment avez-vous v\u00e9cu l\u2019arr\u00eat de votre carri\u00e8re\u00a0?<\/strong><\/p>\n<p>Ce n\u2019\u00e9tait ni simple, ni difficile parce que je m\u2019y suis pris un peu \u00e0 l\u2019avance. Je m\u2019\u00e9tais pr\u00e9par\u00e9 sur ma derni\u00e8re ann\u00e9e de contrat \u00e0 basculer de l\u2019autre c\u00f4t\u00e9, mais il y avait quand m\u00eame beaucoup d\u2019appr\u00e9hension. J\u2019\u00e9tais assez anxieux par rapport \u00e0 cela, surtout sur ma derni\u00e8re ann\u00e9e. Mais j\u2019ai \u00e9t\u00e9 tr\u00e8s bien accompagn\u00e9 par le Lou, avec notamment Serge Bruhat (vice-pr\u00e9sident) et Fabien Gengenbacher (directeur sportif) qui \u00e9taient conscients de mon souhait de reconversion. J\u2019avais un petit bagage, j\u2019avais d\u00e9j\u00e0 essay\u00e9 d\u2019ouvrir des portes par le biais du club mais ils m\u2019ont permis d\u2019aller faire des immersions, notamment \u00e0 Clermont dans diff\u00e9rents secteurs. On a quand m\u00eame un statut qui, en tant que sportif professionnel, nous permet d\u2019approcher les gens diff\u00e9remment, d\u2019aller les toucher sur des affects communs. Mais il faut encore une fois faire la d\u00e9marche, sinon les opportunit\u00e9s ne viennent pas. Mais l\u00e0, pour le coup, j\u2019ai fait la d\u00e9marche. Le club m\u2019a \u00e9norm\u00e9ment accompagn\u00e9 l\u00e0-dessus ainsi que GL Events.<\/p>\n<p><strong>Depuis l\u2019arr\u00eat de votre carri\u00e8re n\u2019avez-vous jamais eu envie de faire une derni\u00e8re pige dans un club professionnel, que ce soit en Top 14 ou Pro D2\u00a0?<\/strong><\/p>\n<p>Non, pas du tout. Je savais qu\u2019au 30\u00a0juin 2024, ma carri\u00e8re \u00e9tait finie, et je n\u2019ai aucun regret. En plus, j\u2019ai eu la chance de jouer ce dernier match contre Toulouse et on leur en a mis quarante donc c\u2019\u00e9tait une petite satisfaction personnelle (rires). Il arrivait un temps o\u00f9 je n\u2019\u00e9tais plus forc\u00e9ment en phase avec ce qui se fait aujourd\u2019hui dans le rugby. Et il fallait savoir aussi admettre que mon niveau baissait. Je pr\u00e9f\u00e9rais arr\u00eater compl\u00e8tement plut\u00f4t que d\u2019essayer d\u2019aller faire un an ou deux ailleurs. Il y a eu des opportunit\u00e9s, mais cela voulait dire\u00a0: d\u00e9m\u00e9nager pour un an, deux ans, tout reconstruire\u00a0etc. Cela ne valait pas le coup. D\u00e9but juillet\u00a02024, Clermont Auvergne Events m\u2019a appel\u00e9 et m\u2019a propos\u00e9 ce poste donc je n\u2019ai pas eu le temps de gamberger durant des mois. J\u2019ai eu la chance de choisir quand et comment arr\u00eater.<\/p>\n<p>        <img decoding=\"async\" class=\"std-img__img responsive-img\" src=\"https:\/\/www.europesays.com\/fr\/wp-content\/uploads\/2025\/07\/1752687552_309_image.jpg\" alt=\"Loann Goujon (ballon en main) \u00e9voque l'ambiance particuli\u00e8re de la tourn\u00e9e des Bleus en Argentine, en 2016.\"\/><\/p>\n<p>                Loann Goujon (ballon en main) \u00e9voque l&rsquo;ambiance particuli\u00e8re de la tourn\u00e9e des Bleus en Argentine, en 2016.<br \/>\n                                    Gaspafotos \/ Icon Sport &#8211; Juan Gasparini<\/p>\n<p><strong>Vous revenez donc dans le club de votre enfance apr\u00e8s une carri\u00e8re riche, notamment marqu\u00e9e par 17 s\u00e9lections en \u00e9quipe de France. Est-ce la plus grande fiert\u00e9 de votre carri\u00e8re\u00a0?<\/strong><\/p>\n<p>Bien s\u00fbr, cela n\u2019a pas de prix. C\u2019est vraiment un accomplissement, c\u2019est quelque chose d\u2019important pour tout joueur, repr\u00e9senter son pays, arborer le coq, chanter l\u2019hymne national, en plus devant des dizaines de milliers de personnes. Apr\u00e8s, ma plus grande fiert\u00e9 est d\u2019avoir rendu mes parents fiers, tout simplement. D\u2019un point de vue personnel, je suis fier d\u2019avoir fait la carri\u00e8re que j\u2019ai eue par rapport \u00e0 mes parents, parce qu\u2019ils m\u2019ont tout donn\u00e9. C\u2019est le plus important.<\/p>\n<p><strong>Le XV de France est en pleine tourn\u00e9e n\u00e9o-z\u00e9landaise. Vous en avez disput\u00e9 deux (Argentine 2016, Afrique du Sud 2017), quelle est la meilleure anecdote de ces moments\u00a0?<\/strong><\/p>\n<p>En Argentine, c\u2019\u00e9tait la premi\u00e8re de Guy Nov\u00e8s, il n\u2019y avait pas les demi-finalistes, on jouait \u00e0 deux heures du matin heure fran\u00e7aise\u2026 Il y avait un peu moins d\u2019attente que lors du Tournoi des 6 Nations notamment. Mais bon, on a perdu ce premier match, on s\u2019est fait d\u00e9molir, mais on avait tous d\u00e9cid\u00e9 d\u2019aller boire un verre \u00e0 l\u2019h\u00f4tel ensemble ensuite. L\u2019id\u00e9e \u00e9tait juste de d\u00e9compresser apr\u00e8s ce match\u2026 Et puis le staff nous a tous r\u00e9veill\u00e9 \u00e0 sept heures du matin, direction la salle de r\u00e9union, on avait crois\u00e9 Guy dans l\u2019ascenseur o\u00f9 certains n\u2019avaient pas la t\u00eate de grands matinaux (rires). Et en Afrique du Sud, je ne me souviens pas d\u2019une anecdote en particulier\u2026 On avait charg\u00e9 aussi contre les Boks (rires)\u00a0!<\/p>\n<p><strong>Pr\u00e9f\u00e9riez-vous ces ambiances estivales o\u00f9 la duret\u00e9 du Tournoi\u00a0?<\/strong><\/p>\n<p>J\u2019ai toujours eu un faible pour les ambiances anglo-saxonnes. Les supporters passent leur temps \u00e0 chanter, et puis leurs stades sont des enceintes historiques qui marquent un joueur. Du Millenium \u00e0 Twickenham en passant par Murrayfield, c\u2019est dingue. Mais je n\u2019oublie pas qu\u2019\u00e0 l\u2019\u00e9t\u00e9 2016, on avait jou\u00e9 \u00e0 Tucuman dans un stade qui \u00e9tait une ancienne prison et on sentait vraiment l\u2019hostilit\u00e9 des Argentins \u00e0 ce moment-l\u00e0. C\u2019\u00e9tait tr\u00e8s fort \u00e0 vivre\u00a0!<\/p>\n","protected":false},"excerpt":{"rendered":"L\u2019ancien troisi\u00e8me ligne international (17 s\u00e9lections) a arr\u00eat\u00e9 sa carri\u00e8re en juin\u00a02024 mais l\u2019appel de son club d\u2019enfance&hellip;\n","protected":false},"author":2,"featured_media":251834,"comment_status":"","ping_status":"","sticky":false,"template":"","format":"standard","meta":{"footnotes":""},"categories":[1416],"tags":[1011,27,479,1468,60],"class_list":{"0":"post-251833","1":"post","2":"type-post","3":"status-publish","4":"format-standard","5":"has-post-thumbnail","7":"category-rugby","8":"tag-fr","9":"tag-france","10":"tag-rugby","11":"tag-rugby-football","12":"tag-sports"},"share_on_mastodon":{"url":"https:\/\/pubeurope.com\/@fr\/114864138796625175","error":""},"_links":{"self":[{"href":"https:\/\/www.europesays.com\/fr\/wp-json\/wp\/v2\/posts\/251833","targetHints":{"allow":["GET"]}}],"collection":[{"href":"https:\/\/www.europesays.com\/fr\/wp-json\/wp\/v2\/posts"}],"about":[{"href":"https:\/\/www.europesays.com\/fr\/wp-json\/wp\/v2\/types\/post"}],"author":[{"embeddable":true,"href":"https:\/\/www.europesays.com\/fr\/wp-json\/wp\/v2\/users\/2"}],"replies":[{"embeddable":true,"href":"https:\/\/www.europesays.com\/fr\/wp-json\/wp\/v2\/comments?post=251833"}],"version-history":[{"count":0,"href":"https:\/\/www.europesays.com\/fr\/wp-json\/wp\/v2\/posts\/251833\/revisions"}],"wp:featuredmedia":[{"embeddable":true,"href":"https:\/\/www.europesays.com\/fr\/wp-json\/wp\/v2\/media\/251834"}],"wp:attachment":[{"href":"https:\/\/www.europesays.com\/fr\/wp-json\/wp\/v2\/media?parent=251833"}],"wp:term":[{"taxonomy":"category","embeddable":true,"href":"https:\/\/www.europesays.com\/fr\/wp-json\/wp\/v2\/categories?post=251833"},{"taxonomy":"post_tag","embeddable":true,"href":"https:\/\/www.europesays.com\/fr\/wp-json\/wp\/v2\/tags?post=251833"}],"curies":[{"name":"wp","href":"https:\/\/api.w.org\/{rel}","templated":true}]}}