{"id":251836,"date":"2025-07-16T17:41:18","date_gmt":"2025-07-16T17:41:18","guid":{"rendered":"https:\/\/www.europesays.com\/fr\/251836\/"},"modified":"2025-07-16T17:41:18","modified_gmt":"2025-07-16T17:41:18","slug":"et-les-meilleurs-arbitres-francais-de-la-saison-sont","status":"publish","type":"post","link":"https:\/\/www.europesays.com\/fr\/251836\/","title":{"rendered":"Et les meilleurs arbitres fran\u00e7ais de la saison sont&#8230;"},"content":{"rendered":"<p>Voici les commentaires que l&rsquo;on peut trouver sur <a href=\"https:\/\/www.ffbb.com\/actualites\/trophees-2024-2025-les-meilleurs-arbitres-de-la-saison-ont-ete-nommes?ref=basketeurope.com\" rel=\"noreferrer nofollow noopener\" target=\"_blank\">le site de la FFBB<\/a> :<\/p>\n<p><strong>Meilleur arbitre Betclic \u00c9LITE : Mehdi DIFALLAH<\/strong><\/p>\n<p>\u00ab\u00a0R\u00e9f\u00e9rence incontournable sur les parquets fran\u00e7ais et europ\u00e9ens, Mehdi Difallah est une nouvelle fois salu\u00e9 pour son parcours exceptionnel. Arbitre LNB depuis 2007 (Pro B) puis 2011 (Pro A), il a su franchir toutes les \u00e9tapes du haut niveau avec rigueur et passion.<\/p>\n<p>Arbitre FIBA depuis 2014, membre du corps arbitral de l\u2019Euroleague depuis 2017, il a offici\u00e9 son 6e Final Four cons\u00e9cutif, et a d\u00e9j\u00e0 arbitr\u00e9 deux finales d\u2019Euroleague en 2023 et 2024, ainsi qu\u2019une finale d\u2019Eurocup en 2018.<\/p>\n<p>Son palmar\u00e8s impressionne \u00e9galement sur la sc\u00e8ne nationale : 10 finales de Pro A depuis 2014, 3 finales de Coupe de France, 3 participations au All Star Game LNB, une pr\u00e9sence \u00e0 la NBA Summer League en 2023, et trois titres de meilleur arbitre en Jeep Elite ou Betclic Elite (2018, 2022, 2024).<\/p>\n<p>Un mod\u00e8le d\u2019excellence, au service du jeu depuis un peu plus d\u2019une d\u00e9cennie.\u00a0\u00bb<\/p>\n<p><strong>Meilleur arbitre PRO B : Paul ANTIPHON<\/strong><\/p>\n<p>\u00ab\u00a0Avec 26 saisons d\u2019exp\u00e9rience au sein de la LNB, Paul Antiphon s\u2019impose comme une figure majeure de l\u2019arbitrage fran\u00e7ais. Il a offici\u00e9 pendant 21 saisons en Pro A, avant de poursuivre avec 5 saisons en Pro B, o\u00f9 il continue d\u2019imposer rigueur et s\u00e9r\u00e9nit\u00e9 sur le terrain.<\/p>\n<p>Son parcours est jalonn\u00e9 de grandes rencontres : 3 finales de Pro A (2013, 2018, 2022), 2 finales de Pro B, un All Star Game LNB, et m\u00eame une finale de Coupe de France f\u00e9minine.<\/p>\n<p>Cette distinction consacre un arbitre respect\u00e9 pour son exp\u00e9rience, sa constance et son professionnalisme exemplaire.\u00a0\u00bb<\/p>\n<p><strong>Meilleur arbitre NM1 : Arnaud SIMEON<\/strong><\/p>\n<p>\u00ab\u00a0Excellent tout au long de la saison sur les parquets de Nationale 1, Arnaud Sim\u00e9on a \u00e9t\u00e9 d\u00e9sign\u00e9 meilleur arbitre NM1 2024-2025 \u00e0 l\u2019issue de la saison r\u00e9guli\u00e8re. Il a d\u00e9montr\u00e9 son s\u00e9rieux et son exigence dans une division interm\u00e9diaire d\u00e9montrant ainsi son investissement total pour le basket fran\u00e7ais. Il a re\u00e7u des mains du pr\u00e9sident du HNO, Pierre-Yves BICHON, le troph\u00e9e lors d&rsquo;un match de play-offs de NM1 (Challans \/ Tours).\u00a0\u00bb\u00a0\u00a0<\/p>\n","protected":false},"excerpt":{"rendered":"Voici les commentaires que l&rsquo;on peut trouver sur le site de la FFBB : Meilleur arbitre Betclic \u00c9LITE&hellip;\n","protected":false},"author":2,"featured_media":251837,"comment_status":"","ping_status":"","sticky":false,"template":"","format":"standard","meta":{"footnotes":""},"categories":[1414],"tags":[1465,1464,1011,27,60],"class_list":{"0":"post-251836","1":"post","2":"type-post","3":"status-publish","4":"format-standard","5":"has-post-thumbnail","7":"category-basket","8":"tag-basket","9":"tag-basketball","10":"tag-fr","11":"tag-france","12":"tag-sports"},"share_on_mastodon":{"url":"https:\/\/pubeurope.com\/@fr\/114864146543559201","error":""},"_links":{"self":[{"href":"https:\/\/www.europesays.com\/fr\/wp-json\/wp\/v2\/posts\/251836","targetHints":{"allow":["GET"]}}],"collection":[{"href":"https:\/\/www.europesays.com\/fr\/wp-json\/wp\/v2\/posts"}],"about":[{"href":"https:\/\/www.europesays.com\/fr\/wp-json\/wp\/v2\/types\/post"}],"author":[{"embeddable":true,"href":"https:\/\/www.europesays.com\/fr\/wp-json\/wp\/v2\/users\/2"}],"replies":[{"embeddable":true,"href":"https:\/\/www.europesays.com\/fr\/wp-json\/wp\/v2\/comments?post=251836"}],"version-history":[{"count":0,"href":"https:\/\/www.europesays.com\/fr\/wp-json\/wp\/v2\/posts\/251836\/revisions"}],"wp:featuredmedia":[{"embeddable":true,"href":"https:\/\/www.europesays.com\/fr\/wp-json\/wp\/v2\/media\/251837"}],"wp:attachment":[{"href":"https:\/\/www.europesays.com\/fr\/wp-json\/wp\/v2\/media?parent=251836"}],"wp:term":[{"taxonomy":"category","embeddable":true,"href":"https:\/\/www.europesays.com\/fr\/wp-json\/wp\/v2\/categories?post=251836"},{"taxonomy":"post_tag","embeddable":true,"href":"https:\/\/www.europesays.com\/fr\/wp-json\/wp\/v2\/tags?post=251836"}],"curies":[{"name":"wp","href":"https:\/\/api.w.org\/{rel}","templated":true}]}}