{"id":251838,"date":"2025-07-16T17:42:09","date_gmt":"2025-07-16T17:42:09","guid":{"rendered":"https:\/\/www.europesays.com\/fr\/251838\/"},"modified":"2025-07-16T17:42:09","modified_gmt":"2025-07-16T17:42:09","slug":"le-meilleur-du-gp-de-republique-tcheque","status":"publish","type":"post","link":"https:\/\/www.europesays.com\/fr\/251838\/","title":{"rendered":"le meilleur du GP de R\u00e9publique tch\u00e8que"},"content":{"rendered":"<p>L&rsquo;attente a \u00e9t\u00e9 longue mais le moment est enfin venu pour le MotoGP\u2122 de faire son retour sur le mythique circuit Automotodrom de Brno. La 12e manche de la saison 2025 approche \u00e0 grands pas et alors qu&rsquo;on se pr\u00e9pare pour l&rsquo;extinction des feux sur un circuit qui a \u00e9t\u00e9 le th\u00e9\u00e2tre de moments historiques et de batailles inoubliables, profitons gratuitement de certains d&rsquo;entre eux !<\/p>\n<p>1996 : Crivill\u00e9 face \u00e0 Doohan<\/p>\n<p>Un duel dans le dernier tour, une lutte entre co\u00e9quipiers et une photo-finish : le Grand Prix de R\u00e9publique tch\u00e8que 1996 avait tout pour plaire ! Alex Crivill\u00e9 et Mick Doohan se sont battus du d\u00e9but \u00e0 la fin et ont progressivement distanc\u00e9 Scott Russell. Tout s&rsquo;est jou\u00e9 sur la ligne avec un \u00e9cart infime de deux milli\u00e8mes de seconde entre les deux hommes \u00e0 l&rsquo;arriv\u00e9e. Alex Crivill\u00e9 s&rsquo;est impos\u00e9 d&rsquo;un cheveu devant Mick Doohan dans un Grand Prix dont on parle encore aujourd&rsquo;hui !<\/p>\n<p>2003 : Rossi vs Gibernau vs Bayliss<\/p>\n<p>Valentino Rossi contre Sete Gibernau, faut-il en dire plus ? L&rsquo;une des batailles les plus f\u00e9roces auxquelles nous ayons assist\u00e9, sans compter Troy Bayliss, qui talonnait les deux pilotes. Ce dernier a d&rsquo;abord men\u00e9 la course avant qu&rsquo;une incroyable bataille ne s&rsquo;engage entre Valentino Rossi et Sete Gibernau. Les deux hommes se sont \u00e9chang\u00e9 les positions et nous ont offert des passes d&rsquo;armes d&rsquo;anthologie jusqu&rsquo;\u00e0 ce que le Grand Prix se d\u00e9cide dans une lutte folle jusqu&rsquo;\u00e0 la ligne d&rsquo;arriv\u00e9e. L\u00e0 aussi, tout s&rsquo;est jou\u00e9 \u00e0 la photo-finish, qui a r\u00e9v\u00e9l\u00e9 une victoire de Valentino Rossi pour 42 milli\u00e8mes de seconde !<\/p>\n<p>2012 : Pedrosa face \u00e0 Lorenzo<\/p>\n<p>Le Grand Prix de R\u00e9publique tch\u00e8que 2012 a \u00e9t\u00e9 le th\u00e9\u00e2tre d&rsquo;un v\u00e9ritable choc des titans entre Dani Pedrosa et Jorge Lorenzo. Les deux Espagnols se sont \u00e9chang\u00e9 les commandes \u00e0 de nombreuses reprises tout au long de la course, avant que Jorge Lorenzo ne tente une man\u0153uvre audacieuse dans le dernier tour. Cependant, Dani Pedrosa n&rsquo;avait pas dit son dernier mot et le \u00ab petit samoura\u00ef \u00bb a ripost\u00e9 dans les virages 13 et 14 avec un d\u00e9passement l\u00e9gendaire qui lui a permis de remporter la victoire au terme d&rsquo;un duel fou jusqu&rsquo;\u00e0 la ligne d&rsquo;arriv\u00e9e. Au bout du compte, 178 milli\u00e8mes s\u00e9paraient les deux hommes tandis que Cal Crutchlow compl\u00e9tait un podium riche en talents.<\/p>\n<p>2018 : Dovizioso vs Lorenzo vs M.M\u00e1rquez<\/p>\n<p>Ducati face \u00e0 Honda, un combat devenu la norme en 2018 gr\u00e2ce \u00e0 Andrea Dovizioso, Jorge Lorenzo et Marc M\u00e1rquez (Ducati Lenovo Team). La bataille a \u00e9t\u00e9 acharn\u00e9e tout au long de la course, Valentino Rossi, Cal Crutchlow et Danilo Petrucci se joignant m\u00eame \u00e0 la lutte dans les premiers tours. Cependant, les trois premiers se sont rapidement envol\u00e9s et Andrea Dovizioso s&rsquo;est impos\u00e9 apr\u00e8s deux derniers tours incroyables. Jorge Lorenzo s&rsquo;est class\u00e9 deuxi\u00e8me, manquant une nouvelle fois la victoire pour 178 milli\u00e8mes, tandis que Marc M\u00e1rquez compl\u00e9tait le podium.<\/p>\n<p>2020 : Binder entre dans l&rsquo;histoire<\/p>\n<p>Le Grand Prix de R\u00e9publique tch\u00e8que 2020 est un souvenir inoubliable pour Brad Binder (Red Bull KTM Factory Racing), qui a remport\u00e9 ce jour-l\u00e0 sa toute premi\u00e8re victoire en MotoGP\u2122. Le n\u00b033 est devenu le premier pilote sud-africain \u00e0 gagner une course MotoGP\u2122 et a offert \u00e0 KTM son premier succ\u00e8s en cat\u00e9gorie reine. Ce fut un Grand Prix fantastique riche en rebondissements qui a vu le n\u00b033 triompher avec 5,266 secondes d&rsquo;avance. Franco Morbidelli (Pertamina Enduro VR46 Racing Team) et Johann Zarco (LCR Honda) accompagnaient le repr\u00e9sentant de KTM sur le podium.<\/p>\n<p>Notre derni\u00e8re visite \u00e0 Brno remonte \u00e0 2020 mais cela est sur le point de changer. Le Grand Prix Tissot de R\u00e9publique tch\u00e8que retrouve le calendrier en 2025 pour le plus grand bonheur des fans et des pilotes. Va-t-on assister \u00e0 une nouvelle bataille historique ? Rendez-vous d\u00e8s vendredi pour le savoir !<\/p>\n","protected":false},"excerpt":{"rendered":"L&rsquo;attente a \u00e9t\u00e9 longue mais le moment est enfin venu pour le MotoGP\u2122 de faire son retour sur&hellip;\n","protected":false},"author":2,"featured_media":251839,"comment_status":"","ping_status":"","sticky":false,"template":"","format":"standard","meta":{"footnotes":""},"categories":[1413],"tags":[1011,27,1457,1456,60,2032],"class_list":{"0":"post-251838","1":"post","2":"type-post","3":"status-publish","4":"format-standard","5":"has-post-thumbnail","7":"category-moto","8":"tag-fr","9":"tag-france","10":"tag-moto","11":"tag-motocycle","12":"tag-sports","13":"tag-text"},"share_on_mastodon":{"url":"https:\/\/pubeurope.com\/@fr\/114864150482371666","error":""},"_links":{"self":[{"href":"https:\/\/www.europesays.com\/fr\/wp-json\/wp\/v2\/posts\/251838","targetHints":{"allow":["GET"]}}],"collection":[{"href":"https:\/\/www.europesays.com\/fr\/wp-json\/wp\/v2\/posts"}],"about":[{"href":"https:\/\/www.europesays.com\/fr\/wp-json\/wp\/v2\/types\/post"}],"author":[{"embeddable":true,"href":"https:\/\/www.europesays.com\/fr\/wp-json\/wp\/v2\/users\/2"}],"replies":[{"embeddable":true,"href":"https:\/\/www.europesays.com\/fr\/wp-json\/wp\/v2\/comments?post=251838"}],"version-history":[{"count":0,"href":"https:\/\/www.europesays.com\/fr\/wp-json\/wp\/v2\/posts\/251838\/revisions"}],"wp:featuredmedia":[{"embeddable":true,"href":"https:\/\/www.europesays.com\/fr\/wp-json\/wp\/v2\/media\/251839"}],"wp:attachment":[{"href":"https:\/\/www.europesays.com\/fr\/wp-json\/wp\/v2\/media?parent=251838"}],"wp:term":[{"taxonomy":"category","embeddable":true,"href":"https:\/\/www.europesays.com\/fr\/wp-json\/wp\/v2\/categories?post=251838"},{"taxonomy":"post_tag","embeddable":true,"href":"https:\/\/www.europesays.com\/fr\/wp-json\/wp\/v2\/tags?post=251838"}],"curies":[{"name":"wp","href":"https:\/\/api.w.org\/{rel}","templated":true}]}}