{"id":251847,"date":"2025-07-16T17:47:18","date_gmt":"2025-07-16T17:47:18","guid":{"rendered":"https:\/\/www.europesays.com\/fr\/251847\/"},"modified":"2025-07-16T17:47:18","modified_gmt":"2025-07-16T17:47:18","slug":"saint-germain-laprade-geraldine-hooker-devoile-ses-toiles-au-midi-12","status":"publish","type":"post","link":"https:\/\/www.europesays.com\/fr\/251847\/","title":{"rendered":"Saint-Germain-Laprade : G\u00e9raldine Hooker d\u00e9voile ses toiles au Midi 12"},"content":{"rendered":"<p>\t\t\t\t\t\t\t\t\t\t\t\t\t\t\t\t\t\t\t\t\t\t\t\t\t\t\t\t\t\t\t\t\t\t\t\t\t\t\t\t\t\t\t\t\t\t\t\t\t\t\t\t\t\t\t\t\t\t\t\t\t\t\t<a href=\"https:\/\/www.lacommere43.fr\/component\/banners\/click\/1798.html\" target=\"_blank\" title=\"HPV escape game juillet 2025\" rel=\"noopener\"><br \/>\n\t\t\t\t\t\t\t<img decoding=\"async\" src=\"https:\/\/www.europesays.com\/fr\/wp-content\/uploads\/2025\/07\/pub_la_Commre_-_enquete.gif\" alt=\"HPV escape game juillet 2025\"\/><br \/>\n\t\t\t\t\t\t<\/a><\/p>\n<p><strong>G\u00e9raldine Hooker, artiste peintre cannoise, pr\u00e9sente ses toiles au sein du restaurant Midi 12, d&rsquo;Aur\u00e9lie et Fabrice Duffieux,\u00a0\u00e0 Saint-Germain-Laprade,\u00a0jusqu&rsquo;au 31 juillet.<\/strong><\/p>\n<p>G\u00e9raldine Hooker \u00e9claire sa d\u00e9marche cr\u00e9atrice : \u00ab\u00a0Mon univers repr\u00e9sente un monde o\u00f9 les \u00e9motions prennent vie.\u00a0Artiste cannoise autodidacte passionn\u00e9e par l&rsquo;art depuis de nombreuses ann\u00e9es, j&rsquo;ai d\u00e9velopp\u00e9 un style unique qui alli\u00e9 travail des mati\u00e8res, jeu des reflets et subtilit\u00e9 des nuances. Mon art est un vecteur d&rsquo;\u00e9motions, une expression pure de mon \u00e9nergie et de mes sentiments. Chaque toile est une invitation \u00e0 un voyage int\u00e9rieur, o\u00f9 le contemporain, le pop art et l&rsquo;abstrait se rencontrent.\u00a0\u00bb<\/p>\n<p>Le 23 juin, elle a remport\u00e9 le deuxi\u00e8me prix du jury dans la cat\u00e9gorie \u00ab\u00a0abstrait\u00a0\u00bb, lors de l&rsquo;exposition internationale qui s&rsquo;est d\u00e9roul\u00e9e \u00e0 Cannes.<\/p>\n<p>\u00ab\u00a0Exposer mes toiles dans un autre d\u00e9partement que mon lieu d&rsquo;habitation est une belle opportunit\u00e9 pour moi en tant qu&rsquo;artiste peintre, car cela me permet de faire d\u00e9couvrir\u00a0mon univers artistique \u00e0 un nouveau public et d&rsquo;\u00e9largir mon rayonnement culturel.\u00a0\u00bb<\/p>\n","protected":false},"excerpt":{"rendered":"G\u00e9raldine Hooker, artiste peintre cannoise, pr\u00e9sente ses toiles au sein du restaurant Midi 12, d&rsquo;Aur\u00e9lie et Fabrice Duffieux,\u00a0\u00e0&hellip;\n","protected":false},"author":2,"featured_media":251848,"comment_status":"","ping_status":"","sticky":false,"template":"","format":"standard","meta":{"footnotes":""},"categories":[1358],"tags":[2281,1348,1384,1385,1386,58,59,2282,1011,27,2280,2284,2285,2283],"class_list":{"0":"post-251847","1":"post","2":"type-post","3":"status-publish","4":"format-standard","5":"has-post-thumbnail","7":"category-arts-et-design","8":"tag-actualite-43","9":"tag-arts","10":"tag-arts-and-design","11":"tag-arts-et-design","12":"tag-design","13":"tag-divertissement","14":"tag-entertainment","15":"tag-faits-divers-auvergne","16":"tag-fr","17":"tag-france","18":"tag-information-haute-loire","19":"tag-infos-43","20":"tag-journal-haute-loire","21":"tag-la-commere-43"},"share_on_mastodon":{"url":"https:\/\/pubeurope.com\/@fr\/114864170398116189","error":""},"_links":{"self":[{"href":"https:\/\/www.europesays.com\/fr\/wp-json\/wp\/v2\/posts\/251847","targetHints":{"allow":["GET"]}}],"collection":[{"href":"https:\/\/www.europesays.com\/fr\/wp-json\/wp\/v2\/posts"}],"about":[{"href":"https:\/\/www.europesays.com\/fr\/wp-json\/wp\/v2\/types\/post"}],"author":[{"embeddable":true,"href":"https:\/\/www.europesays.com\/fr\/wp-json\/wp\/v2\/users\/2"}],"replies":[{"embeddable":true,"href":"https:\/\/www.europesays.com\/fr\/wp-json\/wp\/v2\/comments?post=251847"}],"version-history":[{"count":0,"href":"https:\/\/www.europesays.com\/fr\/wp-json\/wp\/v2\/posts\/251847\/revisions"}],"wp:featuredmedia":[{"embeddable":true,"href":"https:\/\/www.europesays.com\/fr\/wp-json\/wp\/v2\/media\/251848"}],"wp:attachment":[{"href":"https:\/\/www.europesays.com\/fr\/wp-json\/wp\/v2\/media?parent=251847"}],"wp:term":[{"taxonomy":"category","embeddable":true,"href":"https:\/\/www.europesays.com\/fr\/wp-json\/wp\/v2\/categories?post=251847"},{"taxonomy":"post_tag","embeddable":true,"href":"https:\/\/www.europesays.com\/fr\/wp-json\/wp\/v2\/tags?post=251847"}],"curies":[{"name":"wp","href":"https:\/\/api.w.org\/{rel}","templated":true}]}}