{"id":251849,"date":"2025-07-16T17:48:14","date_gmt":"2025-07-16T17:48:14","guid":{"rendered":"https:\/\/www.europesays.com\/fr\/251849\/"},"modified":"2025-07-16T17:48:14","modified_gmt":"2025-07-16T17:48:14","slug":"dans-mon-coeur-dans-ta-main-lamour-en-poupe-de-quentin-biasiolo-liberation","status":"publish","type":"post","link":"https:\/\/www.europesays.com\/fr\/251849\/","title":{"rendered":"Dans \u00abMon c\u0153ur dans ta main\u00bb, l\u2019amour en poupe de Quentin Biasiolo \u2013 Lib\u00e9ration"},"content":{"rendered":"<p class=\"sc-ksZaOG ehjQrN text-element\">\u00abL\u2019amour \u00e0 l\u2019\u00e9preuve du temps\u00bb, sous-titre de l\u2019essai de Quentin Biasiolo, \u00e9tait le titre de sa th\u00e8se de philosophie. Il en a retranch\u00e9 beaucoup de pages pour la transformer en un livre bref, savant et clair, pour lequel il a choisi une belle couverture \u2013 une estampe de Matisse. Camille Laurens en signe la pr\u00e9face. La romanci\u00e8re a racont\u00e9 plusieurs \u00e9checs conjugaux et illusions amoureuses, alors que Quentin Biasiolo, lui, est optimiste quand il est question d\u2019amour, qu\u2019il tient pour le socle de la s\u00e9r\u00e9nit\u00e9. La solitude, suppos\u00e9e laisser davantage de libert\u00e9 \u00e0 un individu, l\u2019affaiblit. C\u2019est dans sa foi en l\u2019amour que r\u00e9sident l\u2019originalit\u00e9 de ce texte et le plaisir qu\u2019offre sa lecture. Il affirme la possibilit\u00e9 pour les sentiments de r\u00e9sister \u00e0 l\u2019\u00e9preuve du temps. Pour que ce petit miracle advienne, il faut que chaque membre d\u2019un couple mette \u00absa puissance au service de celle de l\u2019autre\u00bb. L\u2019un et l\u2019autre b\u00e9n\u00e9ficieront alors de ce que seul l\u2019amour apporte : \u00abUne expansion inou\u00efe de soi, le moi, comprim\u00e9, se dilatant soudain.\u00bb Car \u00e0 travers l\u2019amour, on d\u00e9veloppe sa puissance et l\u2019on met en mouvement \u00absa perfectibilit\u00e9\u00bb. Certes, \u00able d\u00e9veloppement parall\u00e8le de chacun en compagnie de l\u2019autre\u00bb peut tr\u00e9bucher contre le temps : l\u2019un parfois d\u00e9cide au fil des ans qu\u2019il sera davantage lui-m\u00eame sans l\u2019autre, ou d\u00e9cide de devenir un autre : \u00abLe temps fait aussi que nous changeons, et que nos sentiments aussi bien que ceux que l\u2019on nous porte peuvent<\/p>\n","protected":false},"excerpt":{"rendered":"\u00abL\u2019amour \u00e0 l\u2019\u00e9preuve du temps\u00bb, sous-titre de l\u2019essai de Quentin Biasiolo, \u00e9tait le titre de sa th\u00e8se de&hellip;\n","protected":false},"author":2,"featured_media":251850,"comment_status":"","ping_status":"","sticky":false,"template":"","format":"standard","meta":{"footnotes":""},"categories":[1357],"tags":[1379,10488,58,59,1011,27,1380],"class_list":{"0":"post-251849","1":"post","2":"type-post","3":"status-publish","4":"format-standard","5":"has-post-thumbnail","7":"category-livres","8":"tag-books","9":"tag-cahier-livres","10":"tag-divertissement","11":"tag-entertainment","12":"tag-fr","13":"tag-france","14":"tag-livres"},"share_on_mastodon":{"url":"https:\/\/pubeurope.com\/@fr\/114864174135120989","error":""},"_links":{"self":[{"href":"https:\/\/www.europesays.com\/fr\/wp-json\/wp\/v2\/posts\/251849","targetHints":{"allow":["GET"]}}],"collection":[{"href":"https:\/\/www.europesays.com\/fr\/wp-json\/wp\/v2\/posts"}],"about":[{"href":"https:\/\/www.europesays.com\/fr\/wp-json\/wp\/v2\/types\/post"}],"author":[{"embeddable":true,"href":"https:\/\/www.europesays.com\/fr\/wp-json\/wp\/v2\/users\/2"}],"replies":[{"embeddable":true,"href":"https:\/\/www.europesays.com\/fr\/wp-json\/wp\/v2\/comments?post=251849"}],"version-history":[{"count":0,"href":"https:\/\/www.europesays.com\/fr\/wp-json\/wp\/v2\/posts\/251849\/revisions"}],"wp:featuredmedia":[{"embeddable":true,"href":"https:\/\/www.europesays.com\/fr\/wp-json\/wp\/v2\/media\/251850"}],"wp:attachment":[{"href":"https:\/\/www.europesays.com\/fr\/wp-json\/wp\/v2\/media?parent=251849"}],"wp:term":[{"taxonomy":"category","embeddable":true,"href":"https:\/\/www.europesays.com\/fr\/wp-json\/wp\/v2\/categories?post=251849"},{"taxonomy":"post_tag","embeddable":true,"href":"https:\/\/www.europesays.com\/fr\/wp-json\/wp\/v2\/tags?post=251849"}],"curies":[{"name":"wp","href":"https:\/\/api.w.org\/{rel}","templated":true}]}}