{"id":251862,"date":"2025-07-16T17:55:09","date_gmt":"2025-07-16T17:55:09","guid":{"rendered":"https:\/\/www.europesays.com\/fr\/251862\/"},"modified":"2025-07-16T17:55:09","modified_gmt":"2025-07-16T17:55:09","slug":"vers-une-fusion-totale-avec-la-machine","status":"publish","type":"post","link":"https:\/\/www.europesays.com\/fr\/251862\/","title":{"rendered":"vers une fusion totale avec la machine ?"},"content":{"rendered":"<p data-start=\"280\" data-end=\"781\"><strong>Ray Kurzweil,<br \/>\ninformaticien et futurologue am\u00e9ricain de renom, ne m\u00e2che pas ses<br \/>\nmots : selon lui, <a href=\"https:\/\/sciencepost.fr\/voici-la-taille-reelle-dune-boulette-de-viande-faite-avec-toute-lhumanite-spoiler-cest-minuscule\/\" target=\"_blank\" rel=\"noopener nofollow\">l\u2019humanit\u00e9<\/a> est en route pour un<br \/>\ntournant historique majeur, la fameuse \u00ab singularit\u00e9 technologique<br \/>\n\u00bb, qui devrait se produire d\u2019ici 2045, soit dans moins de 20 ans.<br \/>\nCette singularit\u00e9 correspond \u00e0 un moment o\u00f9 l\u2019intelligence<br \/>\nartificielle (IA) d\u00e9passera celle des humains, entra\u00eenant une<br \/>\nfusion in\u00e9dite entre l\u2019Homme et la machine. Une perspective qui<br \/>\nbouleverse nos id\u00e9es sur ce que signifie \u00eatre humain.<\/strong><\/p>\n<p>La singularit\u00e9 : une r\u00e9volution<br \/>\nimminente ?<\/p>\n<p data-start=\"836\" data-end=\"1220\">La singularit\u00e9, ce concept un<br \/>\npeu myst\u00e9rieux, d\u00e9signe ce point o\u00f9 les progr\u00e8s technologiques<br \/>\ns\u2019emballent, port\u00e9s par des machines capables d\u2019am\u00e9liorer leur<br \/>\npropre intelligence \u00e0 un rythme exponentiel. Pour Kurzweil, ce<br \/>\nmoment ne sera pas une simple \u00e9volution : ce sera une rupture<br \/>\nradicale, o\u00f9 la machine et l\u2019humain fusionneront pour devenir une<br \/>\nentit\u00e9 nouvelle, amplifi\u00e9e, hybrid\u00e9e.<\/p>\n<p data-start=\"1222\" data-end=\"1596\">D\u00e8s 1999, il avait anticip\u00e9<br \/>\nque l\u2019intelligence artificielle g\u00e9n\u00e9rale (AGI), capable de<br \/>\nraisonner comme un humain, serait atteinte lorsque les ordinateurs<br \/>\npourront r\u00e9aliser mille milliards de calculs par seconde. \u00c0<br \/>\nl\u2019\u00e9poque, ses pr\u00e9dictions semblaient tr\u00e8s optimistes, mais avec<br \/>\nl\u2019essor fulgurant de l\u2019IA ces derni\u00e8res ann\u00e9es, cette \u00e9ch\u00e9ance<br \/>\npara\u00eet de plus en plus plausible.<\/p>\n<p>L\u2019intelligence artificielle<br \/>\ng\u00e9n\u00e9rale : le Graal de la tech<\/p>\n<p data-start=\"1666\" data-end=\"2030\">L\u2019AGI est ce que cherchent \u00e0<br \/>\ncr\u00e9er de nombreux laboratoires aujourd\u2019hui : une intelligence<br \/>\nuniverselle, capable de s\u2019adapter et d\u2019apprendre sur tous les<br \/>\nsujets, et pas seulement sur des t\u00e2ches sp\u00e9cifiques. Alors que<br \/>\ncertains experts pr\u00e9voyaient que cela prendrait un si\u00e8cle, Kurzweil<br \/>\nsoutient que cette \u00e9tape cruciale est imminente, probablement<br \/>\natteinte d\u00e8s 2029.<\/p>\n<p data-start=\"2032\" data-end=\"2161\">Cette avanc\u00e9e ouvrirait la<br \/>\nporte \u00e0 une r\u00e9volution o\u00f9 humains et machines coop\u00e8reraient<br \/>\n\u00e9troitement, voire se fondraient ensemble.<\/p>\n<p>Fusion homme-machine : le<br \/>\nfutur de l\u2019intelligence augment\u00e9e<\/p>\n<p data-start=\"2232\" data-end=\"2535\">Mais Kurzweil va plus loin. Il<br \/>\nimagine <a href=\"https:\/\/www.youtube.com\/watch?v=uEztHu4NHrs\" target=\"_blank\" rel=\"noopener nofollow\">que d\u2019ici 2045<\/a>, des nanorobots<br \/>\ninject\u00e9s dans nos capillaires sanguins permettront d\u2019interfacer<br \/>\ndirectement notre cerveau aux ordinateurs. Ce lien amplifierait<br \/>\nnotre intelligence naturelle par une intelligence cybern\u00e9tique,<br \/>\nmultipli\u00e9e par un facteur <strong data-start=\"2520\" data-end=\"2534\">un million<\/strong>.<\/p>\n<p data-start=\"2537\" data-end=\"2847\">Concr\u00e8tement, cela signifie<br \/>\nque nous ne serions plus de simples humains biologiques, mais des<br \/>\n\u00eatres hybrides, dont la conscience serait d\u00e9cupl\u00e9e. Une id\u00e9e qui<br \/>\nsort d\u2019un roman de science-fiction, mais que certains chercheurs et<br \/>\nphilosophes prennent tr\u00e8s au s\u00e9rieux, estimant qu\u2019une telle fusion<br \/>\na d\u00e9j\u00e0 commenc\u00e9.<\/p>\n<p><img loading=\"lazy\" data-lazyloaded=\"1\" decoding=\"async\" class=\"size-full wp-image-312585\" src=\"https:\/\/www.europesays.com\/fr\/wp-content\/uploads\/2025\/07\/iStock-1140691167-scaled.jpg\" alt=\"singularit\u00e9\" width=\"2048\" height=\"1153\"  data-\/><\/p>\n<p class=\"istock-credit\" style=\"text-align:center\">Cr\u00e9dit :<br \/>\niStock<\/p>\n<p>Cr\u00e9dits : metamorworks\/istockImmortalit\u00e9, travail,<br \/>\nidentit\u00e9 : les questions du futur<\/p>\n<p data-start=\"2914\" data-end=\"3223\">Une telle \u00e9volution pose de<br \/>\nnombreuses interrogations : que deviendront nos emplois face \u00e0 des<br \/>\nintelligences sup\u00e9rieures ? Peut-on imaginer vivre \u00e9ternellement<br \/>\ngr\u00e2ce \u00e0 la technologie ? Et surtout, quelle sera la d\u00e9finition m\u00eame<br \/>\nde l\u2019humain, quand notre intelligence sera \u00e0 la fois biologique et<br \/>\nartificielle ?<\/p>\n<p data-start=\"3225\" data-end=\"3619\">Kurzweil est optimiste. Il<br \/>\npr\u00e9dit que les progr\u00e8s m\u00e9dicaux li\u00e9s \u00e0 cette fusion permettront<br \/>\nd\u2019atteindre une \u00ab vitesse de lib\u00e9ration de la long\u00e9vit\u00e9 \u00bb dans les<br \/>\nann\u00e9es 2030 : un point o\u00f9 chaque ann\u00e9e gagn\u00e9e gr\u00e2ce aux traitements<br \/>\ncompensera les effets du vieillissement. Une perspective<br \/>\nd\u2019immortalit\u00e9 relative, o\u00f9 la mortalit\u00e9 ne dispara\u00eetra pas<br \/>\ntotalement, mais ne s\u2019accro\u00eetra plus avec l\u2019\u00e2ge.<\/p>\n<p data-start=\"3621\" data-end=\"3783\">Il souligne aussi que la<br \/>\nsoci\u00e9t\u00e9 devra s\u2019adapter, notamment en instaurant un revenu<br \/>\nuniversel de base pour compenser les pertes d\u2019emploi li\u00e9es \u00e0<br \/>\nl\u2019automatisation.<\/p>\n<p>Un futur \u00e0 la fois fascinant<br \/>\net incertain<\/p>\n<p data-start=\"3836\" data-end=\"4082\">Si l\u2019id\u00e9e d\u2019un futur hybride<br \/>\nhumain-machine fascine, elle reste aussi controvers\u00e9e. Certains<br \/>\nsp\u00e9cialistes doutent encore que l\u2019AGI puisse voir le jour si<br \/>\nrapidement, et s\u2019interrogent sur les implications \u00e9thiques et<br \/>\ntechniques d\u2019une telle fusion.<\/p>\n<p data-start=\"4084\" data-end=\"4266\">N\u00e9anmoins, Kurzweil et<br \/>\nd\u2019autres futurologues insistent : l\u2019acc\u00e9l\u00e9ration actuelle des<br \/>\nprogr\u00e8s technologiques rend ce sc\u00e9nario cr\u00e9dible, et il est urgent<br \/>\nd\u2019y r\u00e9fl\u00e9chir d\u00e8s aujourd\u2019hui.<\/p>\n","protected":false},"excerpt":{"rendered":"Ray Kurzweil, informaticien et futurologue am\u00e9ricain de renom, ne m\u00e2che pas ses mots : selon lui, l\u2019humanit\u00e9 est&hellip;\n","protected":false},"author":2,"featured_media":251863,"comment_status":"","ping_status":"","sticky":false,"template":"","format":"standard","meta":{"footnotes":""},"categories":[7],"tags":[1011,27,43,40,41,39,42,44],"class_list":{"0":"post-251862","1":"post","2":"type-post","3":"status-publish","4":"format-standard","5":"has-post-thumbnail","7":"category-sciences-et-technologies","8":"tag-fr","9":"tag-france","10":"tag-science","11":"tag-science-and-technology","12":"tag-sciences","13":"tag-sciences-et-technologies","14":"tag-technologies","15":"tag-technology"},"share_on_mastodon":{"url":"https:\/\/pubeurope.com\/@fr\/114864201669186473","error":""},"_links":{"self":[{"href":"https:\/\/www.europesays.com\/fr\/wp-json\/wp\/v2\/posts\/251862","targetHints":{"allow":["GET"]}}],"collection":[{"href":"https:\/\/www.europesays.com\/fr\/wp-json\/wp\/v2\/posts"}],"about":[{"href":"https:\/\/www.europesays.com\/fr\/wp-json\/wp\/v2\/types\/post"}],"author":[{"embeddable":true,"href":"https:\/\/www.europesays.com\/fr\/wp-json\/wp\/v2\/users\/2"}],"replies":[{"embeddable":true,"href":"https:\/\/www.europesays.com\/fr\/wp-json\/wp\/v2\/comments?post=251862"}],"version-history":[{"count":0,"href":"https:\/\/www.europesays.com\/fr\/wp-json\/wp\/v2\/posts\/251862\/revisions"}],"wp:featuredmedia":[{"embeddable":true,"href":"https:\/\/www.europesays.com\/fr\/wp-json\/wp\/v2\/media\/251863"}],"wp:attachment":[{"href":"https:\/\/www.europesays.com\/fr\/wp-json\/wp\/v2\/media?parent=251862"}],"wp:term":[{"taxonomy":"category","embeddable":true,"href":"https:\/\/www.europesays.com\/fr\/wp-json\/wp\/v2\/categories?post=251862"},{"taxonomy":"post_tag","embeddable":true,"href":"https:\/\/www.europesays.com\/fr\/wp-json\/wp\/v2\/tags?post=251862"}],"curies":[{"name":"wp","href":"https:\/\/api.w.org\/{rel}","templated":true}]}}