{"id":251864,"date":"2025-07-16T17:56:10","date_gmt":"2025-07-16T17:56:10","guid":{"rendered":"https:\/\/www.europesays.com\/fr\/251864\/"},"modified":"2025-07-16T17:56:10","modified_gmt":"2025-07-16T17:56:10","slug":"donald-trump-fait-machine-arriere-apres-avoir-menace-de-licencier-le-president-de-la-fed","status":"publish","type":"post","link":"https:\/\/www.europesays.com\/fr\/251864\/","title":{"rendered":"Donald Trump fait machine arri\u00e8re apr\u00e8s avoir menac\u00e9 de licencier le pr\u00e9sident de la Fed"},"content":{"rendered":"<p>Le pr\u00e9sident am\u00e9ricain a souffl\u00e9 le chaud et le froid sur l\u2019avenir de Jerome Powell, d\u00e9clarant finalement que celui-ci \u00abfait du mauvais boulot\u00bb mais disant ne pas parler de le licencier.<\/p>\n<p class=\"fig-paragraph\">Licenciement ou non? Le pr\u00e9sident am\u00e9ricain\u00a0<a href=\"http:\/\/www.lefigaro.fr\/conjoncture\/j-aimerais-qu-il-demissionne-jerome-powell-le-patron-de-la-fed-devenu-souffre-douleur-de-donald-trump-20250702\" data-fig-type=\"Article\" data-gtm-custom-categorie=\"navigation\" data-gtm-custom-action=\"crossclick\" data-gtm-custom-label=\"Contextuel\" data-gtm-event=\"customEventSPE\" data-fig-domain=\"LEFIGARO\" rel=\"nofollow noopener\" target=\"_blank\">Donald Trump<\/a>\u00a0a souffl\u00e9 mercredi le chaud et le froid sur l\u2019avenir du pr\u00e9sident de la R\u00e9serve f\u00e9d\u00e9rale am\u00e9ricaine (Fed), Jerome Powell, assurant r\u00e9fl\u00e9chir \u00e0 le licencier avant de consid\u00e9rer la possibilit\u00e9 comme \u00abtr\u00e8s improbable\u00bb. Lors d\u2019un point presse \u00e0 la Maison Blanche, en pr\u00e9sence du prince h\u00e9ritier du Bahre\u00efn Salmane Hamad ben Issa Al-Khalifa, Donald Trump a jug\u00e9 que Jerome Powell \u00abfait du mauvais boulot\u00bb mais ne \u00abparle pas\u00bb de le licencier, apr\u00e8s avoir assur\u00e9 un peu plus t\u00f4t dans la matin\u00e9e qu\u2019il y r\u00e9fl\u00e9chissait, soulignant ensuite qu\u2019il \u00abn\u2019\u00e9carte rien mais c\u2019est tr\u00e8s improbable\u00bb.<\/p>\n<p class=\"fig-paragraph\">Il s\u2019agit d\u2019une forme de r\u00e9trop\u00e9dalage de la part du pr\u00e9sident am\u00e9ricain, qui avait assur\u00e9 un peu plus t\u00f4t \u00e0 des journalistes qu\u2019il estimait que le co\u00fbt de la r\u00e9novation des b\u00e2timents de la Fed, \u00e0 Washington, pouvait \u00eatre \u00abune raison pour justifier un licenciement\u00bb. Les travaux ont en effet d\u2019ores et d\u00e9j\u00e0 co\u00fbt\u00e9 2,5 milliards de dollars, selon le Bureau de gestion et du budget (OMB) de la Maison Blanche, Donald Trump y voyant une mauvaise utilisation de fonds f\u00e9d\u00e9raux. \u00abJe n\u2019aurais pas imagin\u00e9 qu\u2019il allait d\u00e9penser 2,5 milliards de dollars pour construire une petite extension \u00e0 la Fed\u00bb, avait d\u00e9clar\u00e9 \u00e0 la presse le pr\u00e9sident am\u00e9ricain depuis la Maison Blanche plus t\u00f4t dans la journ\u00e9e. \u00abEst-ce une raison pour justifier un licenciement? Je pense que \u00e7a peut l\u2019\u00eatre\u00bb.<\/p>\n<p>                                    <a class=\"fig-a11y-skip a11y-hidden\" href=\"#fig-a11y-skip-main-inarticle\"><br \/>\n        Passer la publicit\u00e9<br \/>\n    <\/a><\/p>\n<p>\u00abTrop tard Powell\u00bb<\/p>\n<p class=\"fig-paragraph\">Selon la Maison Blanche, le pr\u00e9sident am\u00e9ricain a bien rencontr\u00e9 mardi soir des \u00e9lus r\u00e9publicains afin de discuter avec eux du sujet, une source pr\u00e9cisant que le pr\u00e9sident r\u00e9fl\u00e9chissait \u00e0 le faire, m\u00eame si ce n\u2019est pas imminent. Donald Trump reproche depuis plusieurs mois \u00e0 Jerome Powell, qu\u2019il surnomme \u00abTrop tard Powell\u00bb, de ne pas avoir baiss\u00e9 les taux d\u2019int\u00e9r\u00eat de la banque centrale alors que, selon lui, l\u2019inflation n\u2019est plus un probl\u00e8me. Il a ainsi appel\u00e9 mardi la Fed \u00e0 abaisser ses taux directeurs, actuellement situ\u00e9s dans une fourchette comprise entre 4,25% et 4,50%, de trois points de pourcentage.<\/p>\n<p class=\"fig-paragraph\">Interrog\u00e9 sur le sujet lors d\u2019une interview sur CNBC, le directeur g\u00e9n\u00e9ral de Goldman Sachs, David Solomon, a estim\u00e9 qu\u2019il \u00abserait tr\u00e8s mauvais que le Pr\u00e9sident licencie celui de la Fed\u00bb, ajoutant n\u2019avoir pas d\u2019\u00e9l\u00e9ments dans l\u2019imm\u00e9diat sur le sujet. Les march\u00e9s financiers ont mal dig\u00e9r\u00e9 cette information. Le dollar est bri\u00e8vement tomb\u00e9 de 1% face \u00e0 l\u2019euro avant de remonter. Sur le march\u00e9 obligataire, le rendement de l\u2019emprunt am\u00e9ricain \u00e0 trente ans s\u2019est soudainement tendu \u00e0 5,07% contre 5,02% la veille, avant de retomber l\u00e9g\u00e8rement. L\u2019or, valeur refuge par excellence, gagnait du terrain (+0,74%). Les indices vedettes de Wall Street ont aussi recul\u00e9 dans la foul\u00e9e, avant de quelque peu se reprendre apr\u00e8s la volte-face de Donald Trump.<\/p>\n","protected":false},"excerpt":{"rendered":"Le pr\u00e9sident am\u00e9ricain a souffl\u00e9 le chaud et le froid sur l\u2019avenir de Jerome Powell, d\u00e9clarant finalement que&hellip;\n","protected":false},"author":2,"featured_media":251865,"comment_status":"","ping_status":"","sticky":false,"template":"","format":"standard","meta":{"footnotes":""},"categories":[6],"tags":[35,75,33,34,7512,1011,27,10797],"class_list":{"0":"post-251864","1":"post","2":"type-post","3":"status-publish","4":"format-standard","5":"has-post-thumbnail","7":"category-economie","8":"tag-business","9":"tag-donald-trump","10":"tag-economie","11":"tag-economy","12":"tag-fed","13":"tag-fr","14":"tag-france","15":"tag-jerome-powell"},"share_on_mastodon":{"url":"https:\/\/pubeurope.com\/@fr\/114864205671120840","error":""},"_links":{"self":[{"href":"https:\/\/www.europesays.com\/fr\/wp-json\/wp\/v2\/posts\/251864","targetHints":{"allow":["GET"]}}],"collection":[{"href":"https:\/\/www.europesays.com\/fr\/wp-json\/wp\/v2\/posts"}],"about":[{"href":"https:\/\/www.europesays.com\/fr\/wp-json\/wp\/v2\/types\/post"}],"author":[{"embeddable":true,"href":"https:\/\/www.europesays.com\/fr\/wp-json\/wp\/v2\/users\/2"}],"replies":[{"embeddable":true,"href":"https:\/\/www.europesays.com\/fr\/wp-json\/wp\/v2\/comments?post=251864"}],"version-history":[{"count":0,"href":"https:\/\/www.europesays.com\/fr\/wp-json\/wp\/v2\/posts\/251864\/revisions"}],"wp:featuredmedia":[{"embeddable":true,"href":"https:\/\/www.europesays.com\/fr\/wp-json\/wp\/v2\/media\/251865"}],"wp:attachment":[{"href":"https:\/\/www.europesays.com\/fr\/wp-json\/wp\/v2\/media?parent=251864"}],"wp:term":[{"taxonomy":"category","embeddable":true,"href":"https:\/\/www.europesays.com\/fr\/wp-json\/wp\/v2\/categories?post=251864"},{"taxonomy":"post_tag","embeddable":true,"href":"https:\/\/www.europesays.com\/fr\/wp-json\/wp\/v2\/tags?post=251864"}],"curies":[{"name":"wp","href":"https:\/\/api.w.org\/{rel}","templated":true}]}}