{"id":251866,"date":"2025-07-16T17:57:11","date_gmt":"2025-07-16T17:57:11","guid":{"rendered":"https:\/\/www.europesays.com\/fr\/251866\/"},"modified":"2025-07-16T17:57:11","modified_gmt":"2025-07-16T17:57:11","slug":"trump-demande-a-kiev-de-ne-pas-cibler-moscou-un-groupe-de-hackers-prorusse-demantele","status":"publish","type":"post","link":"https:\/\/www.europesays.com\/fr\/251866\/","title":{"rendered":"Trump demande \u00e0 Kiev de ne \u00ab\u00a0pas cibler Moscou\u00a0\u00bb, un groupe de hackers prorusse d\u00e9mantel\u00e9"},"content":{"rendered":"<p>Vous avez rat\u00e9 les derniers \u00e9v\u00e9nements sur la guerre en Ukraine\u00a0? 20 Minutes fait le point pour vous tous les soirs. Voici l\u2019essentiel de ce mercredi 16\u00a0juillet, 1.239e jour du conflit.<\/p>\n<p>Le fait du jour<\/p>\n<p>Les agences Europol et Eurojust ont annonc\u00e9 ce mercredi le d\u00e9mant\u00e8lement du groupe de hackers prorusses NoName057 (16), responsable de multiples attaques visant l\u2019<a href=\"https:\/\/www.20minutes.fr\/monde\/ukraine\/\" class=\"color-ultramarine c-link\" target=\"_blank\" rel=\"noopener\">Ukraine<\/a> et ses alli\u00e9s, en ciblant notamment des infrastructures importantes en Europe. \u00ab\u00a0Lors d\u2019une journ\u00e9e d\u2019action le 15\u00a0juillet, le botnet, qui utilisait des centaines de serveurs \u00e0 travers le monde, a \u00e9t\u00e9 d\u00e9mantel\u00e9 et plusieurs suspects ont \u00e9t\u00e9 identifi\u00e9s, dont les principaux instigateurs r\u00e9sidant en F\u00e9d\u00e9ration de <a href=\"https:\/\/www.20minutes.fr\/monde\/russie\/\" class=\"color-ultramarine c-link\" target=\"_blank\" rel=\"noopener\">Russie<\/a>\u00a0\u00bb, ont d\u00e9clar\u00e9 les agences europ\u00e9ennes dans un communiqu\u00e9. Un botnet est un r\u00e9seau de machines pirat\u00e9es pour mener des op\u00e9rations malveillantes.<\/p>\n<p>L\u2019op\u00e9ration a impliqu\u00e9 douze pays et entra\u00een\u00e9 l\u2019arrestation de deux personnes, une en France et une en <a href=\"https:\/\/www.20minutes.fr\/dossier\/espagne\" class=\"color-ultramarine c-link\" target=\"_blank\" rel=\"noopener\">Espagne<\/a>. Par ailleurs, \u00ab\u00a0l\u2019Allemagne a \u00e9mis six mandats d\u2019arr\u00eat contre des suspects r\u00e9sidant en F\u00e9d\u00e9ration de Russie. Deux d\u2019entre eux sont accus\u00e9s d\u2019\u00eatre les principaux instigateurs des activit\u00e9s de NoName057 (16)\u00a0\u00bb, a indiqu\u00e9 Europol. L\u2019infrastructure du serveur central du groupe a \u00e9t\u00e9 d\u00e9couverte et mise hors ligne. Les pirates informatiques ont proc\u00e9d\u00e9 par d\u00e9ni de service distribu\u00e9 (DDoS), qui consiste \u00e0 surcharger des sites Web et des applications par des requ\u00eates cibl\u00e9es de telle sorte qu\u2019ils ne soient plus accessibles.<\/p>\n<\/p>\n<p>La d\u00e9claration du jour<\/p>\n<blockquote class=\"mx-m@xs mx-xxl@md color-ultramarine c-citation\">\n<p class=\"font-weight-regular@xs text-italic font-source-serif-pro text-l@xs c-citation__content\">\u00ab\u00a0Non, il ne devrait pas cibler Moscou \u00a0\u00bb<\/p>\n<\/blockquote>\n<p>Alors que le pr\u00e9sident am\u00e9ricain s\u2019est engag\u00e9 \u00e0 fournir des \u00e9quipements militaires suppl\u00e9mentaires \u00e0 l\u2019Ukraine et a donn\u00e9 50 jours \u00e0 la Russie pour mettre fin \u00e0 son offensive dans ce pays, d\u00e9clench\u00e9e en f\u00e9vrier\u00a02022, sous peine de sanctions s\u00e9v\u00e8res, le quotidien Financial Times rapporte que Donald Trump aurait encourag\u00e9 son homologue ukrainien Volodymyr Zelensky \u00e0 frapper Moscou. \u00ab\u00a0Non, il ne devrait pas cibler Moscou\u00a0\u00bb, a toutefois r\u00e9pondu le pr\u00e9sident am\u00e9ricain devant la presse, ajoutant que Washington ne fournirait pas \u00e0 Kiev de missiles \u00e0 longue port\u00e9e.<\/p>\n<p>Le chiffre du jour<\/p>\n<p>100. L\u2019<a href=\"https:\/\/www.20minutes.fr\/dossier\/ue\" class=\"color-ultramarine c-link\" target=\"_blank\" rel=\"noopener\">Union europ\u00e9enne<\/a> propose de mobiliser jusqu\u2019\u00e0 100\u00a0milliards d\u2019euros en faveur de l\u2019Ukraine, a indiqu\u00e9 mercredi le commissaire europ\u00e9en charg\u00e9 du budget, Piotr Serafin, en pr\u00e9sentant le cadre financier pluri-annuel (CFP) du bloc europ\u00e9en pour la p\u00e9riode 2028-2034. \u00ab\u00a0Nous r\u00e9servons \u00e9galement jusqu\u2019\u00e0 100\u00a0milliards d\u2019euros en dehors des plafonds du CFP pour l\u2019Ukraine, notre partenaire le plus strat\u00e9gique\u00a0\u00bb, a-t-il d\u00e9clar\u00e9 devant le <a href=\"https:\/\/www.20minutes.fr\/dossier\/parlement_europeen\" class=\"color-ultramarine c-link\" target=\"_blank\" rel=\"noopener\">Parlement europ\u00e9en<\/a> \u00e0 Bruxelles. \u00ab\u00a0C\u2019est un engagement \u00e0 long terme pour la reprise et la reconstruction de l\u2019Ukraine\u00a0\u00bb, a-t-il assur\u00e9.<\/p>\n<p>Ces montants serviront \u00e9galement \u00e0 aider l\u2019Ukraine sur son \u00ab\u00a0chemin vers l\u2019adh\u00e9sion \u00e0 l\u2019Union europ\u00e9enne\u00a0\u00bb, a indiqu\u00e9 de son c\u00f4t\u00e9 la pr\u00e9sidente de la Commission europ\u00e9enne <a href=\"https:\/\/www.20minutes.fr\/politique\/ursula-von-der-leyen\/\" class=\"color-ultramarine c-link\" target=\"_blank\" rel=\"noopener\">Ursula von\u00a0der\u00a0Leyen<\/a>. Ces 100\u00a0milliards d\u2019euros sont destin\u00e9s \u00e0 refinancer la Facilit\u00e9 pour l\u2019Ukraine, un fonds d\u00e9cid\u00e9 fin\u00a02023 par les Vingt-Sept pour aider financi\u00e8rement l\u2019Ukraine. Il avait alors \u00e9t\u00e9 dot\u00e9 de 50\u00a0milliards d\u2019euros pour la p\u00e9riode 2024-2027.<\/p>\n","protected":false},"excerpt":{"rendered":"Vous avez rat\u00e9 les derniers \u00e9v\u00e9nements sur la guerre en Ukraine\u00a0? 20 Minutes fait le point pour vous&hellip;\n","protected":false},"author":2,"featured_media":251867,"comment_status":"","ping_status":"","sticky":false,"template":"","format":"standard","meta":{"footnotes":""},"categories":[5],"tags":[47,11,6376,75,73,1011,27,131,14,2287,3343,74,1916,12,136,132,135,134,28],"class_list":{"0":"post-251866","1":"post","2":"type-post","3":"status-publish","4":"format-standard","5":"has-post-thumbnail","7":"category-international","8":"tag-actualite","9":"tag-actualites","10":"tag-armes","11":"tag-donald-trump","12":"tag-etats-unis","13":"tag-fr","14":"tag-france","15":"tag-guerre-en-ukraine","16":"tag-international","17":"tag-mark-rutte","18":"tag-missile","19":"tag-monde","20":"tag-moscou","21":"tag-news","22":"tag-otan","23":"tag-russie","24":"tag-vladimir-poutine","25":"tag-volodymyr-zelensky","26":"tag-world"},"share_on_mastodon":{"url":"https:\/\/pubeurope.com\/@fr\/114864209517046381","error":""},"_links":{"self":[{"href":"https:\/\/www.europesays.com\/fr\/wp-json\/wp\/v2\/posts\/251866","targetHints":{"allow":["GET"]}}],"collection":[{"href":"https:\/\/www.europesays.com\/fr\/wp-json\/wp\/v2\/posts"}],"about":[{"href":"https:\/\/www.europesays.com\/fr\/wp-json\/wp\/v2\/types\/post"}],"author":[{"embeddable":true,"href":"https:\/\/www.europesays.com\/fr\/wp-json\/wp\/v2\/users\/2"}],"replies":[{"embeddable":true,"href":"https:\/\/www.europesays.com\/fr\/wp-json\/wp\/v2\/comments?post=251866"}],"version-history":[{"count":0,"href":"https:\/\/www.europesays.com\/fr\/wp-json\/wp\/v2\/posts\/251866\/revisions"}],"wp:featuredmedia":[{"embeddable":true,"href":"https:\/\/www.europesays.com\/fr\/wp-json\/wp\/v2\/media\/251867"}],"wp:attachment":[{"href":"https:\/\/www.europesays.com\/fr\/wp-json\/wp\/v2\/media?parent=251866"}],"wp:term":[{"taxonomy":"category","embeddable":true,"href":"https:\/\/www.europesays.com\/fr\/wp-json\/wp\/v2\/categories?post=251866"},{"taxonomy":"post_tag","embeddable":true,"href":"https:\/\/www.europesays.com\/fr\/wp-json\/wp\/v2\/tags?post=251866"}],"curies":[{"name":"wp","href":"https:\/\/api.w.org\/{rel}","templated":true}]}}