{"id":251869,"date":"2025-07-16T17:59:10","date_gmt":"2025-07-16T17:59:10","guid":{"rendered":"https:\/\/www.europesays.com\/fr\/251869\/"},"modified":"2025-07-16T17:59:10","modified_gmt":"2025-07-16T17:59:10","slug":"une-enquete-ouverte-apres-la-mort-dun-nourrisson-a-lhopital","status":"publish","type":"post","link":"https:\/\/www.europesays.com\/fr\/251869\/","title":{"rendered":"une enqu\u00eate ouverte apr\u00e8s la mort d\u2019un nourrisson \u00e0 l\u2019h\u00f4pital"},"content":{"rendered":"<p>L\u2019h\u00f4pital et le parquet ont annonc\u00e9 l\u2019ouverture d\u2019une enqu\u00eate apr\u00e8s le d\u00e9c\u00e8s d\u2019une petite fille de cinq jours \u00e0 la maternit\u00e9 du CHU de Lille.<\/p>\n<p class=\"fig-paragraph\">Une enqu\u00eate a \u00e9t\u00e9 ouverte apr\u00e8s le d\u00e9c\u00e8s d&rsquo;une petite fille de cinq jours \u00e0 la maternit\u00e9 du CHU de\u00a0<a href=\"http:\/\/www.lefigaro.fr\/flash-eco\/agression-d-un-medecin-a-lille-deux-hommes-condamnes-a-un-an-de-prison-ferme-20250710\" target=\"_blank\" data-fig-type=\"NewsFlash\" rel=\"noopener nofollow\" data-gtm-custom-categorie=\"navigation\" data-gtm-custom-action=\"crossclick\" data-gtm-custom-label=\"Contextuel\" data-gtm-event=\"customEventSPE\" data-fig-domain=\"LEFIGARO\">Lille<\/a>, a-t-on appris ce mercredi aupr\u00e8s de l&rsquo;h\u00f4pital et du parquet, la famille du b\u00e9b\u00e9 d\u00e9non\u00e7ant le comportement d&rsquo;un enfant visiteur dans le service. Les faits se sont d\u00e9roul\u00e9s vendredi au sein du service n\u00e9onatologie de l&rsquo;h\u00f4pital Jeanne de Flandre, l&rsquo;une des principales maternit\u00e9s de la r\u00e9gion.<\/p>\n<p class=\"fig-paragraph\">Le parquet de Lille a indiqu\u00e9 qu&rsquo;une enqu\u00eate \u00e9tait ouverte et \u00abdes investigations en cours\u00bb. Elle a \u00e9t\u00e9 ouverte pour \u00abviolences sur mineur de 15 ans\u00bb, a indiqu\u00e9 une source proche de l&rsquo;enqu\u00eate. \u00abUn \u00e9v\u00e8nement exceptionnel particuli\u00e8rement grave et bouleversant, non li\u00e9 aux soins mais survenu au sein des locaux de l&rsquo;h\u00f4pital Jeanne de Flandre, s&rsquo;est produit vendredi 11 juillet en fin de matin\u00e9e, dans l&rsquo;unit\u00e9 de soins courants de n\u00e9onatologie, mettant imm\u00e9diatement en jeu l&rsquo;\u00e9tat de sant\u00e9 et le pronostic d&rsquo;une enfant hospitalis\u00e9e\u00bb, \u00e9crit le\u00a0<a href=\"http:\/\/www.lefigaro.fr\/flash-actu\/lille-le-chu-pourra-desormais-signaler-des-violences-conjugales-a-la-justice-20220207\" target=\"_blank\" data-fig-type=\"NewsFlash\" rel=\"noopener nofollow\" data-gtm-custom-categorie=\"navigation\" data-gtm-custom-action=\"crossclick\" data-gtm-custom-label=\"Contextuel\" data-gtm-event=\"customEventSPE\" data-fig-domain=\"LEFIGARO\">CHU\u00a0<\/a>dans un communiqu\u00e9 de presse.<\/p>\n<p>                                    <a class=\"fig-a11y-skip a11y-hidden\" href=\"#fig-a11y-skip-main-inarticle\"><br \/>\n        Passer la publicit\u00e9<br \/>\n    <\/a><\/p>\n<p>Un soutien psychologique mis en place<\/p>\n<p class=\"fig-paragraph\">\u00abMalgr\u00e9 tous les efforts des \u00e9quipes de r\u00e9animation engag\u00e9s aussit\u00f4t et men\u00e9s depuis lors, l&rsquo;enfant (une fillette \u00e2g\u00e9e de cinq jours) n&rsquo;a malheureusement pas pu \u00eatre sauv\u00e9e\u00bb, poursuit le communiqu\u00e9. Dans des d\u00e9clarations \u00e0 la Voix du Nord et \u00e0 France 3 Hauts-de-France, la famille du nourrisson pointe le comportement d&rsquo;un gar\u00e7on de six ans, fr\u00e8re d&rsquo;un autre b\u00e9b\u00e9 hospitalis\u00e9 \u00e0 Jeanne de Flandre, qui est d&rsquo;apr\u00e8s eux entr\u00e9 dans la pi\u00e8ce o\u00f9 se trouvait le b\u00e9b\u00e9, n\u00e9 pr\u00e9matur\u00e9.<\/p>\n<p class=\"fig-paragraph\">La cousine du p\u00e8re rapporte \u00e0 France 3 que le nourrisson a \u00e9t\u00e9 retrouv\u00e9 nu, au sol, le cr\u00e2ne ensanglant\u00e9. \u00abDes mesures de stricte limitation des visites au sein des unit\u00e9s de n\u00e9onatologie du CHU de Lille ont \u00e9t\u00e9 prises \u00e0 titre conservatoire\u00bb, \u00e9crit l&rsquo;h\u00f4pital, indiquant avoir \u00e9galement mis en place un soutien psychologique. \u00abLes circonstances du drame restant \u00e0 \u00e9claircir\u00bb, le CHU indique avoir saisi le Procureur de la R\u00e9publique et lanc\u00e9 une enqu\u00eate administrative interne.<\/p>\n","protected":false},"excerpt":{"rendered":"L\u2019h\u00f4pital et le parquet ont annonc\u00e9 l\u2019ouverture d\u2019une enqu\u00eate apr\u00e8s le d\u00e9c\u00e8s d\u2019une petite fille de cinq jours&hellip;\n","protected":false},"author":2,"featured_media":251870,"comment_status":"","ping_status":"","sticky":false,"template":"","format":"standard","meta":{"footnotes":""},"categories":[2],"tags":[11,1011,27,100,1307,12],"class_list":{"0":"post-251869","1":"post","2":"type-post","3":"status-publish","4":"format-standard","5":"has-post-thumbnail","7":"category-actualites","8":"tag-actualites","9":"tag-fr","10":"tag-france","11":"tag-hopital","12":"tag-lille","13":"tag-news"},"share_on_mastodon":{"url":"https:\/\/pubeurope.com\/@fr\/114864217393774012","error":""},"_links":{"self":[{"href":"https:\/\/www.europesays.com\/fr\/wp-json\/wp\/v2\/posts\/251869","targetHints":{"allow":["GET"]}}],"collection":[{"href":"https:\/\/www.europesays.com\/fr\/wp-json\/wp\/v2\/posts"}],"about":[{"href":"https:\/\/www.europesays.com\/fr\/wp-json\/wp\/v2\/types\/post"}],"author":[{"embeddable":true,"href":"https:\/\/www.europesays.com\/fr\/wp-json\/wp\/v2\/users\/2"}],"replies":[{"embeddable":true,"href":"https:\/\/www.europesays.com\/fr\/wp-json\/wp\/v2\/comments?post=251869"}],"version-history":[{"count":0,"href":"https:\/\/www.europesays.com\/fr\/wp-json\/wp\/v2\/posts\/251869\/revisions"}],"wp:featuredmedia":[{"embeddable":true,"href":"https:\/\/www.europesays.com\/fr\/wp-json\/wp\/v2\/media\/251870"}],"wp:attachment":[{"href":"https:\/\/www.europesays.com\/fr\/wp-json\/wp\/v2\/media?parent=251869"}],"wp:term":[{"taxonomy":"category","embeddable":true,"href":"https:\/\/www.europesays.com\/fr\/wp-json\/wp\/v2\/categories?post=251869"},{"taxonomy":"post_tag","embeddable":true,"href":"https:\/\/www.europesays.com\/fr\/wp-json\/wp\/v2\/tags?post=251869"}],"curies":[{"name":"wp","href":"https:\/\/api.w.org\/{rel}","templated":true}]}}