{"id":251871,"date":"2025-07-16T18:00:43","date_gmt":"2025-07-16T18:00:43","guid":{"rendered":"https:\/\/www.europesays.com\/fr\/251871\/"},"modified":"2025-07-16T18:00:43","modified_gmt":"2025-07-16T18:00:43","slug":"la-suppression-des-jours-feries-cest-dune-debilite-sans-nom","status":"publish","type":"post","link":"https:\/\/www.europesays.com\/fr\/251871\/","title":{"rendered":"\u00ab\u00a0La suppression des jours f\u00e9ri\u00e9s, c\u2019est d\u2019une d\u00e9bilit\u00e9 sans nom\u00a0\u00bb"},"content":{"rendered":"<p>Ce mercredi matin, dans les rues de Saint-Chamond, les annonces de <a href=\"https:\/\/www.leprogres.fr\/p\/francois-bayrou\" target=\"_blank\" rel=\"nofollow noopener\">Fran\u00e7ois Bayrou<\/a> sont loin de faire l\u2019unanimit\u00e9. Jeunes, retrait\u00e9s, actifs, ont entendu les principales mesures du premier ministre pour faire <a href=\"https:\/\/www.leprogres.fr\/politique\/2025\/07\/15\/nous-sommes-en-danger-gravissime-francois-bayrou-presente-la-douloureuse-aux-francais\" target=\"_blank\" rel=\"nofollow noopener\">43,8\u00a0milliards d\u2019euros d\u2019\u00e9conomie sur le budget 2026<\/a>.<\/p>\n<p>Comme Simone, une retrait\u00e9e crois\u00e9e place de la Libert\u00e9\u00a0: \u00ab\u00a0J\u2019ai entendu \u00e7a ce matin. Il faut bien trouver de l\u2019argent. Ma retraite va diminuer, mais il faut aussi que le gouvernement fasse des efforts, que les efforts ne soient toujours pas faits par les m\u00eames.\u00a0\u00bb<\/p>\n<p>Un manque d\u2019exemplarit\u00e9 de l\u2019\u00c9tat \u00e9voqu\u00e9<\/p>\n<p>C\u2019est aussi ce que pense Sa\u00efd, 61 ans\u00a0: \u00ab\u00a0J\u2019ai suivi les annonces. Je suis pour et contre. Pour, car&#8230;<\/p>\n","protected":false},"excerpt":{"rendered":"Ce mercredi matin, dans les rues de Saint-Chamond, les annonces de Fran\u00e7ois Bayrou sont loin de faire l\u2019unanimit\u00e9.&hellip;\n","protected":false},"author":2,"featured_media":251872,"comment_status":"","ping_status":"","sticky":false,"template":"","format":"standard","meta":{"footnotes":""},"categories":[9653],"tags":[1111,11,2430,7539,1777,674,1011,27,12,316,25,137,9669,9670,4001,801],"class_list":{"0":"post-251871","1":"post","2":"type-post","3":"status-publish","4":"format-standard","5":"has-post-thumbnail","7":"category-saint-etienne","8":"tag-actu","9":"tag-actualites","10":"tag-auvergne-rhone-alpes","11":"tag-edition-loire-sud","12":"tag-eu","13":"tag-europe","14":"tag-fr","15":"tag-france","16":"tag-news","17":"tag-politique","18":"tag-republique-francaise","19":"tag-retraite","20":"tag-saint-chamond","21":"tag-saint-chamond-ville","22":"tag-saint-etienne","23":"tag-social"},"share_on_mastodon":{"url":"https:\/\/pubeurope.com\/@fr\/114864221263735342","error":""},"_links":{"self":[{"href":"https:\/\/www.europesays.com\/fr\/wp-json\/wp\/v2\/posts\/251871","targetHints":{"allow":["GET"]}}],"collection":[{"href":"https:\/\/www.europesays.com\/fr\/wp-json\/wp\/v2\/posts"}],"about":[{"href":"https:\/\/www.europesays.com\/fr\/wp-json\/wp\/v2\/types\/post"}],"author":[{"embeddable":true,"href":"https:\/\/www.europesays.com\/fr\/wp-json\/wp\/v2\/users\/2"}],"replies":[{"embeddable":true,"href":"https:\/\/www.europesays.com\/fr\/wp-json\/wp\/v2\/comments?post=251871"}],"version-history":[{"count":0,"href":"https:\/\/www.europesays.com\/fr\/wp-json\/wp\/v2\/posts\/251871\/revisions"}],"wp:featuredmedia":[{"embeddable":true,"href":"https:\/\/www.europesays.com\/fr\/wp-json\/wp\/v2\/media\/251872"}],"wp:attachment":[{"href":"https:\/\/www.europesays.com\/fr\/wp-json\/wp\/v2\/media?parent=251871"}],"wp:term":[{"taxonomy":"category","embeddable":true,"href":"https:\/\/www.europesays.com\/fr\/wp-json\/wp\/v2\/categories?post=251871"},{"taxonomy":"post_tag","embeddable":true,"href":"https:\/\/www.europesays.com\/fr\/wp-json\/wp\/v2\/tags?post=251871"}],"curies":[{"name":"wp","href":"https:\/\/api.w.org\/{rel}","templated":true}]}}