{"id":251875,"date":"2025-07-16T18:02:16","date_gmt":"2025-07-16T18:02:16","guid":{"rendered":"https:\/\/www.europesays.com\/fr\/251875\/"},"modified":"2025-07-16T18:02:16","modified_gmt":"2025-07-16T18:02:16","slug":"champigneulles-golf-pour-tous-a-champistival","status":"publish","type":"post","link":"https:\/\/www.europesays.com\/fr\/251875\/","title":{"rendered":"Champigneulles. Golf pour tous \u00e0 Champi\u2019stival"},"content":{"rendered":"<p>L\u2019initiation au golf figurait parmi les nouvelles activit\u00e9s propos\u00e9es dans le cadre de la 5e\u00a0 \u00e9dition de Champi\u2019stival. Accueillis sur la pelouse d\u2019honneur du parc du Ch\u00e2teau de Bas par Matthieu, \u00e9ducateur sportif au GESAL54, une vingtaine de jeunes ont test\u00e9 ce sport \u00ab\u00a0complet\u00a0\u00bb et \u00ab\u00a0bon pour l\u2019esprit\u00a0\u00bb. Club en main, Emma, Thomas et Samy ont d\u00e9couvert les gestes \u00e0 ma\u00eetriser pour que la balle atteigne sa cible, en moins de coups possibles.<\/p>\n","protected":false},"excerpt":{"rendered":"L\u2019initiation au golf figurait parmi les nouvelles activit\u00e9s propos\u00e9es dans le cadre de la 5e\u00a0 \u00e9dition de Champi\u2019stival.&hellip;\n","protected":false},"author":2,"featured_media":251876,"comment_status":"","ping_status":"","sticky":false,"template":"","format":"standard","meta":{"footnotes":""},"categories":[9635],"tags":[1111,11,13561,13560,1687,1704,1777,674,3326,1011,27,775,1702,12,25],"class_list":{"0":"post-251875","1":"post","2":"type-post","3":"status-publish","4":"format-standard","5":"has-post-thumbnail","7":"category-nancy","8":"tag-actu","9":"tag-actualites","10":"tag-cc-du-bassin-de-pompey-54b2","11":"tag-champigneulles","12":"tag-culture-loisirs","13":"tag-edition-nancy-et-agglomeration","14":"tag-eu","15":"tag-europe","16":"tag-fete-locale","17":"tag-fr","18":"tag-france","19":"tag-grand-est","20":"tag-nancy","21":"tag-news","22":"tag-republique-francaise"},"share_on_mastodon":{"url":"https:\/\/pubeurope.com\/@fr\/114864229204492011","error":""},"_links":{"self":[{"href":"https:\/\/www.europesays.com\/fr\/wp-json\/wp\/v2\/posts\/251875","targetHints":{"allow":["GET"]}}],"collection":[{"href":"https:\/\/www.europesays.com\/fr\/wp-json\/wp\/v2\/posts"}],"about":[{"href":"https:\/\/www.europesays.com\/fr\/wp-json\/wp\/v2\/types\/post"}],"author":[{"embeddable":true,"href":"https:\/\/www.europesays.com\/fr\/wp-json\/wp\/v2\/users\/2"}],"replies":[{"embeddable":true,"href":"https:\/\/www.europesays.com\/fr\/wp-json\/wp\/v2\/comments?post=251875"}],"version-history":[{"count":0,"href":"https:\/\/www.europesays.com\/fr\/wp-json\/wp\/v2\/posts\/251875\/revisions"}],"wp:featuredmedia":[{"embeddable":true,"href":"https:\/\/www.europesays.com\/fr\/wp-json\/wp\/v2\/media\/251876"}],"wp:attachment":[{"href":"https:\/\/www.europesays.com\/fr\/wp-json\/wp\/v2\/media?parent=251875"}],"wp:term":[{"taxonomy":"category","embeddable":true,"href":"https:\/\/www.europesays.com\/fr\/wp-json\/wp\/v2\/categories?post=251875"},{"taxonomy":"post_tag","embeddable":true,"href":"https:\/\/www.europesays.com\/fr\/wp-json\/wp\/v2\/tags?post=251875"}],"curies":[{"name":"wp","href":"https:\/\/api.w.org\/{rel}","templated":true}]}}