{"id":251879,"date":"2025-07-16T18:04:11","date_gmt":"2025-07-16T18:04:11","guid":{"rendered":"https:\/\/www.europesays.com\/fr\/251879\/"},"modified":"2025-07-16T18:04:11","modified_gmt":"2025-07-16T18:04:11","slug":"retour-au-bercail-pour-la-mission-jeanne-darc-cest-lheure-des-retrouvailles-sur-le-port-de-toulon","status":"publish","type":"post","link":"https:\/\/www.europesays.com\/fr\/251879\/","title":{"rendered":"Retour au bercail pour la Mission Jeanne d\u2019Arc: c&rsquo;est l\u2019heure des retrouvailles sur le port de Toulon"},"content":{"rendered":"<p>C\u2019est dans l\u2019\u00e9motion que se conclut cette mission Jeanne d\u2019Arc 2025. Parti depuis le 24 f\u00e9vrier, le Mistral a accost\u00e9 ce mercredi matin aux alentours de 8h dans la base navale de Toulon.<\/p>\n<p>Rassembl\u00e9s sur le quai, les proches attendaient avec impatience le retour des 160 futurs officiers de la marine fran\u00e7aise. Agitant des petits drapeaux tricolores et brandissant leurs pancartes, ils \u00e9taient nombreux \u00e0 pleurer \u00e0 chaudes larmes \u00e0 l\u2019id\u00e9e de retrouver un fils, une fille, un mari, une femme ou un parent. \u00c0 l\u2019approche du bateau, l\u2019impatience se faisait de plus en plus ressentir parmi la foule. Tout le monde cherchait du regard la personne attendue. \u00ab\u00a0Regarde, il est l\u00e0\u00a0\u00bb, pouvait-on entendre au moment de l\u2019accostage. Pour les marins aussi, ce retour \u00e9tait marqu\u00e9 par l\u2019\u00e9motion de retrouver les siens.<\/p>\n<p>              <img ci-src=\"https:\/\/www.varmatin.com\/marine\/protec\/DATA_ART_15916721-Odkr9qxe.jpg?vh=dd6cfb&amp;ci_seal=0dbe123d08\" alt=\"\"\/><br \/>\n         <strong>Photos Val\u00e9rie Le Parc.<\/strong> <\/p>\n<p>Une fois le bateau amarr\u00e9 \u00e0 quai, c\u2019est le grand moment tant attendu des retrouvailles et des embrassades. \u00ab\u00a0Comment vous dire? C\u2019est plein d\u2019\u00e9motions cette arriv\u00e9e \u00e0 Toulon. C\u2019\u00e9tait attendu depuis plusieurs semaines maintenant et \u00e7a me fait tr\u00e8s plaisir d\u2019\u00eatre arriv\u00e9\u00a0\u00bb, t\u00e9moigne Amaury, un grand sourire aux l\u00e8vres.<\/p>\n<p>\u00ab\u00a0C\u2019est tr\u00e8s enrichissant pour un jeune officier\u00a0\u00bb<\/p>\n<p>              <img ci-src=\"https:\/\/www.varmatin.com\/marine\/protec\/DATA_ART_15916718-C7EZY1UV.jpg?vh=0ca601&amp;ci_seal=5d53ab623b\" alt=\"\"\/><br \/>\n         <strong>Photos Val\u00e9rie Le Parc.<\/strong> <\/p>\n<p>Cette mission, qui cl\u00f4ture la formation de ces \u00e9l\u00e8ves-officiers, leur permet d\u2019appliquer toute la th\u00e9orie acquise durant leurs trois ans de formation et de les pr\u00e9parer \u00e0 leur futur m\u00e9tier. Pour Amaury, c\u2019est une aventure incroyable dont il revient des \u00e9toiles plein les yeux.<\/p>\n<p>\u00ab\u00a0C\u2019\u00e9tait vraiment cinq mois de formation dans tous les domaines de comp\u00e9tences d\u2019officier de marine. Je suis tout \u00e0 fait ravi de ce que j\u2019ai pu apprendre et de la densit\u00e9 de la mission. C\u2019est tr\u00e8s enrichissant pour un jeune officier\u00a0\u00bb, raconte le jeune homme.<\/p>\n<p>Il \u00e9voque notamment sa premi\u00e8re escale \u00e0 Fortaleza, au Br\u00e9sil: \u00ab\u00a0C\u2019\u00e9tait vraiment tr\u00e8s d\u00e9paysant de d\u00e9couvrir de nouvelles cultures et d\u2019avoir vraiment cinq jours immerg\u00e9 au milieu de la population. C\u2019\u00e9tait une exp\u00e9rience extraordinaire!\u00a0\u00bb C\u2019est donc avec des souvenirs plein la t\u00eate que ce nouvel officier va pouvoir rentrer chez lui, pour profiter des siens avant sa prochaine mission.<\/p>\n<p>Une mission d\u2019int\u00e9r\u00eat strat\u00e9gique majeur<\/p>\n<p>La mission Jeanne d\u2019Arc, qui tient son nom du porte-h\u00e9licopt\u00e8res \u00e9ponyme \u2013 retir\u00e9 du service en 2010 \u2013 est un d\u00e9ploiement op\u00e9rationnel de longue dur\u00e9e autour du monde, gr\u00e2ce auquel la France assure sa pr\u00e9sence dans plusieurs zones d\u2019int\u00e9r\u00eat strat\u00e9gique majeur.<\/p>\n<p>Elle permet aux jeunes \u00e9l\u00e8ves-officiers de cl\u00f4turer leur formation. En 2025, elle s\u2019est d\u00e9roul\u00e9e dans l\u2019Atlantique Nord et a permis, entre autres, la saisie de 6,4 tonnes de coca\u00efne dans le golfe de Guin\u00e9e.<\/p>\n","protected":false},"excerpt":{"rendered":"C\u2019est dans l\u2019\u00e9motion que se conclut cette mission Jeanne d\u2019Arc 2025. Parti depuis le 24 f\u00e9vrier, le Mistral&hellip;\n","protected":false},"author":2,"featured_media":251880,"comment_status":"","ping_status":"","sticky":false,"template":"","format":"standard","meta":{"footnotes":""},"categories":[9619],"tags":[1111,11,554,1777,674,1011,27,6128,12,882,25,2310],"class_list":{"0":"post-251879","1":"post","2":"type-post","3":"status-publish","4":"format-standard","5":"has-post-thumbnail","7":"category-toulon","8":"tag-actu","9":"tag-actualites","10":"tag-defense","11":"tag-eu","12":"tag-europe","13":"tag-fr","14":"tag-france","15":"tag-marine","16":"tag-news","17":"tag-provence-alpes-cote-dazur","18":"tag-republique-francaise","19":"tag-toulon"},"share_on_mastodon":{"url":"https:\/\/pubeurope.com\/@fr\/114864237029091951","error":""},"_links":{"self":[{"href":"https:\/\/www.europesays.com\/fr\/wp-json\/wp\/v2\/posts\/251879","targetHints":{"allow":["GET"]}}],"collection":[{"href":"https:\/\/www.europesays.com\/fr\/wp-json\/wp\/v2\/posts"}],"about":[{"href":"https:\/\/www.europesays.com\/fr\/wp-json\/wp\/v2\/types\/post"}],"author":[{"embeddable":true,"href":"https:\/\/www.europesays.com\/fr\/wp-json\/wp\/v2\/users\/2"}],"replies":[{"embeddable":true,"href":"https:\/\/www.europesays.com\/fr\/wp-json\/wp\/v2\/comments?post=251879"}],"version-history":[{"count":0,"href":"https:\/\/www.europesays.com\/fr\/wp-json\/wp\/v2\/posts\/251879\/revisions"}],"wp:featuredmedia":[{"embeddable":true,"href":"https:\/\/www.europesays.com\/fr\/wp-json\/wp\/v2\/media\/251880"}],"wp:attachment":[{"href":"https:\/\/www.europesays.com\/fr\/wp-json\/wp\/v2\/media?parent=251879"}],"wp:term":[{"taxonomy":"category","embeddable":true,"href":"https:\/\/www.europesays.com\/fr\/wp-json\/wp\/v2\/categories?post=251879"},{"taxonomy":"post_tag","embeddable":true,"href":"https:\/\/www.europesays.com\/fr\/wp-json\/wp\/v2\/tags?post=251879"}],"curies":[{"name":"wp","href":"https:\/\/api.w.org\/{rel}","templated":true}]}}