{"id":251886,"date":"2025-07-16T18:08:09","date_gmt":"2025-07-16T18:08:09","guid":{"rendered":"https:\/\/www.europesays.com\/fr\/251886\/"},"modified":"2025-07-16T18:08:09","modified_gmt":"2025-07-16T18:08:09","slug":"a-rouen-plus-de-100-references-de-thes-et-de-cafes-dans-cette-nouvelle-boutique","status":"publish","type":"post","link":"https:\/\/www.europesays.com\/fr\/251886\/","title":{"rendered":"\u00c0 Rouen, plus de 100 r\u00e9f\u00e9rences de th\u00e9s et de caf\u00e9s dans cette nouvelle boutique"},"content":{"rendered":"<p>            Par<br \/>\n        <strong><br \/>\n            <a href=\"https:\/\/actu.fr\/auteur\/adrien-filoche\" title=\"Consulter tous les articles de Adrien Filoche\" rel=\"nofollow noopener\" target=\"_blank\">Adrien Filoche<\/a><br \/>\n        <\/strong><\/p>\n<p>        Publi\u00e9 le<\/p>\n<p>            16 juil. 2025 \u00e0 19h12        <\/p>\n<p><strong>Avis aux amateurs de caf\u00e9\u2026 et de th\u00e9\u2009!<\/strong> Une boutique de l\u2019enseigne <strong>Coffea<\/strong>, enseigne sp\u00e9cialis\u00e9e dans la torr\u00e9faction et la distribution de caf\u00e9s et de th\u00e9s, a ouvert ses portes dans le centre-ville de <a href=\"https:\/\/actu.fr\/normandie\/rouen_76540\" rel=\"nofollow noopener\" target=\"_blank\">Rouen (Seine-Maritime)<\/a>. Situ\u00e9 au 39 rue Saint-Nicolas, ce nouveau commerce a accueilli ses premiers clients le mercredi 16\u00a0juillet 2025.<\/p>\n<p>Pr\u00e8s de 100 vari\u00e9t\u00e9s de caf\u00e9s en grain<\/p>\n<p class=\" wall-content\">S\u00e9bastien Pepe, ancien vendeur chez Coffea, devenu ensuite responsable de boutique au\u00a0Havre et \u00e0 Tourville-la-Rivi\u00e8re, est le g\u00e9rant franchis\u00e9 de la nouvelle boutique rouennaise. \u00ab\u2009Des clients \u00e0 l\u2019\u00e9poque nous ont demand\u00e9 plusieurs fois s\u2019il y allait avoir une boutique \u00e0 Rouen. Strat\u00e9giquement, c\u2019\u00e9tait int\u00e9ressant pour nous d\u2019ouvrir ici\u2009\u00bb, explique-t-il, en souriant.<\/p>\n<p class=\" wall-content\">Dans les rayons de son magasin, on retrouve <strong>pr\u00e8s de 100 vari\u00e9t\u00e9s de caf\u00e9s diff\u00e9rentes<\/strong>, allant du classique <strong>d\u2019Italie<\/strong>, de <strong>Colombie<\/strong> ou du <strong>Br\u00e9sil<\/strong>, en passant par des caf\u00e9s plus rares, en provenance de <strong>Puerto<\/strong> <strong>Rico<\/strong> et <strong>d\u2019Hawa\u00ef<\/strong> par exemple. \u00ab\u2009Nous avons \u00e9galement des caf\u00e9s parfum\u00e9s et gourmands, avec des notes de pistache, de caramel, etc., pr\u00e9cise le responsable. Tous les caf\u00e9s sont en grain et nous pouvons les moudre \u00e0 la demande.\u2009\u00bb<\/p>\n<p>Du caf\u00e9, du th\u00e9, mais pas que<\/p>\n<p class=\" wall-content\">En plus des nombreuses r\u00e9f\u00e9rences de caf\u00e9s, la boutique Coffea de Rouen compte environ <strong>150 vari\u00e9t\u00e9s de th\u00e9s et d\u2019infusions<\/strong>, \u00ab\u2009du pure origine, aux th\u00e9s parfum\u00e9s, en passant par les infusions aux fruits, aux l\u00e9gumes, mais aussi des infusions plus gourmandes\u2009\u00bb.<\/p>\n<p class=\" wall-content\">D\u2019autres produits sont \u00e9galement en vente, \u00e0 l\u2019instar de coffrets cadeaux, p\u00e2tes \u00e0 tartiner, g\u00e2teaux, etc. \u00ab\u2009Nous proposons \u00e9galement des boissons, <strong>\u00e0 emporter ou \u00e0 consommer sur place\u2009\u00bb<\/strong>, souligne S\u00e9bastien Pepe. Pour cela, le magasin dispose de deux tables en terrasse ext\u00e9rieure, ainsi que d\u2019une table en l\u2019int\u00e9rieur.<\/p>\n<p>Vid\u00e9os : en ce moment sur Actu<\/p>\n<p class=\" wall-content\">N\u00e9e au\u00a0Havre en 1968, Coffea compte aujourd\u2019hui une trentaine de points de vente en France. La boutique de Rouen vient s\u2019ajouter \u00e0 celle d\u00e9j\u00e0 existante \u00e0 Tourville-la-Rivi\u00e8re.<\/p>\n<p>Suivez l\u2019actualit\u00e9 de Rouen sur <a href=\"https:\/\/www.whatsapp.com\/channel\/0029VaKfnf99hXF2ddApFB1D\" rel=\"nofollow noopener\" target=\"_blank\">notre cha\u00eene WhatsApp<\/a> et sur <a href=\"https:\/\/www.tiktok.com\/@76actu.fr?lang=fr\" rel=\"nofollow noopener\" target=\"_blank\">notre compte TikTok<\/a><\/p>\n<p class=\" wall-content\">Suivez toute l\u2019actualit\u00e9 de vos villes et m\u00e9dias favoris en vous inscrivant \u00e0 <a href=\"https:\/\/moncompte.actu.fr\" title=\"D\u00e9couvez Mon Actu\" rel=\"nofollow noopener\" data-trk=\"{&quot;cta&quot;:{&quot;action&quot;:&quot;https:\\\/\\\/moncompte.actu.fr&quot;,&quot;category&quot;:&quot;mon compte&quot;,&quot;from&quot;:&quot;article footer&quot;,&quot;name&quot;:&quot;Mon actu&quot;,&quot;type&quot;:&quot;cta&quot;}}\" target=\"_blank\">Mon Actu<\/a>.<\/p>\n<p>                    <script async src=\"\/\/www.tiktok.com\/embed.js\"><\/script><\/p>\n","protected":false},"excerpt":{"rendered":"Par Adrien Filoche Publi\u00e9 le 16 juil. 2025 \u00e0 19h12 Avis aux amateurs de caf\u00e9\u2026 et de th\u00e9\u2009!&hellip;\n","protected":false},"author":2,"featured_media":251887,"comment_status":"","ping_status":"","sticky":false,"template":"","format":"standard","meta":{"footnotes":""},"categories":[9587],"tags":[1111,11,9086,215,1777,674,1011,27,12,5161,3147,25,9590,104],"class_list":{"0":"post-251886","1":"post","2":"type-post","3":"status-publish","4":"format-standard","5":"has-post-thumbnail","7":"category-rouen","8":"tag-actu","9":"tag-actualites","10":"tag-bon-plan-a-rouen","11":"tag-commerce","12":"tag-eu","13":"tag-europe","14":"tag-fr","15":"tag-france","16":"tag-news","17":"tag-normandie","18":"tag-nouveaux-commerces","19":"tag-republique-francaise","20":"tag-rouen","21":"tag-societe"},"share_on_mastodon":{"url":"https:\/\/pubeurope.com\/@fr\/114864252883014026","error":""},"_links":{"self":[{"href":"https:\/\/www.europesays.com\/fr\/wp-json\/wp\/v2\/posts\/251886","targetHints":{"allow":["GET"]}}],"collection":[{"href":"https:\/\/www.europesays.com\/fr\/wp-json\/wp\/v2\/posts"}],"about":[{"href":"https:\/\/www.europesays.com\/fr\/wp-json\/wp\/v2\/types\/post"}],"author":[{"embeddable":true,"href":"https:\/\/www.europesays.com\/fr\/wp-json\/wp\/v2\/users\/2"}],"replies":[{"embeddable":true,"href":"https:\/\/www.europesays.com\/fr\/wp-json\/wp\/v2\/comments?post=251886"}],"version-history":[{"count":0,"href":"https:\/\/www.europesays.com\/fr\/wp-json\/wp\/v2\/posts\/251886\/revisions"}],"wp:featuredmedia":[{"embeddable":true,"href":"https:\/\/www.europesays.com\/fr\/wp-json\/wp\/v2\/media\/251887"}],"wp:attachment":[{"href":"https:\/\/www.europesays.com\/fr\/wp-json\/wp\/v2\/media?parent=251886"}],"wp:term":[{"taxonomy":"category","embeddable":true,"href":"https:\/\/www.europesays.com\/fr\/wp-json\/wp\/v2\/categories?post=251886"},{"taxonomy":"post_tag","embeddable":true,"href":"https:\/\/www.europesays.com\/fr\/wp-json\/wp\/v2\/tags?post=251886"}],"curies":[{"name":"wp","href":"https:\/\/api.w.org\/{rel}","templated":true}]}}