{"id":251890,"date":"2025-07-16T18:10:29","date_gmt":"2025-07-16T18:10:29","guid":{"rendered":"https:\/\/www.europesays.com\/fr\/251890\/"},"modified":"2025-07-16T18:10:29","modified_gmt":"2025-07-16T18:10:29","slug":"ca-va-nous-couter-une-blinde-un-accord-fait-grincer-des-dents","status":"publish","type":"post","link":"https:\/\/www.europesays.com\/fr\/251890\/","title":{"rendered":"\u00ab\u00a0\u00c7a va nous co\u00fbter une blinde\u00a0\u00bb, un accord fait grincer des dents"},"content":{"rendered":"<p>            Par<br \/>\n        <strong><br \/>\n            <a href=\"https:\/\/actu.fr\/auteur\/lisa-rodrigues\" title=\"Consulter tous les articles de Lisa Rodrigues\" target=\"_blank\" rel=\"noopener\">Lisa Rodrigues<\/a><br \/>\n        <\/strong><\/p>\n<p>        Publi\u00e9 le<\/p>\n<p>            15 juil. 2025 \u00e0 18h35        <\/p>\n<p>Suite et fin d\u2019un feuilleton qui a dur\u00e9 plusieurs mois ? \u00c7a en a tout l\u2019air. <br \/>Lors du dernier conseil m\u00e9tropolitain, les \u00e9lus de <a href=\"https:\/\/actu.fr\/tag\/grenoble-alpes-metropole\" target=\"_blank\" rel=\"noopener\">Grenoble-Alpes M\u00e9tropole<\/a> ont act\u00e9 les conditions d\u2019accueil du GF38 et du FCG au <strong>Stade des Alpes<\/strong> pour la saison 2025-2026. \u00ab\u00a0N\u00e9goci\u00e9es avec les deux clubs professionnels, [les conventions d\u2019utilisation du stade] permettront aux deux \u00e9quipes de jouer les matchs \u00e0 domicile\u00a0\u00bb et ceux, d\u00e8s le mois d\u2019ao\u00fbt, assure la collectivit\u00e9 dans un communiqu\u00e9.\u00a0<br \/>Une d\u00e9cision qui arrive apr\u00e8s plusieurs semaines de <strong>discussions marqu\u00e9es par des moments de tension<\/strong>, alors que la M\u00e9tropole a r\u00e9cup\u00e9r\u00e9 en gestion directe l\u2019\u00e9quipement fin juin et que la soci\u00e9t\u00e9 gestionnaire GAS (Grenoble Alpes Sport) \u2013 dont les deux clubs sont actionnaires \u2013 est en cessation de paiement.<\/p>\n<p>    <a href=\"https:\/\/www.google.com\/maps\/embed?pb=!1m18!1m12!1m3!1d5623.966503802743!2d5.737552876135479!3d45.18743527107076!2m3!1f0!2f0!3f0!3m2!1i1024!2i768!4f13.1!3m3!1m2!1s0x478af4f72c2ccb4d%3A0x1da6253110e50e92!2sStade%20des%20Alpes!5e0!3m2!1sfr!2sfr!4v1752589844133!5m2!1sfr!2sfr\" title=\"Ouvrie le lien\" target=\"_blank\" rel=\"noopener\">Cliquez ici pour visualiser le contenu<\/a><\/p>\n<p>\u00ab\u00a0Un accord est aujourd\u2019hui sur la table\u00a0\u00bb<\/p>\n<p class=\" wall-content\">Tout a d\u00e9marr\u00e9 en d\u00e9cembre 2024, lorsque GAS a d\u00e9nonc\u00e9 la convention d\u2019occupation des lieux la liant \u00e0 la M\u00e9tropole, qui devait prendre fin le 28 juin 2025. C\u2019est alors ouvert une p\u00e9riode d\u2019appel \u00e0 manifestation d\u2019int\u00e9r\u00eat, \u00e0 laquelle le GAS a r\u00e9pondu, proposant de nouvelles conditions \u00e0 la collectivit\u00e9. Des n\u00e9gociations qui n\u2019ont pas abouti, for\u00e7ant la M\u00e9tropole \u00e0 voter le retour \u00e0 la <strong>gestion directe<\/strong> du stade.<\/p>\n<p class=\" wall-content\">Dans un <a href=\"https:\/\/actu.fr\/auvergne-rhone-alpes\/grenoble_38185\/grenoble-tensions-autour-du-stade-des-alpes-la-colere-monte-la-metropole-reve_62746569.html\" target=\"_blank\" rel=\"noopener\">pr\u00e9c\u00e9dent article<\/a>, Patrick Goffi, pr\u00e9sident du FCG, affirmait ne pas avoir de probl\u00e8me avec ce changement de gestion, \u00ab\u00a0mais l\u00e0 o\u00f9 la M\u00e9tropole r\u00eave, c\u2019est sur les loyers qu\u2019ils veulent augmenter\u00a0\u00bb pour jouer les matchs \u00e0 domicile.<\/p>\n<p class=\" wall-content\">De quoi instaurer une ambiance pour le moins tendue, mais une accalmie semble se profiler alors qu\u2019un \u00ab\u00a0accord est aujourd\u2019hui sur la table\u00a0\u00bb, assure Corinne Lemariey, vice-pr\u00e9sidente charg\u00e9e des Sports, lors du dernier conseil m\u00e9tropolitain.\u00a0<\/p>\n<p>\u00ab\u00a0On est loin du racket que certains nous ont reproch\u00e9\u00a0\u00bb<\/p>\n<p class=\" wall-content\">Dans le d\u00e9tail, chaque club versera un <strong>loyer de 30 000 par match<\/strong>, soit 510 000 euros pour la saison pour les 17 matches du GF38, et 450 000 euros pour les 15 matches du FCG. Une option est aussi pos\u00e9e pour les potentiels matchs de coupe de France et <a href=\"https:\/\/actu.fr\/auvergne-rhone-alpes\/grenoble_38185\/grenoble-la-fin-du-match-de-rugby-derape-les-images-surrealistes-de-la-bagarre-generale_62776771.html\" target=\"_blank\" rel=\"noopener\">d\u2019Access Top 14<\/a>.\u00a0 Enfin, chacun disposera de demi-journ\u00e9es d\u2019utilisation des espaces de r\u00e9ception et salons du stade.<\/p>\n<p class=\" wall-content\">La grille tarifaire reste la m\u00eame que celle du GAS, soit 35 000 euros pour un match non organis\u00e9 par les clubs r\u00e9sidents.<\/p>\n<p class=\" wall-content\">\u00ab\u00a0Tout le monde a fait un pas en avant, insiste Corine Lemariey. La M\u00e9tropole a fait l\u2019effort le plus important\u00a0\u00bb avec un co\u00fbt suppl\u00e9mentaire de <strong>500 000 euros par an<\/strong>, contre 150 \u00e0 170 000 pour les clubs.\u00a0\u00ab\u00a0On est loin du racket que certains nous ont reproch\u00e9 dans les m\u00e9dias\u00a0\u00bb, glisse la vice-pr\u00e9sidente.<\/p>\n<p>\u00ab\u00a0On a un bilan perdant-perdant\u00a0\u00bb<\/p>\n<p class=\" wall-content\">Il n\u2019emp\u00eache, ces chiffres ont fait r\u00e9agir plusieurs \u00e9lus, parmi lesquels Laurent Thoviste, adjoint au maire de <a href=\"https:\/\/actu.fr\/auvergne-rhone-alpes\/fontaine_38169\" target=\"_blank\" rel=\"noopener\">Fontaine<\/a>.<\/p>\n<blockquote class=\"ac-article-quote wall-content\">\n<p>On a aujourd&rsquo;hui un bilan o\u00f9 \u00e7a co\u00fbte plus cher \u00e0 la M\u00e9tropole et \u00e7a co\u00fbte plus cher aux clubs. Il va falloir m&rsquo;expliquer quel est l&rsquo;int\u00e9r\u00eat pour le contribuable grenoblois ! On a un bilan perdant-perdant.<\/p>\n<p>    <strong>Laurent Thoviste<\/strong><br \/>\n        Conseiller m\u00e9tropolitain de Fontaine    <\/p><\/blockquote>\n<p class=\" wall-content\">\u00c0 cela s\u2019ajoute la question de la <strong>dette du GAS de 2 millions d\u2019euros<\/strong>. \u00ab\u00a0On va l\u2019exiger, mais \u00e0 qui ? GAS est en proc\u00e9dure de liquidation. Il y a gros \u00e0 parier qu\u2019on va devoir s\u2019assoir sur une partie\u00a0\u00bb, souffle l\u2019\u00e9lu.<\/p>\n<p class=\" wall-content\">\u201c\u00c7a va quand m\u00eame nous co\u00fbter une blinde, abonde Dominique Escaron, maire de La Sappey-en-Chartreuse. La M\u00e9tropole va payer beaucoup plus.\u00a0\u00bb<\/p>\n<p>La question du naming du Stade des Alpes<\/p>\n<p class=\" wall-content\">\u00ab\u00a0Le surco\u00fbt pour la M\u00e9tropole n\u2019est pas anodin, mais nous le savions, r\u00e9torque Corine Lemariey. La question \u00e9tait la juste r\u00e9partition du surco\u00fbt entre la M\u00e9tropole et les clubs.\u00a0\u00bb\u00a0<\/p>\n<p class=\" wall-content\">Un surco\u00fbt que les clubs vont devoir compenser. Le FCG a ainsi d\u2019ores et d\u00e9j\u00e0 annonc\u00e9 une <strong>probable hausse du prix des billets<\/strong> cette saison pour compenser. Il y a aussi la question de la publicit\u00e9, avec le d\u00e9bat sur le naming, remis sur la table par Michel Savin, s\u00e9nateur de l\u2019<a href=\"https:\/\/actu.fr\/auvergne-rhone-alpes\/isere_38\" target=\"_blank\" rel=\"noopener\">Is\u00e8re<\/a> et \u00e9lu \u00e0 Dom\u00e8ne.<\/p>\n<p class=\" wall-content\">\u00c0 cela, Christophe Ferrari, pr\u00e9sident de la M\u00e9tropole, rappelle \u00ab\u00a0qu\u2019aucun capitaine d\u2019industrie, aucune grande entreprise n\u2019est m\u00e9c\u00e8ne de nos clubs\u00a0\u00bb, contrairement \u00e0 des villes comme Clermont-Ferrand ou Toulouse.<\/p>\n<p>\u00ab\u00a0C\u2019est un accord \u00e9quilibr\u00e9\u00a0\u00bb<\/p>\n<p class=\" wall-content\">Concernant la nouvelle convention d\u2019occupation, elle a \u00e9t\u00e9 adopt\u00e9e au terme d\u2019un (long) d\u00e9bat. Le GF38 a d\u00e9j\u00e0 annonc\u00e9 \u00eatre <a href=\"https:\/\/gf38.fr\/communique-officiel-du-11-juillet-2025\/\" target=\"_blank\" rel=\"noopener\">pr\u00eat \u00e0 la signer<\/a>, mais le FCG n\u2019aurait pas encore donn\u00e9 sa r\u00e9ponse, selon la majorit\u00e9 m\u00e9tropolitaine.<\/p>\n<p class=\" wall-content\">\u00ab\u00a0C\u2019est un accord \u00e9quilibr\u00e9, raisonnable, fruit du bons sens et de la bonne volont\u00e9 de la M\u00e9tropole de soutenir ses clubs\u00a0\u00bb, insiste Corine Lemariey.<\/p>\n<p class=\" wall-content\">Suivez toute l\u2019actualit\u00e9 de vos villes et m\u00e9dias favoris en vous inscrivant \u00e0 <a href=\"https:\/\/moncompte.actu.fr\" title=\"D\u00e9couvez Mon Actu\" rel=\"nofollow noopener\" data-trk=\"{&quot;cta&quot;:{&quot;action&quot;:&quot;https:\\\/\\\/moncompte.actu.fr&quot;,&quot;category&quot;:&quot;mon compte&quot;,&quot;from&quot;:&quot;article footer&quot;,&quot;name&quot;:&quot;Mon actu&quot;,&quot;type&quot;:&quot;cta&quot;}}\" target=\"_blank\">Mon Actu<\/a>.<\/p>\n<ul class=\"ac-article-tag wall-content\">\n<li><a href=\"https:\/\/actu.fr\/tag\/grenoble-alpes-metropole\" data-trk=\"{&quot;cta&quot;:{&quot;action&quot;:&quot;Grenoble-Alpes M\\u00e9tropole&quot;,&quot;category&quot;:&quot;tag&quot;,&quot;from&quot;:&quot;article footer&quot;,&quot;name&quot;:&quot;Grenoble-Alpes M\\u00e9tropole&quot;,&quot;type&quot;:&quot;cta&quot;}}\" target=\"_blank\" rel=\"noopener\">#Grenoble-Alpes M\u00e9tropole<\/a><\/li>\n<li><a href=\"https:\/\/actu.fr\/tag\/sport\" data-trk=\"{&quot;cta&quot;:{&quot;action&quot;:&quot;sport&quot;,&quot;category&quot;:&quot;tag&quot;,&quot;from&quot;:&quot;article footer&quot;,&quot;name&quot;:&quot;sport&quot;,&quot;type&quot;:&quot;cta&quot;}}\" target=\"_blank\" rel=\"noopener\">#sport<\/a><\/li>\n<\/ul>\n","protected":false},"excerpt":{"rendered":"Par Lisa Rodrigues Publi\u00e9 le 15 juil. 2025 \u00e0 18h35 Suite et fin d\u2019un feuilleton qui a dur\u00e9&hellip;\n","protected":false},"author":2,"featured_media":163352,"comment_status":"","ping_status":"","sticky":false,"template":"","format":"standard","meta":{"footnotes":""},"categories":[9566],"tags":[1111,11,2430,1777,674,1011,27,2731,19692,12,25,104,517],"class_list":{"0":"post-251890","1":"post","2":"type-post","3":"status-publish","4":"format-standard","5":"has-post-thumbnail","7":"category-grenoble","8":"tag-actu","9":"tag-actualites","10":"tag-auvergne-rhone-alpes","11":"tag-eu","12":"tag-europe","13":"tag-fr","14":"tag-france","15":"tag-grenoble","16":"tag-grenoble-alpes-metropole","17":"tag-news","18":"tag-republique-francaise","19":"tag-societe","20":"tag-sport"},"share_on_mastodon":{"url":"https:\/\/pubeurope.com\/@fr\/114864260670525624","error":""},"_links":{"self":[{"href":"https:\/\/www.europesays.com\/fr\/wp-json\/wp\/v2\/posts\/251890","targetHints":{"allow":["GET"]}}],"collection":[{"href":"https:\/\/www.europesays.com\/fr\/wp-json\/wp\/v2\/posts"}],"about":[{"href":"https:\/\/www.europesays.com\/fr\/wp-json\/wp\/v2\/types\/post"}],"author":[{"embeddable":true,"href":"https:\/\/www.europesays.com\/fr\/wp-json\/wp\/v2\/users\/2"}],"replies":[{"embeddable":true,"href":"https:\/\/www.europesays.com\/fr\/wp-json\/wp\/v2\/comments?post=251890"}],"version-history":[{"count":0,"href":"https:\/\/www.europesays.com\/fr\/wp-json\/wp\/v2\/posts\/251890\/revisions"}],"wp:featuredmedia":[{"embeddable":true,"href":"https:\/\/www.europesays.com\/fr\/wp-json\/wp\/v2\/media\/163352"}],"wp:attachment":[{"href":"https:\/\/www.europesays.com\/fr\/wp-json\/wp\/v2\/media?parent=251890"}],"wp:term":[{"taxonomy":"category","embeddable":true,"href":"https:\/\/www.europesays.com\/fr\/wp-json\/wp\/v2\/categories?post=251890"},{"taxonomy":"post_tag","embeddable":true,"href":"https:\/\/www.europesays.com\/fr\/wp-json\/wp\/v2\/tags?post=251890"}],"curies":[{"name":"wp","href":"https:\/\/api.w.org\/{rel}","templated":true}]}}