{"id":251897,"date":"2025-07-16T18:14:11","date_gmt":"2025-07-16T18:14:11","guid":{"rendered":"https:\/\/www.europesays.com\/fr\/251897\/"},"modified":"2025-07-16T18:14:11","modified_gmt":"2025-07-16T18:14:11","slug":"mundolsheim-une-nouvelle-voie-verte-vers-niederhausbergen-annoncee-pour-noel","status":"publish","type":"post","link":"https:\/\/www.europesays.com\/fr\/251897\/","title":{"rendered":"Mundolsheim. Une nouvelle voie verte vers Niederhausbergen annonc\u00e9e pour No\u00ebl"},"content":{"rendered":"<p>Destin\u00e9e aux pi\u00e9tons et aux cyclistes, qui sont appel\u00e9s \u00e0 y cohabiter intelligemment, cette nouvelle voie verte sera r\u00e9alis\u00e9e le long de la route m\u00e9tropolitaine M63, entre la rue de l\u2019Industrie et la route de Niederhausbergen \u00e0 Mundolsheim. Apr\u00e8s deux r\u00e9unions publiques les 19 et 24\u00a0juin derniers, ce projet, attendu et largement pl\u00e9biscit\u00e9 par la population, assurera <a href=\"https:\/\/www.dna.fr\/politique\/2025\/05\/17\/bientot-une-voie-verte-pour-les-pietons-et-les-cyclistes-rue-du-depot\" target=\"_blank\" rel=\"noopener\">la continuit\u00e9 entre les pistes existantes<\/a> , du c\u00f4t\u00e9 de la zone des Mar\u00e9chaux d\u2019une part et la route de Niederhausbergen d\u2019autre part, en bordure des quartiers du Parc et du Haldenbourg.<\/p>\n<p>  Les arr\u00eats bus d\u00e9plac\u00e9s le temps des travaux<\/p>\n<p>Tous les modes de d\u00e9placement b\u00e9n\u00e9ficieront de ces nouveaux am\u00e9nagements. Les automobilistes disposeront d\u2019une chauss\u00e9e refaite et seront toujours appel\u00e9s \u00e0 respecter une vitesse r\u00e9duite avec maintien des ralentisseurs, les arr\u00eats de bus seront conserv\u00e9s, les cyclistes et les pi\u00e9tons seront en s\u00e9curit\u00e9 sur des pistes prot\u00e9g\u00e9es.<\/p>\n<p>Ces travaux importants n\u00e9cessiteront, \u00e9videmment, la mise en place d\u2019itin\u00e9raires de d\u00e9viation par la route de Niederhausbergen, la rue Berlioz et la route de Strasbourg, dans les deux sens. Les arr\u00eats de bus seront \u00e9galement d\u00e9plac\u00e9s temporairement durant cette p\u00e9riode.<\/p>\n<p>Le chantier est programm\u00e9 d\u2019octobre \u00e0 d\u00e9cembre\u00a02025.<\/p>\n","protected":false},"excerpt":{"rendered":"Destin\u00e9e aux pi\u00e9tons et aux cyclistes, qui sont appel\u00e9s \u00e0 y cohabiter intelligemment, cette nouvelle voie verte sera&hellip;\n","protected":false},"author":2,"featured_media":251898,"comment_status":"","ping_status":"","sticky":false,"template":"","format":"standard","meta":{"footnotes":""},"categories":[2820],"tags":[1111,11,4749,3542,33,2880,1777,674,107,1011,27,775,3264,12,25,640,3265,2803],"class_list":{"0":"post-251897","1":"post","2":"type-post","3":"status-publish","4":"format-standard","5":"has-post-thumbnail","7":"category-strasbourg","8":"tag-actu","9":"tag-actualites","10":"tag-btp-et-chantiers","11":"tag-circulation","12":"tag-economie","13":"tag-edition-strasbourg","14":"tag-eu","15":"tag-europe","16":"tag-fil-info","17":"tag-fr","18":"tag-france","19":"tag-grand-est","20":"tag-mundolsheim","21":"tag-news","22":"tag-republique-francaise","23":"tag-strasbourg","24":"tag-strasbourg-nord","25":"tag-transport"},"share_on_mastodon":{"url":"https:\/\/pubeurope.com\/@fr\/114864276336320464","error":""},"_links":{"self":[{"href":"https:\/\/www.europesays.com\/fr\/wp-json\/wp\/v2\/posts\/251897","targetHints":{"allow":["GET"]}}],"collection":[{"href":"https:\/\/www.europesays.com\/fr\/wp-json\/wp\/v2\/posts"}],"about":[{"href":"https:\/\/www.europesays.com\/fr\/wp-json\/wp\/v2\/types\/post"}],"author":[{"embeddable":true,"href":"https:\/\/www.europesays.com\/fr\/wp-json\/wp\/v2\/users\/2"}],"replies":[{"embeddable":true,"href":"https:\/\/www.europesays.com\/fr\/wp-json\/wp\/v2\/comments?post=251897"}],"version-history":[{"count":0,"href":"https:\/\/www.europesays.com\/fr\/wp-json\/wp\/v2\/posts\/251897\/revisions"}],"wp:featuredmedia":[{"embeddable":true,"href":"https:\/\/www.europesays.com\/fr\/wp-json\/wp\/v2\/media\/251898"}],"wp:attachment":[{"href":"https:\/\/www.europesays.com\/fr\/wp-json\/wp\/v2\/media?parent=251897"}],"wp:term":[{"taxonomy":"category","embeddable":true,"href":"https:\/\/www.europesays.com\/fr\/wp-json\/wp\/v2\/categories?post=251897"},{"taxonomy":"post_tag","embeddable":true,"href":"https:\/\/www.europesays.com\/fr\/wp-json\/wp\/v2\/tags?post=251897"}],"curies":[{"name":"wp","href":"https:\/\/api.w.org\/{rel}","templated":true}]}}