{"id":251899,"date":"2025-07-16T18:15:11","date_gmt":"2025-07-16T18:15:11","guid":{"rendered":"https:\/\/www.europesays.com\/fr\/251899\/"},"modified":"2025-07-16T18:15:11","modified_gmt":"2025-07-16T18:15:11","slug":"strasbourg-cambriolages-en-serie-a-la-meinau-trois-ans-de-prison","status":"publish","type":"post","link":"https:\/\/www.europesays.com\/fr\/251899\/","title":{"rendered":"Strasbourg. Cambriolages en s\u00e9rie \u00e0 la Meinau\u00a0: trois ans de prison"},"content":{"rendered":"<p>Le voleur habitait chez son oncle, avenue de Colmar \u00e0 Strasbourg. Il n\u2019allait jamais tr\u00e8s loin pour tenter sa chance dans un appartement, une cave ou un local commercial. De septembre\u00a02024 \u00e0 mai dernier, cet homme de 35 ans s\u2019est vu reprocher 26 cambriolages, ou tentatives, dans le quartier de la Meinau.<\/p>\n<p>Il y en a tellement que \u00ab\u00a0je ne vais pas lire l\u2019int\u00e9gralit\u00e9 des pr\u00e9ventions, sinon on y est jusqu\u2019au bout de la nuit\u00a0\u00bb, expose le pr\u00e9sident du tribunal, Marc Picard. Leur r\u00e9sum\u00e9 lasse n\u00e9anmoins le pr\u00e9venu&#8230;.<\/p>\n","protected":false},"excerpt":{"rendered":"Le voleur habitait chez son oncle, avenue de Colmar \u00e0 Strasbourg. Il n\u2019allait jamais tr\u00e8s loin pour tenter&hellip;\n","protected":false},"author":2,"featured_media":251900,"comment_status":"","ping_status":"","sticky":false,"template":"","format":"standard","meta":{"footnotes":""},"categories":[2820],"tags":[1111,11,2880,1777,674,274,107,1011,27,775,12,25,640,2879],"class_list":{"0":"post-251899","1":"post","2":"type-post","3":"status-publish","4":"format-standard","5":"has-post-thumbnail","7":"category-strasbourg","8":"tag-actu","9":"tag-actualites","10":"tag-edition-strasbourg","11":"tag-eu","12":"tag-europe","13":"tag-faits-divers-justice","14":"tag-fil-info","15":"tag-fr","16":"tag-france","17":"tag-grand-est","18":"tag-news","19":"tag-republique-francaise","20":"tag-strasbourg","21":"tag-strasbourg-ville"},"share_on_mastodon":{"url":"https:\/\/pubeurope.com\/@fr\/114864280380785013","error":""},"_links":{"self":[{"href":"https:\/\/www.europesays.com\/fr\/wp-json\/wp\/v2\/posts\/251899","targetHints":{"allow":["GET"]}}],"collection":[{"href":"https:\/\/www.europesays.com\/fr\/wp-json\/wp\/v2\/posts"}],"about":[{"href":"https:\/\/www.europesays.com\/fr\/wp-json\/wp\/v2\/types\/post"}],"author":[{"embeddable":true,"href":"https:\/\/www.europesays.com\/fr\/wp-json\/wp\/v2\/users\/2"}],"replies":[{"embeddable":true,"href":"https:\/\/www.europesays.com\/fr\/wp-json\/wp\/v2\/comments?post=251899"}],"version-history":[{"count":0,"href":"https:\/\/www.europesays.com\/fr\/wp-json\/wp\/v2\/posts\/251899\/revisions"}],"wp:featuredmedia":[{"embeddable":true,"href":"https:\/\/www.europesays.com\/fr\/wp-json\/wp\/v2\/media\/251900"}],"wp:attachment":[{"href":"https:\/\/www.europesays.com\/fr\/wp-json\/wp\/v2\/media?parent=251899"}],"wp:term":[{"taxonomy":"category","embeddable":true,"href":"https:\/\/www.europesays.com\/fr\/wp-json\/wp\/v2\/categories?post=251899"},{"taxonomy":"post_tag","embeddable":true,"href":"https:\/\/www.europesays.com\/fr\/wp-json\/wp\/v2\/tags?post=251899"}],"curies":[{"name":"wp","href":"https:\/\/api.w.org\/{rel}","templated":true}]}}