{"id":251903,"date":"2025-07-16T18:17:11","date_gmt":"2025-07-16T18:17:11","guid":{"rendered":"https:\/\/www.europesays.com\/fr\/251903\/"},"modified":"2025-07-16T18:17:11","modified_gmt":"2025-07-16T18:17:11","slug":"le-commanditaire-presume-de-lincendie-ayant-fait-sept-morts-a-nice-arrete-et-emprisonne-en-guinee-bissau","status":"publish","type":"post","link":"https:\/\/www.europesays.com\/fr\/251903\/","title":{"rendered":"Le commanditaire pr\u00e9sum\u00e9 de l\u2019incendie ayant fait sept morts \u00e0 Nice arr\u00eat\u00e9 et emprisonn\u00e9 en Guin\u00e9e-Bissau"},"content":{"rendered":"<p>N\u00e9 en 1998 \u00e0 Dakar et d\u00e9j\u00e0 condamn\u00e9 \u00e0 plusieurs reprises \u00e0 Nice dans le cadre de trafics de stup\u00e9fiants d\u2019envergure, \u00abil avait quitt\u00e9 tr\u00e8s rapidement le territoire national apr\u00e8s les faits\u00bb, selon le procureur.<\/p>\n<p class=\"fig-paragraph\">Il est sous les \u00e9crous en\u00a0<a href=\"http:\/\/www.lefigaro.fr\/culture\/eau-turquoise-et-biodiversite-exceptionnelle-l-archipel-des-bijagos-en-guinee-bissau-fait-son-entree-au-patrimoine-mondial-de-l-humanite-20250715\" target=\"_blank\" data-fig-type=\"NewsFlash\" rel=\"noopener nofollow\" data-gtm-custom-categorie=\"navigation\" data-gtm-custom-action=\"crossclick\" data-gtm-custom-label=\"Contextuel\" data-gtm-event=\"customEventSPE\" data-fig-domain=\"LEFIGARO\">Guin\u00e9e-Bissau<\/a>, mais pourrait prochainement \u00eatre rapatri\u00e9 en France. Le commanditaire pr\u00e9sum\u00e9 du\u00a0<a href=\"http:\/\/www.lefigaro.fr\/nice\/nice-pres-d-un-an-apres-l-incendie-criminel-aux-moulins-deux-nouvelles-interpellations-20250703\" target=\"_blank\" data-fig-type=\"NewsFlash\" rel=\"noopener nofollow\" data-gtm-custom-categorie=\"navigation\" data-gtm-custom-action=\"crossclick\" data-gtm-custom-label=\"Contextuel\" data-gtm-event=\"customEventSPE\" data-fig-domain=\"LEFIGARO\">dramatique incendie qui avait co\u00fbt\u00e9 la vie \u00e0 sept membres<\/a>\u00a0d\u2019une m\u00eame famille \u00e0\u00a0<a href=\"http:\/\/www.lefigaro.fr\/nice\/a-nice-christian-estrosi-ferme-une-rue-du-centre-ville-transformee-en-salle-de-shoot-a-ciel-ouvert-depuis-des-annees-20250715\" target=\"_blank\" data-fig-type=\"NewsFlash\" rel=\"noopener nofollow\" data-gtm-custom-categorie=\"navigation\" data-gtm-custom-action=\"crossclick\" data-gtm-custom-label=\"Contextuel\" data-gtm-event=\"customEventSPE\" data-fig-domain=\"LEFIGARO\">Nice<\/a>\u00a0a \u00e9t\u00e9 interpell\u00e9 et \u00e9crou\u00e9, pr\u00e8s d\u2019un an apr\u00e8s les faits, a annonc\u00e9 le procureur de la ville dans un communiqu\u00e9 ce mercredi 16 juillet.<\/p>\n<p class=\"fig-paragraph\">Le 18 juillet 2024, quatre adultes et trois enfants avaient p\u00e9ri dans leur appartement en proie aux flammes, au dernier \u00e9tage de la rue de la Santoline, dans le quartier des Moulins. Une enqu\u00eate de flagrance avait rapidement d\u00e9termin\u00e9 que l\u2019incendie \u00e9tait d\u2019origine criminelle, dans un contexte de\u00a0<a href=\"http:\/\/www.lefigaro.fr\/actualite-france\/les-premiers-detenus-pour-narcotrafic-ont-ete-informes-de-leur-transfert-pour-la-prison-de-haute-securite-20250716\" target=\"_blank\" data-fig-type=\"NewsFlash\" rel=\"noopener nofollow\" data-gtm-custom-categorie=\"navigation\" data-gtm-custom-action=\"crossclick\" data-gtm-custom-label=\"Contextuel\" data-gtm-event=\"customEventSPE\" data-fig-domain=\"LEFIGARO\">narcotrafic<\/a>, et qu\u2019il avait \u00e9t\u00e9 d\u00e9clench\u00e9 par trois d\u00e9parts de feu aux 1er, 2e et 3e \u00e9tages de l\u2019immeuble. La vid\u00e9osurveillance avait \u00e9galement d\u00e9montr\u00e9 que trois jeunes hommes aux visages dissimul\u00e9s, arriv\u00e9s en v\u00e9hicule entre 2h12 et 2h17 du matin, \u00e9taient parvenus \u00e0 \u00abrapidement casser la porte d\u2019entr\u00e9e de l\u2019immeuble et \u00e0 y p\u00e9n\u00e9trer. Ils en ressortaient tr\u00e8s peu de temps apr\u00e8s et prenaient la fuite\u00bb, pr\u00e9cisait le procureur Damien Martinelli peu apr\u00e8s les faits.<\/p>\n<p>                                    <a class=\"fig-a11y-skip a11y-hidden\" href=\"#fig-a11y-skip-main-inarticle\"><br \/>\n        Passer la publicit\u00e9<br \/>\n    <\/a><\/p>\n<p>Condamn\u00e9 \u00e0 plusieurs reprises<\/p>\n<p class=\"fig-paragraph\">Les investigations ont permis l\u2019interpellation dans les mois qui ont suivi de quatre individus, impliqu\u00e9s \u00e0 divers \u00e9chelons dans l\u2019attaque. Ils ont \u00e9t\u00e9 mis en examen et plac\u00e9s en d\u00e9tention provisoire. Un cinqui\u00e8me individu, le commanditaire pr\u00e9sum\u00e9, a \u00e9galement \u00e9t\u00e9 identifi\u00e9 dans la foul\u00e9e. Domicili\u00e9 \u00e0 Nice, n\u00e9 en 1998 \u00e0 Dakar (S\u00e9n\u00e9gal) et d\u00e9j\u00e0 mis en cause et condamn\u00e9 \u00e0 plusieurs reprises \u00e0 Nice dans le cadre de trafics de stup\u00e9fiants d\u2019envergure, \u00abil avait quitt\u00e9 tr\u00e8s rapidement le territoire national apr\u00e8s les faits\u00bb, pr\u00e9cise le procureur ce jeudi 16 juillet.<\/p>\n<p class=\"fig-paragraph\">Apr\u00e8s la diffusion d\u2019un mandat d\u2019arr\u00eat avec diffusion Interpol, l\u2019individu a finalement \u00e9t\u00e9 interpell\u00e9 le 22 d\u00e9cembre 2024 \u00e0 l\u2019a\u00e9roport international Osvaldo Vieira en Guin\u00e9e-Bissau. \u00abDans la suite de cette arrestation, une demande d\u2019extradition \u00e9tait adress\u00e9e aux autorit\u00e9s guin\u00e9ennes, non li\u00e9es avec les autorit\u00e9s fran\u00e7aises par un accord bilat\u00e9ral dans ce domaine. \u00c0 cette heure, la d\u00e9cision des autorit\u00e9s guin\u00e9ennes concernant la remise \u00e0 la France de l\u2019int\u00e9ress\u00e9, toujours plac\u00e9 sous \u00e9crou extraditionnel, n\u2019est pas encore intervenue\u00bb, pr\u00e9cise le parquet.<\/p>\n<p class=\"fig-paragraph\">Enfin, un sixi\u00e8me homme, en fuite et \u00absusceptible d\u2019\u00eatre impliqu\u00e9 dans l\u2019organisation et la logistique\u00bb, a quant \u00e0 lui \u00e9t\u00e9 interpell\u00e9 par les autorit\u00e9s alg\u00e9riennes le 23 avril 2025. \u00abDes \u00e9changes \u00e9taient engag\u00e9s avec ces derni\u00e8res afin de pr\u00e9ciser les suites susceptibles d\u2019\u00eatre donn\u00e9es \u00e0 cette arrestation et d\u2019obtenir tout renseignement sur la situation de l\u2019int\u00e9ress\u00e9. L\u2019int\u00e9ress\u00e9 \u00e9tant de nationalit\u00e9 alg\u00e9rienne, aucune extradition vers la France ne pouvait \u00eatre envisag\u00e9e, la convention d\u2019extradition sign\u00e9e en 2019 entre les deux pays excluant r\u00e9ciproquement cette possibilit\u00e9\u00bb, avance le parquet de Nice.<\/p>\n","protected":false},"excerpt":{"rendered":"N\u00e9 en 1998 \u00e0 Dakar et d\u00e9j\u00e0 condamn\u00e9 \u00e0 plusieurs reprises \u00e0 Nice dans le cadre de trafics&hellip;\n","protected":false},"author":2,"featured_media":251904,"comment_status":"","ping_status":"","sticky":false,"template":"","format":"standard","meta":{"footnotes":""},"categories":[2819],"tags":[1111,11,1777,674,1011,27,1310,12,2401,882,25],"class_list":{"0":"post-251903","1":"post","2":"type-post","3":"status-publish","4":"format-standard","5":"has-post-thumbnail","7":"category-nice","8":"tag-actu","9":"tag-actualites","10":"tag-eu","11":"tag-europe","12":"tag-fr","13":"tag-france","14":"tag-incendie","15":"tag-news","16":"tag-nice","17":"tag-provence-alpes-cote-dazur","18":"tag-republique-francaise"},"share_on_mastodon":{"url":"https:\/\/pubeurope.com\/@fr\/114864288161439131","error":""},"_links":{"self":[{"href":"https:\/\/www.europesays.com\/fr\/wp-json\/wp\/v2\/posts\/251903","targetHints":{"allow":["GET"]}}],"collection":[{"href":"https:\/\/www.europesays.com\/fr\/wp-json\/wp\/v2\/posts"}],"about":[{"href":"https:\/\/www.europesays.com\/fr\/wp-json\/wp\/v2\/types\/post"}],"author":[{"embeddable":true,"href":"https:\/\/www.europesays.com\/fr\/wp-json\/wp\/v2\/users\/2"}],"replies":[{"embeddable":true,"href":"https:\/\/www.europesays.com\/fr\/wp-json\/wp\/v2\/comments?post=251903"}],"version-history":[{"count":0,"href":"https:\/\/www.europesays.com\/fr\/wp-json\/wp\/v2\/posts\/251903\/revisions"}],"wp:featuredmedia":[{"embeddable":true,"href":"https:\/\/www.europesays.com\/fr\/wp-json\/wp\/v2\/media\/251904"}],"wp:attachment":[{"href":"https:\/\/www.europesays.com\/fr\/wp-json\/wp\/v2\/media?parent=251903"}],"wp:term":[{"taxonomy":"category","embeddable":true,"href":"https:\/\/www.europesays.com\/fr\/wp-json\/wp\/v2\/categories?post=251903"},{"taxonomy":"post_tag","embeddable":true,"href":"https:\/\/www.europesays.com\/fr\/wp-json\/wp\/v2\/tags?post=251903"}],"curies":[{"name":"wp","href":"https:\/\/api.w.org\/{rel}","templated":true}]}}