{"id":251913,"date":"2025-07-16T18:23:11","date_gmt":"2025-07-16T18:23:11","guid":{"rendered":"https:\/\/www.europesays.com\/fr\/251913\/"},"modified":"2025-07-16T18:23:11","modified_gmt":"2025-07-16T18:23:11","slug":"voici-nos-idees-pour-ce-week-end","status":"publish","type":"post","link":"https:\/\/www.europesays.com\/fr\/251913\/","title":{"rendered":"voici nos id\u00e9es pour ce week-end"},"content":{"rendered":"<p>            Par<br \/>\n        <strong><br \/>\n            <a href=\"https:\/\/actu.fr\/auteur\/gabriel-kenedi\" title=\"Consulter tous les articles de Gabriel Kenedi\" target=\"_blank\" rel=\"noopener\">Gabriel Kenedi<\/a><br \/>\n        <\/strong><\/p>\n<p>        Publi\u00e9 le<\/p>\n<p>            16 juil. 2025 \u00e0 20h01        <\/p>\n<p>Que faire ce week-end \u00e0 Toulouse, qui plus est en plein mois de juillet\u2009? Et bien figurez-vous qu\u2019il y a de quoi faire\u2009! Au menu\u2009? Des <strong>soir\u00e9es<\/strong>, un <strong>showcase<\/strong> in\u00e9dit, un <strong>festival<\/strong> pour les nostalgiques, des <strong>lacs<\/strong>, des <strong>rivi\u00e8res<\/strong>, des <strong>expos<\/strong> et du <strong>v\u00e9lo<\/strong>\u2026 Voici ce qui vous attend \u00e0 Toulouse, du vendredi\u00a018 au dimanche 20\u00a0juillet 2025.<\/p>\n<p>#1. Week-end charg\u00e9 au Poney Club<br \/>\n    <img   decoding=\"async\" loading=\"lazy\" src=\"https:\/\/www.europesays.com\/fr\/wp-content\/uploads\/2025\/07\/carl-cox-960x640.jpg\" alt=\"Carl Cox de retour \u00e0 Family Piknik.\" width=\"960\" height=\"640\"\/><br \/>\n    Carl Cox sera au Poney Club, vendredi. (\u00a9DR)<\/p>\n<p class=\" wall-content\">Avis aux amateurs\u2009! Le week-end s\u2019annonce particuli\u00e8rement charg\u00e9 au Poney Club, qui accueillera vendredi 18\u00a0juillet (dans le cadre du pr\u00e9-opening de Pink Paradize) le DJ et producteur anglais <strong>Carl Cox. <\/strong>V\u00e9ritable pionnier de la techno, il devrait enflammer la sc\u00e8ne du Poney Club, situ\u00e9 au bord des pistes de l\u2019a\u00e9roport de Toulouse-Blagnac.\u00a0Attention, l\u2019\u00e9v\u00e9nement est complet.<\/p>\n<p class=\" wall-content\">Le lendemain, samedi 19\u00a0juillet, toujours au Poney Club, place au<strong> DYR Festival<\/strong> (comprenez Do You Remember\u2009!), pour une soir\u00e9e inoubliable d\u00e9di\u00e9e aux meilleurs sons des ann\u00e9es 90 et 2000. Et il y aura du beau monde, puisque sont attendus <strong>3T, Poetic Lover, Billy Crawford, Menelik, Gage, Assia, Humphrey et Cut Killer<\/strong>\u2026<\/p>\n<p class=\" wall-content\">Une line-up qui devrait combler les plus nostalgiques\u2009!<\/p>\n<p>Infos et tarifs <a href=\"https:\/\/www.poneyclubtoulouse.fr\/programmation\/do-you-remember-festival\" target=\"_blank\" rel=\"noopener\">sur le site du Poney Club<\/a>#2. Pool Party au Bikini<br \/>\n    <img   decoding=\"async\" loading=\"lazy\" src=\"https:\/\/www.europesays.com\/fr\/wp-content\/uploads\/2025\/07\/lpb-photos-hd-9-photo-kevin-spadafora-2-960x640.jpg\" alt=\"Les ap\u00e9ros piscine du Petit Bikini refont le plein de dates avec une programmation musicale pour tous les styles.\" width=\"960\" height=\"640\"\/><br \/>\n    Une pool party au. (\u00a9K\u00e9vin Spadafora)<\/p>\n<p class=\" wall-content\">Une fois par mois pendant l\u2019\u00e9t\u00e9, le Bikini propose avec La D\u00e9tente, <strong>une pool party \u00ab\u2009ambiance Gayguette\u2009\u00bb<\/strong>, musique D\u00e9tente pour vous pr\u00e9lasser au bord de la piscine ou danser sur un son finement s\u00e9lectionn\u00e9 par des djs aux influences \u00e9lectroniques, techno, deep house\u2026 pour passer une apr\u00e8s midi d\u00e9tente au bord de la piscine\u2009!<\/p>\n<p>Ouverture des portes \u00e0 15\u00a0heures. Tarif\u2009: 5\u20ac (uniquement sur place). Plus d\u2019infos <a href=\"https:\/\/lebikini.com\/2025\/07\/20\/la-detente-pool-party-2\" target=\"_blank\" rel=\"noopener\">sur le site du Bikini<\/a>.#3. Des concerts gratuits \u00e0 la Halle de La Machine<\/p>\n<p class=\" wall-content\">Des concerts gratuits sous l\u2019\u0153il bienveillant d\u2019Ast\u00e9rion, le minotaure\u2026 Voil\u00e0 ce que propose la Halle de La Machine durant tout l\u2019\u00e9t\u00e9. Vendredi 18\u00a0juillet, place \u00e0<strong> DJ Souleance<\/strong>, et le samedi\u00a019, c\u2019est <strong>La Rubla del Tintamar<\/strong> qui jouera\u2009!<\/p>\n<p>De 19\u00a0heures \u00e0 22\u00a0heures, devant la<a href=\"https:\/\/www.halledelamachine.fr\/evenements\/halle-night-long-2025\/\" target=\"_blank\" rel=\"noopener\"> Halle de La Machine.<\/a>#4. Gims en showcase \u00e0 La Voile Blanche<\/p>\n<p class=\" wall-content\">C\u2019est l\u2019un des rendez-vous de l\u2019\u00e9t\u00e9 \u00e0 La Voile Blanche. L\u2019\u00e9tablissement situ\u00e9 \u00e0 Sesqui\u00e8res fait venir Gims pour un showcase in\u00e9dit, qui se d\u00e9roulera vendredi 18\u00a0juillet. Et il reste encore quelques places (\u00e0 partir de 30\u00a0euros), si vous souhaitez en \u00eatre\u2009!<\/p>\n<p>De 19h30 \u00e0 2\u00a0heures, \u00e0 La Voile Blanche. Tickets<a href=\"https:\/\/xceed.me\/fr\/toulouse\/event\/showcase-gims-vendredi-18-juillet-la-voile-blanche--193976\" target=\"_blank\" rel=\"noopener\"> \u00e0 r\u00e9server ici<\/a>.#5. Danser aux Halles de la Cartoucherie<\/p>\n<p class=\" wall-content\">Lieu d\u00e9sormais tr\u00e8s pris\u00e9 \u00e0 Toulouse, les Halles de la Cartoucherie restent ouvertes tout l\u2019\u00e9t\u00e9. Et avis aux amateurs de breakdance\u2009! Le samedi 19\u00a0juillet, de 14\u00a0heures \u00e0 19\u00a0heures, place \u00e0 une comp\u00e9tition de haut vol entre les \u00e9l\u00e8ves de la Breakin School (fond\u00e9e par Abdel Chouari), qui s\u2019affrontent dans les cat\u00e9gories breakdance, afro et hip hop\u2009! L\u2019\u00e9v\u00e9nement est gratuit.<\/p>\n<p>Breaking League <a href=\"https:\/\/halles-cartoucherie.fr\/event\/breaking-league-2\/\" target=\"_blank\" rel=\"noopener\">aux Halles de la Cartoucherie<\/a>, le 19\u00a0juillet de 14h \u00e0 19\u00a0heures.#6. Les expos \u00e0 ne pas manquer cet \u00e9t\u00e9<\/p>\n<p class=\" wall-content\">De Claude Monet \u00e0 Mickalene Thomas en passant par Ana\u00efs Tondeur, de nombreuses expositions sont visibles tout au long de l\u2019\u00e9t\u00e9 \u00e0 Toulouse.<\/p>\n<p class=\" wall-content\">Pour en savoir plus, consultez notre article complet\u2009:<\/p>\n<p>#6. Acid Arab sur le rooftop d\u2019Interference<\/p>\n<p class=\" wall-content\">Chaque dimanche, le collectif Bandidos transforme le rooftop d\u2019Interference en territoire de danse libre\u2009! Et dimanche 20\u00a0juillet, c\u2019est le groupe de musique \u00e9lectronique <strong>Acid Arab<\/strong> qui sera derri\u00e8re les platines. L\u2019entr\u00e9e est \u00e0 20\u00a0euros.<\/p>\n<p>De 16\u2009h \u00e0 22\u00a0heures, dimanche 20\u00a0juillet, \u00e0 <a href=\"https:\/\/www.interference-toulouse.fr\/\" target=\"_blank\" rel=\"noopener\">Interference<\/a>.#7. Profiter de l\u2019\u00e9t\u00e9 \u00e0 Toulouse et aux alentours<\/p>\n<p class=\" wall-content\">Vous souhaitez vous baigner non loin de Toulouse, o\u00f9 alors profiter d\u2019une terrasse ou d\u2019une guinguette\u2009? Retrouvez tout ce dont vous avez besoin gr\u00e2ce \u00e0 Actu Toulouse\u2009!<\/p>\n<ul class=\" wall-content\">\n<li><strong>Pour les lacs\u00a0et rivi\u00e8res\u2009:<\/strong><\/li>\n<\/ul>\n<p class=\" wall-content\">On vous a s\u00e9lectionn\u00e9 huit lacs o\u00f9 la baignade est surveill\u00e9e en \u00e9t\u00e9 (<a href=\"https:\/\/actu.fr\/occitanie\/toulouse_31555\/fortes-chaleurs-voici-8-lacs-ou-la-baignade-est-surveillee-en-ete-a-toulouse-et-aux-alentours_62838600.html\" target=\"_blank\" rel=\"noopener\">\u00e0 lire ici<\/a>). Et si vous \u00eates plut\u00f4t rivi\u00e8res, il y a \u00e9galement quelques spots de plus \u00e0 d\u00e9couvrir (<a href=\"https:\/\/actu.fr\/occitanie\/toulouse_31555\/lacs-et-rivieres-les-dates-douverture-des-plages-autorisees-a-la-baignade-autour-de-toulouse_62862928.html\" target=\"_blank\" rel=\"noopener\">\u00e0 lire ici<\/a>).<\/p>\n<ul class=\" wall-content\">\n<li><strong>Pour les guinguettes et les terrasses<\/strong><\/li>\n<\/ul>\n<p class=\" wall-content\">On vous a s\u00e9lectionn\u00e9 les guinguettes<strong> les plus champ\u00eatres<\/strong> (<a href=\"https:\/\/actu.fr\/occitanie\/toulouse_31555\/sortir-a-toulouse-notre-selection-de-guinguettes-champetres-et-bucoliques-a-tester-cet-ete_62878918.html\" target=\"_blank\" rel=\"noopener\">\u00e0 lire ici<\/a>), les guinguettes <strong>les plus festives<\/strong> <a href=\"https:\/\/actu.fr\/occitanie\/toulouse_31555\/sortir-a-toulouse-pool-partys-soirees-voici-10-guinguettes-ou-l-on-peut-faire-la-fete_62902372.html\" target=\"_blank\" rel=\"noopener\">(\u00e0 lire ici<\/a>) mais aussi <strong>les nouvelles guinguettes<\/strong> \u00e0 tester (<a href=\"https:\/\/actu.fr\/occitanie\/toulouse_31555\/sortir-a-toulouse-voici-7-nouvelles-guinguettes-ou-restaurants-d-ete-a-decouvrir_62767543.html\" target=\"_blank\" rel=\"noopener\">\u00e0 lire ici<\/a>).<\/p>\n<p class=\" wall-content\">Pour ce qui est des terrasses, on vous a s\u00e9lectionn\u00e9 <strong>les meilleurs spots pour boire un verre<\/strong> en \u00e9t\u00e9 \u00e0 Toulouse (<a href=\"https:\/\/actu.fr\/occitanie\/toulouse_31555\/toulouse-verdoyantes-sur-le-toit-ou-avec-vue-les-terrasses-a-tester-absolument-durant-l-ete_62764384.html\" target=\"_blank\" rel=\"noopener\">\u00e0 lire ici<\/a>).<\/p>\n<p>#8. Le Tour de France \u00e0 Luchon<\/p>\n<p class=\" wall-content\">Pour les fans de v\u00e9lo, c\u2019est une \u00e9tape immanquable. Apr\u00e8s une \u00e9tape de folie \u00e0 Toulouse, le Tour de France va prendre de la hauteur, ce week-end, avec une arriv\u00e9e programm\u00e9e \u00e0 Luchon Superbagn\u00e8res, samedi 19\u00a0juillet\u2009! Il est \u00e9videmment possible de regarder tranquillement l\u2019\u00e9tape devant sa t\u00e9l\u00e9\u2026 ou de se rendre directement \u00e0 Luchon, en voiture\u2026 ou en train puisque la ligne Montr\u00e9jeau-Luchon est d\u00e9sormais rouverte. Possibilit\u00e9 ensuite de monter jusqu\u2019\u00e0 Superbagn\u00e8res via la Cr\u00e9mailll\u00e8re Express\u2009!<\/p>\n<p class=\" wall-content\">Suivez toute l\u2019actualit\u00e9 de vos villes et m\u00e9dias favoris en vous inscrivant \u00e0 <a href=\"https:\/\/moncompte.actu.fr\" title=\"D\u00e9couvez Mon Actu\" rel=\"nofollow noopener\" data-trk=\"{&quot;cta&quot;:{&quot;action&quot;:&quot;https:\\\/\\\/moncompte.actu.fr&quot;,&quot;category&quot;:&quot;mon compte&quot;,&quot;from&quot;:&quot;article footer&quot;,&quot;name&quot;:&quot;Mon actu&quot;,&quot;type&quot;:&quot;cta&quot;}}\" target=\"_blank\">Mon Actu<\/a>.<\/p>\n","protected":false},"excerpt":{"rendered":"Par Gabriel Kenedi Publi\u00e9 le 16 juil. 2025 \u00e0 20h01 Que faire ce week-end \u00e0 Toulouse, qui plus&hellip;\n","protected":false},"author":2,"featured_media":251914,"comment_status":"","ping_status":"","sticky":false,"template":"","format":"standard","meta":{"footnotes":""},"categories":[2816],"tags":[1111,11,1777,674,1011,27,1652,12,2680,25,1341,2312],"class_list":{"0":"post-251913","1":"post","2":"type-post","3":"status-publish","4":"format-standard","5":"has-post-thumbnail","7":"category-toulouse","8":"tag-actu","9":"tag-actualites","10":"tag-eu","11":"tag-europe","12":"tag-fr","13":"tag-france","14":"tag-loisirs-culture","15":"tag-news","16":"tag-occitanie","17":"tag-republique-francaise","18":"tag-sortir-a-toulouse","19":"tag-toulouse"},"share_on_mastodon":{"url":"https:\/\/pubeurope.com\/@fr\/114864311875795256","error":""},"_links":{"self":[{"href":"https:\/\/www.europesays.com\/fr\/wp-json\/wp\/v2\/posts\/251913","targetHints":{"allow":["GET"]}}],"collection":[{"href":"https:\/\/www.europesays.com\/fr\/wp-json\/wp\/v2\/posts"}],"about":[{"href":"https:\/\/www.europesays.com\/fr\/wp-json\/wp\/v2\/types\/post"}],"author":[{"embeddable":true,"href":"https:\/\/www.europesays.com\/fr\/wp-json\/wp\/v2\/users\/2"}],"replies":[{"embeddable":true,"href":"https:\/\/www.europesays.com\/fr\/wp-json\/wp\/v2\/comments?post=251913"}],"version-history":[{"count":0,"href":"https:\/\/www.europesays.com\/fr\/wp-json\/wp\/v2\/posts\/251913\/revisions"}],"wp:featuredmedia":[{"embeddable":true,"href":"https:\/\/www.europesays.com\/fr\/wp-json\/wp\/v2\/media\/251914"}],"wp:attachment":[{"href":"https:\/\/www.europesays.com\/fr\/wp-json\/wp\/v2\/media?parent=251913"}],"wp:term":[{"taxonomy":"category","embeddable":true,"href":"https:\/\/www.europesays.com\/fr\/wp-json\/wp\/v2\/categories?post=251913"},{"taxonomy":"post_tag","embeddable":true,"href":"https:\/\/www.europesays.com\/fr\/wp-json\/wp\/v2\/tags?post=251913"}],"curies":[{"name":"wp","href":"https:\/\/api.w.org\/{rel}","templated":true}]}}