{"id":251919,"date":"2025-07-16T18:26:09","date_gmt":"2025-07-16T18:26:09","guid":{"rendered":"https:\/\/www.europesays.com\/fr\/251919\/"},"modified":"2025-07-16T18:26:09","modified_gmt":"2025-07-16T18:26:09","slug":"marseille-cette-enseigne-qui-cartonne-ouvre-une-nouvelle-boutique-voici-ou-et-quand","status":"publish","type":"post","link":"https:\/\/www.europesays.com\/fr\/251919\/","title":{"rendered":"Marseille. Cette enseigne qui cartonne ouvre une nouvelle boutique, voici o\u00f9 et quand"},"content":{"rendered":"<p>            Par<br \/>\n        <strong><br \/>\n            <a href=\"https:\/\/actu.fr\/auteur\/thibault-nadal-actu-fr\" title=\"Consulter tous les articles de Thibault Nadal\" rel=\"nofollow noopener\" target=\"_blank\">Thibault Nadal<\/a><br \/>\n        <\/strong><\/p>\n<p>        Publi\u00e9 le<\/p>\n<p>            16 juil. 2025 \u00e0 17h04        <\/p>\n<p>Le succ\u00e8s ne ralentit pas. Bien au contraire, puisqu\u2019un petit empire est en train de na\u00eetre. \u00ab\u2009Depuis 2022 et notre premi\u00e8re boutique, on en ouvre une chaque ann\u00e9e\u2009\u00bb, s\u2019amuse Driss Azzoug, fondateur de La Meulerie. <strong>2025 n\u2019\u00e9chappera donc pas \u00e0 la r\u00e8gle<\/strong>, car <a href=\"https:\/\/actu.fr\/tag\/nouveaux-commerces\" rel=\"nofollow noopener\" target=\"_blank\">une nouvelle fromagerie doit bient\u00f4t voir le jour<\/a> dans le centre-ville de <a href=\"https:\/\/actu.fr\/marseille\/\" rel=\"nofollow noopener\" target=\"_blank\">Marseille<\/a>.<\/p>\n<p>Une quatri\u00e8me fromagerie dans le centre-ville de Marseille<\/p>\n<p class=\" wall-content\">La Meulerie est un v\u00e9ritable carton, tant sur <a href=\"https:\/\/actu.fr\/tag\/reseaux-sociaux\" rel=\"nofollow noopener\" target=\"_blank\">les r\u00e9seaux sociaux<\/a> que dans les boutiques, avec pas moins de 12 salari\u00e9s. En quelques ann\u00e9es, cette fromagerie \u00e0 <strong>la devanture jaune reconnaissable de loin<\/strong>, s\u2019est vite impos\u00e9e comme un incontournable dans l\u2019hyper centre de Marseille.<\/p>\n<p class=\" wall-content\">\u00ab\u2009Notre but \u00e9tait de <strong>d\u00e9mocratiser le fromage<\/strong>. Ceux qui ne vont pas passer la porte d\u2019une fromagerie, vont la passer pour un sandwich et ils reviendront peut-\u00eatre pour du fromage la fois suivante\u2009\u00bb, souligne Driss Azzoug.<\/p>\n<p>    <a href=\"https:\/\/www.google.com\/maps\/embed?pb=!1m14!1m12!1m3!1d610.5329125473665!2d5.365997507726493!3d43.28912616215718!2m3!1f0!2f0!3f0!3m2!1i1024!2i768!4f13.1!5e0!3m2!1sfr!2sfr!4v1752657779626!5m2!1sfr!2sfr\" title=\"Ouvrie le lien\" rel=\"nofollow noopener\" target=\"_blank\">Cliquez ici pour visualiser le contenu<\/a><\/p>\n<p class=\" wall-content\">Apr\u00e8s Grand Rue (2e), Malmousque sur la Corniche Kenedy (7e) et Davso rue Breteuil (1er), ses fondateurs ont jet\u00e9 leur d\u00e9volu sur un nouvel endroit. Cette fois, ce sera\u2026 <strong>rue d\u2019Endoume<\/strong> (7e). \u00ab\u2009Le local sera situ\u00e9 entre La Rel\u00e8ve et L\u2019Avenir\u2009\u00bb, r\u00e9v\u00e8le Driss Azzoug \u00e0 actu Marseille.<\/p>\n<blockquote class=\"ac-article-quote wall-content\">\n<p>On nous a propos\u00e9 le local. On y a vu notre place, car c&rsquo;est situ\u00e9 dans lhyper-centre de Marseille, comme nos autres boutiques. On est contents d\u2019arriver dans ce quartier qui nous pla\u00eet.<\/p>\n<p>    <strong>Driss Azzoug<\/strong><br \/>\n        Fondateur de La Meulerie    <\/p><\/blockquote>\n<p>Pas avant octobre<\/p>\n<p class=\" wall-content\">Mais les amoureux du fromage et des sandwichs (chaud ou froid) devront patienter avant de se rendre dans ce nouvel espace. L\u2019ouverture n\u2019est pas pr\u00e9vue avant \u00ab\u2009d\u00e9but octobre\u2009\u00bb, le temps que les <a href=\"https:\/\/actu.fr\/tag\/travaux\" rel=\"nofollow noopener\" target=\"_blank\">travaux<\/a> qui doivent <strong>d\u00e9marrer d\u2019ici \u00e0 deux semaines<\/strong>, se terminent.<\/p>\n<p class=\" wall-content\">Mais sur place, ils ne seront pas d\u00e9pays\u00e9s. \u00ab\u2009On reste sur la m\u00eame ambiance, la m\u00eame direction artistique\u2009\u00bb, confirme le propri\u00e9taire qui s\u2019associe avec un couple dans cette affaire, comme sur la boutique de Davso.<\/p>\n<p>Une collaboration avec American Vintage<\/p>\n<p class=\" wall-content\">Dans cette nouvelle boutique, mais comme dans toutes les autres, les clients pourront \u00e9galement d\u00e9couvrir des tee-shirts et des goodies. La Meulerie vient en effet de s\u2019associer avec American Vintage.<\/p>\n<p class=\" wall-content\">La marque marseillaise va en effet \u00ab\u2009cr\u00e9er une ligne de v\u00eatements\u2009\u00bb pour les employ\u00e9s avec chemise, pantalon et tablier. Les noms de La Meulerie et d\u2019American Vintage seront brod\u00e9s dessus.<\/p>\n<p class=\" wall-content\">\u00ab\u2009Quand on s\u2019est lanc\u00e9, on avait <strong>une petite liste de r\u00eave. Dans le top\u00a05, il y avait la collaboration avec American Vintage<\/strong>\u2009\u00bb, se f\u00e9licite Driss Azzoug.<\/p>\n<p class=\" wall-content\"><a href=\"https:\/\/www.instagram.com\/p\/DMH9yNasKDj\/embed\" title=\"Ouvrir le lien sur Instagram\" rel=\"nofollow noopener\" target=\"_blank\">Visualiser le contenu sur Instagram<\/a><\/p>\n<p class=\" wall-content\">Les deux tee-shirts sont disponibles depuis ce mardi 15 juillet, en \u00e9dition limit\u00e9e. Les employ\u00e9s, eux, devront attendre la semaine prochaine pour d\u00e9couvrir leur nouvelle tenue.<\/p>\n<p class=\" wall-content\">Suivez toute l\u2019actualit\u00e9 de vos villes et m\u00e9dias favoris en vous inscrivant \u00e0 <a href=\"https:\/\/moncompte.actu.fr\" title=\"D\u00e9couvez Mon Actu\" rel=\"nofollow noopener\" data-trk=\"{&quot;cta&quot;:{&quot;action&quot;:&quot;https:\\\/\\\/moncompte.actu.fr&quot;,&quot;category&quot;:&quot;mon compte&quot;,&quot;from&quot;:&quot;article footer&quot;,&quot;name&quot;:&quot;Mon actu&quot;,&quot;type&quot;:&quot;cta&quot;}}\" target=\"_blank\">Mon Actu<\/a>.<\/p>\n<ul class=\"ac-article-tag wall-content\">\n<li><a href=\"https:\/\/actu.fr\/tag\/commerce\" data-trk=\"{&quot;cta&quot;:{&quot;action&quot;:&quot;Commerce&quot;,&quot;category&quot;:&quot;tag&quot;,&quot;from&quot;:&quot;article footer&quot;,&quot;name&quot;:&quot;Commerce&quot;,&quot;type&quot;:&quot;cta&quot;}}\" rel=\"nofollow noopener\" target=\"_blank\">#Commerce<\/a><\/li>\n<li><a href=\"https:\/\/actu.fr\/tag\/nouveaux-commerces\" data-trk=\"{&quot;cta&quot;:{&quot;action&quot;:&quot;Nouveaux commerces&quot;,&quot;category&quot;:&quot;tag&quot;,&quot;from&quot;:&quot;article footer&quot;,&quot;name&quot;:&quot;Nouveaux commerces&quot;,&quot;type&quot;:&quot;cta&quot;}}\" rel=\"nofollow noopener\" target=\"_blank\">#Nouveaux commerces<\/a><\/li>\n<\/ul>\n<p>                    <script async src=\"\/\/www.instagram.com\/embed.js\"><\/script><\/p>\n","protected":false},"excerpt":{"rendered":"Par Thibault Nadal Publi\u00e9 le 16 juil. 2025 \u00e0 17h04 Le succ\u00e8s ne ralentit pas. Bien au contraire,&hellip;\n","protected":false},"author":2,"featured_media":251920,"comment_status":"","ping_status":"","sticky":false,"template":"","format":"standard","meta":{"footnotes":""},"categories":[2814],"tags":[1111,11,215,1777,674,1011,27,1305,884,12,3147,882,25],"class_list":{"0":"post-251919","1":"post","2":"type-post","3":"status-publish","4":"format-standard","5":"has-post-thumbnail","7":"category-marseille","8":"tag-actu","9":"tag-actualites","10":"tag-commerce","11":"tag-eu","12":"tag-europe","13":"tag-fr","14":"tag-france","15":"tag-lifestyle","16":"tag-marseille","17":"tag-news","18":"tag-nouveaux-commerces","19":"tag-provence-alpes-cote-dazur","20":"tag-republique-francaise"},"share_on_mastodon":{"url":"https:\/\/pubeurope.com\/@fr\/114864323489694578","error":""},"_links":{"self":[{"href":"https:\/\/www.europesays.com\/fr\/wp-json\/wp\/v2\/posts\/251919","targetHints":{"allow":["GET"]}}],"collection":[{"href":"https:\/\/www.europesays.com\/fr\/wp-json\/wp\/v2\/posts"}],"about":[{"href":"https:\/\/www.europesays.com\/fr\/wp-json\/wp\/v2\/types\/post"}],"author":[{"embeddable":true,"href":"https:\/\/www.europesays.com\/fr\/wp-json\/wp\/v2\/users\/2"}],"replies":[{"embeddable":true,"href":"https:\/\/www.europesays.com\/fr\/wp-json\/wp\/v2\/comments?post=251919"}],"version-history":[{"count":0,"href":"https:\/\/www.europesays.com\/fr\/wp-json\/wp\/v2\/posts\/251919\/revisions"}],"wp:featuredmedia":[{"embeddable":true,"href":"https:\/\/www.europesays.com\/fr\/wp-json\/wp\/v2\/media\/251920"}],"wp:attachment":[{"href":"https:\/\/www.europesays.com\/fr\/wp-json\/wp\/v2\/media?parent=251919"}],"wp:term":[{"taxonomy":"category","embeddable":true,"href":"https:\/\/www.europesays.com\/fr\/wp-json\/wp\/v2\/categories?post=251919"},{"taxonomy":"post_tag","embeddable":true,"href":"https:\/\/www.europesays.com\/fr\/wp-json\/wp\/v2\/tags?post=251919"}],"curies":[{"name":"wp","href":"https:\/\/api.w.org\/{rel}","templated":true}]}}