{"id":251927,"date":"2025-07-16T18:30:11","date_gmt":"2025-07-16T18:30:11","guid":{"rendered":"https:\/\/www.europesays.com\/fr\/251927\/"},"modified":"2025-07-16T18:30:11","modified_gmt":"2025-07-16T18:30:11","slug":"ile-de-france-le-top-3-des-raisons-pour-ne-pas-faire-de-sport","status":"publish","type":"post","link":"https:\/\/www.europesays.com\/fr\/251927\/","title":{"rendered":"\u00cele-de-France\u00a0: le top 3 des raisons pour ne pas faire de sport"},"content":{"rendered":"<p><img decoding=\"async\" class=\"\" style=\"width:100%\" src=\"https:\/\/www.europesays.com\/fr\/wp-content\/uploads\/2025\/07\/faire_du_sport1708710204410.jpg\" alt=\"Personne qui fait du sport\"\/><\/p>\n<p>Personne qui fait du sport<\/p>\n<p>Cr\u00e9dit : Droits r\u00e9serv\u00e9s<\/p>\n<p lang=\"fr-FR\" style=\"margin-bottom: 0cm;\">Malgr\u00e9 le retentissement des Jeux olympiques de Paris 2024, certains ont toujours un peu de mal \u00e0 bouger. Nous avons consult\u00e9 les chiffres cl\u00e9s du sport en \u00cele-de-France, rendus publics par l&rsquo;Institut Paris R\u00e9gion. Parmi les donn\u00e9es, on d\u00e9couvre ce qui se cache derri\u00e8re la faible (ou la non-) pratique des Franciliens.<\/p>\n<p lang=\"fr-FR\" style=\"margin-bottom: 0cm;\">\u00a0<\/p>\n<p lang=\"fr-FR\" style=\"margin-bottom: 0cm;\">Ainsi, 18% des femmes \u00e9voquent des probl\u00e8mes de sant\u00e9, et autant ont trop de contraintes professionnelles. Par ailleurs, 16% d&rsquo;entre elles ne connaissent personne avec qui pratiquer et 14% trouvent le sport trop cher. Cette raison domine chez 25% des hommes, puis ce sont les probl\u00e8mes de sant\u00e9 (22%) et enfin ex-\u00e6quo \u00e0 18% les contraintes familiales et l&rsquo;absence de partenaire.<\/p>\n<p lang=\"fr-FR\" style=\"margin-bottom: 0cm;\">\u00a0<\/p>\n<p lang=\"fr-FR\" style=\"margin-bottom: 0cm;\">Nicolas Chacun<\/p>\n<p>!function(f,b,e,v,n,t,s){if(f.fbq)return;n=f.fbq=function(){n.callMethod?<br \/>\nn.callMethod.apply(n,arguments):n.queue.push(arguments)};if(!f._fbq)f._fbq=n;<br \/>\nn.push=n;n.loaded=!0;n.version=&rsquo;2.0&prime;;n.queue=[];t=b.createElement(e);t.async=!0;<br \/>\nt.src=v;s=b.getElementsByTagName(e)[0];s.parentNode.insertBefore(t,s)}(window,<br \/>\ndocument,&rsquo;script&rsquo;,&rsquo;https:\/\/connect.facebook.net\/en_US\/fbevents.js&rsquo;);<br \/>\nfbq(&lsquo;init&rsquo;, &lsquo;278974969201861&rsquo;); \/\/ Insert your pixel ID here.<br \/>\nfbq(&lsquo;track&rsquo;, &lsquo;PageView&rsquo;);<\/p>\n","protected":false},"excerpt":{"rendered":"Personne qui fait du sport Cr\u00e9dit : Droits r\u00e9serv\u00e9s Malgr\u00e9 le retentissement des Jeux olympiques de Paris 2024,&hellip;\n","protected":false},"author":2,"featured_media":251928,"comment_status":"","ping_status":"","sticky":false,"template":"","format":"standard","meta":{"footnotes":""},"categories":[1592],"tags":[1111,11,1933,1936,1777,1939,674,1011,27,662,1934,12,1940,626,1935,25,1937,1941,1938],"class_list":{"0":"post-251927","1":"post","2":"type-post","3":"status-publish","4":"format-standard","5":"has-post-thumbnail","7":"category-ile-de-france","8":"tag-actu","9":"tag-actualites","10":"tag-actualites-locales","11":"tag-essonne","12":"tag-eu","13":"tag-eure-et-loir","14":"tag-europe","15":"tag-fr","16":"tag-france","17":"tag-ile-de-france","18":"tag-infos-locales","19":"tag-news","20":"tag-oise","21":"tag-paris","22":"tag-pres-de-chez-vous","23":"tag-republique-francaise","24":"tag-seine-et-marne","25":"tag-somme","26":"tag-yvelines"},"share_on_mastodon":{"url":"https:\/\/pubeurope.com\/@fr\/114864339408049809","error":""},"_links":{"self":[{"href":"https:\/\/www.europesays.com\/fr\/wp-json\/wp\/v2\/posts\/251927","targetHints":{"allow":["GET"]}}],"collection":[{"href":"https:\/\/www.europesays.com\/fr\/wp-json\/wp\/v2\/posts"}],"about":[{"href":"https:\/\/www.europesays.com\/fr\/wp-json\/wp\/v2\/types\/post"}],"author":[{"embeddable":true,"href":"https:\/\/www.europesays.com\/fr\/wp-json\/wp\/v2\/users\/2"}],"replies":[{"embeddable":true,"href":"https:\/\/www.europesays.com\/fr\/wp-json\/wp\/v2\/comments?post=251927"}],"version-history":[{"count":0,"href":"https:\/\/www.europesays.com\/fr\/wp-json\/wp\/v2\/posts\/251927\/revisions"}],"wp:featuredmedia":[{"embeddable":true,"href":"https:\/\/www.europesays.com\/fr\/wp-json\/wp\/v2\/media\/251928"}],"wp:attachment":[{"href":"https:\/\/www.europesays.com\/fr\/wp-json\/wp\/v2\/media?parent=251927"}],"wp:term":[{"taxonomy":"category","embeddable":true,"href":"https:\/\/www.europesays.com\/fr\/wp-json\/wp\/v2\/categories?post=251927"},{"taxonomy":"post_tag","embeddable":true,"href":"https:\/\/www.europesays.com\/fr\/wp-json\/wp\/v2\/tags?post=251927"}],"curies":[{"name":"wp","href":"https:\/\/api.w.org\/{rel}","templated":true}]}}