{"id":251931,"date":"2025-07-16T18:32:12","date_gmt":"2025-07-16T18:32:12","guid":{"rendered":"https:\/\/www.europesays.com\/fr\/251931\/"},"modified":"2025-07-16T18:32:12","modified_gmt":"2025-07-16T18:32:12","slug":"paris-apres-lincendie-pres-de-bercy-les-habitants-sonnes-face-a-un-batiment-qui-menace-encore-de-secrouler","status":"publish","type":"post","link":"https:\/\/www.europesays.com\/fr\/251931\/","title":{"rendered":"Paris\u00a0: apr\u00e8s l\u2019incendie pr\u00e8s de Bercy, les habitants \u00ab\u00a0sonn\u00e9s\u00a0\u00bb face \u00e0 \u00ab\u00a0un b\u00e2timent qui menace encore de s\u2019\u00e9crouler\u00a0\u00bb"},"content":{"rendered":"<p class=\"paragraph text_align_left lp-f-body-02\">\u00ab Avec toutes les fum\u00e9es toxiques, on a imm\u00e9diatement eu peur pour notre chat qui \u00e9tait bloqu\u00e9 chez nous, avec les fen\u00eatres ouvertes. \u00bb Marie-Anne et Christophe travaillent \u00e0 <a href=\"https:\/\/www.leparisien.fr\/hauts-de-seine-92\/bruit-poussiere-a-la-defense-les-riverains-du-chantier-de-la-tour-the-link-reclament-35-millions-deuros-24-06-2025-BMKZHGHTXRGXNPCUK2SM4BQSRY.php\" target=\"_blank\" rel=\"noreferrer nofollow noopener\">la D\u00e9fense<\/a> (Hauts-de-Seine). Ils rentraient chez eux, mardi, rue Charles-Bossut, dans le <a href=\"https:\/\/www.leparisien.fr\/paris-75\/paris-75012\/\" target=\"_blank\" rel=\"noreferrer nofollow noopener\">XIIe arrondissement de Paris<\/a>, lorsque leur voisine du dessous, Val\u00e9rie, les alerte : \u00ab Vous ne pourrez pas rentrer, <a href=\"https:\/\/www.leparisien.fr\/paris-75\/incendie-dun-immeuble-en-construction-a-paris-le-feu-eteint-le-risque-deffondrement-pas-totalement-ecarte-16-07-2025-QHZSZDEJKRBY5FJC54HBN425HY.php?ts=1752677798066\" target=\"_self\" rel=\"nofollow noopener\">il y a un incendie juste en face<\/a>. \u00bb<\/p>\n<p class=\"paragraph text_align_left lp-f-body-02\"><a href=\"https:\/\/www.leparisien.fr\/paris-75\/paris-entre-bercy-et-la-gare-de-lyon-le-futur-quartier-des-messageries-emerge-21-05-2025-SWTN4GWIKFFMXLF5IFSRK6BH34.php\" rel=\"nofollow noopener\" target=\"_blank\">L\u2019Immeuble Messager<\/a>, projet immobilier de huit \u00e9tages port\u00e9 par Espaces ferroviaires, promoteur immobilier du Groupe SNCF, a pris feu. Ce projet immobilier, consid\u00e9r\u00e9 comme un des grands chantiers parisiens du moment, vise \u00e0 <a href=\"https:\/\/www.leparisien.fr\/paris-75\/paris-xiie-les-messageries-futur-quartier-pres-de-la-gare-de-lyon-03-07-2019-8109195.php\" rel=\"nofollow noopener\" target=\"_blank\">requalifier une friche<\/a> enclav\u00e9e entre les voies de chemin de fer de la <a href=\"https:\/\/www.leparisien.fr\/paris-75\/insecurite-bruit-a-paris-la-place-voisine-de-la-gare-de-lyon-doit-devenir-un-lieu-de-vie-plus-agreable-01-03-2024-NC6DYBUUF5GHDF5NCUZ4XZUN6M.php\" rel=\"nofollow noopener\" target=\"_blank\">gare de Lyon<\/a>, Bercy et la rue du Charolais.<\/p>\n","protected":false},"excerpt":{"rendered":"\u00ab Avec toutes les fum\u00e9es toxiques, on a imm\u00e9diatement eu peur pour notre chat qui \u00e9tait bloqu\u00e9 chez&hellip;\n","protected":false},"author":2,"featured_media":251932,"comment_status":"","ping_status":"","sticky":false,"template":"","format":"standard","meta":{"footnotes":""},"categories":[1888],"tags":[1111,1928,11,1927,1777,674,118,1011,27,1944,12,1926,626,1925,25],"class_list":{"0":"post-251931","1":"post","2":"type-post","3":"status-publish","4":"format-standard","5":"has-post-thumbnail","7":"category-paris","8":"tag-actu","9":"tag-actu-paris","10":"tag-actualites","11":"tag-actualites-paris","12":"tag-eu","13":"tag-europe","14":"tag-faits-divers","15":"tag-fr","16":"tag-france","17":"tag-ma-ville","18":"tag-news","19":"tag-news-paris","20":"tag-paris","21":"tag-paris-news","22":"tag-republique-francaise"},"share_on_mastodon":{"url":"https:\/\/pubeurope.com\/@fr\/114864347193761915","error":""},"_links":{"self":[{"href":"https:\/\/www.europesays.com\/fr\/wp-json\/wp\/v2\/posts\/251931","targetHints":{"allow":["GET"]}}],"collection":[{"href":"https:\/\/www.europesays.com\/fr\/wp-json\/wp\/v2\/posts"}],"about":[{"href":"https:\/\/www.europesays.com\/fr\/wp-json\/wp\/v2\/types\/post"}],"author":[{"embeddable":true,"href":"https:\/\/www.europesays.com\/fr\/wp-json\/wp\/v2\/users\/2"}],"replies":[{"embeddable":true,"href":"https:\/\/www.europesays.com\/fr\/wp-json\/wp\/v2\/comments?post=251931"}],"version-history":[{"count":0,"href":"https:\/\/www.europesays.com\/fr\/wp-json\/wp\/v2\/posts\/251931\/revisions"}],"wp:featuredmedia":[{"embeddable":true,"href":"https:\/\/www.europesays.com\/fr\/wp-json\/wp\/v2\/media\/251932"}],"wp:attachment":[{"href":"https:\/\/www.europesays.com\/fr\/wp-json\/wp\/v2\/media?parent=251931"}],"wp:term":[{"taxonomy":"category","embeddable":true,"href":"https:\/\/www.europesays.com\/fr\/wp-json\/wp\/v2\/categories?post=251931"},{"taxonomy":"post_tag","embeddable":true,"href":"https:\/\/www.europesays.com\/fr\/wp-json\/wp\/v2\/tags?post=251931"}],"curies":[{"name":"wp","href":"https:\/\/api.w.org\/{rel}","templated":true}]}}