{"id":251933,"date":"2025-07-16T18:33:11","date_gmt":"2025-07-16T18:33:11","guid":{"rendered":"https:\/\/www.europesays.com\/fr\/251933\/"},"modified":"2025-07-16T18:33:11","modified_gmt":"2025-07-16T18:33:11","slug":"rachida-dati-menace-de-se-presenter-contre-michel-barnier","status":"publish","type":"post","link":"https:\/\/www.europesays.com\/fr\/251933\/","title":{"rendered":"Rachida Dati menace de se pr\u00e9senter contre Michel Barnier"},"content":{"rendered":"<p>Moins de vingt-quatre heures apr\u00e8s <a href=\"https:\/\/www.parismatch.com\/actu\/politique\/legislative-partielle-a-paris-michel-barnier-envisage-de-se-presenter-254270\" rel=\"nofollow noopener\" target=\"_blank\" data-ylk=\"slk:l\u2019annonce de la candidature de Michel Barnier;elm:context_link;itc:0;sec:content-canvas\" class=\"link \">l\u2019annonce de la candidature de Michel Barnier<\/a>, la ministre de la Culture Rachida Dati a fait savoir mercredi qu\u2019elle envisageait aussi de se pr\u00e9senter \u00e0 la l\u00e9gislative partielle de la 2e circonscription de Paris, ont indiqu\u00e9 \u00e0 l\u2019AFP des sources LR, confirmant une information du <a href=\"https:\/\/www.leparisien.fr\/politique\/rachida-a-tres-envie-detre-candidate-elle-sorganise-pour-dati-prete-a-se-lancer-face-a-barnier-aux-legislatives-a-paris-16-07-2025-MAVM3BEVANFXTGTE4E6U6ZUBQY.php\" rel=\"nofollow noopener\" target=\"_blank\" data-ylk=\"slk:Parisien;elm:context_link;itc:0;sec:content-canvas\" class=\"link \">Parisien<\/a>.<\/p>\n<p>\u00ab\u00a0Elle a appel\u00e9 diff\u00e9rentes personnalit\u00e9s de LR pour leur faire part de sa volont\u00e9 d\u2019y aller\u00a0\u00bb, ont affirm\u00e9 deux sources des R\u00e9publicains interrog\u00e9es sur les intentions de la maire du VIIe arrondissement de Paris de se lancer dans la course contre son ancien Premier ministre, qui appartient pourtant au m\u00eame parti.<\/p>\n<p>\u00ab\u00a0Elle a \u00e9t\u00e9 tr\u00e8s agac\u00e9e par la mani\u00e8re dont Michel Barnier a annonc\u00e9 sa candidature, mais aussi par la r\u00e9action du parti qui pr\u00e9sentait d\u00e8s mardi soir l\u2019ancien Premier ministre comme \u00ab\u00a0notre prochain d\u00e9put\u00e9\u00a0\u00bb \u00bb, a ajout\u00e9 l\u2019une des sources consult\u00e9es.<\/p>\n<p>\u00ab\u00a0Elle veut mettre la pression sur Michel Barnier \u00bb<\/p>\n<p>Un argument rejet\u00e9 par un dirigeant LR qui doute que <a href=\"https:\/\/www.parismatch.com\/People\/rachida-dati-maman-rares-confidences-sur-sa-fille-zohra-16-ans-252993\" rel=\"nofollow noopener\" target=\"_blank\" data-ylk=\"slk:Rachida Dati;elm:context_link;itc:0;sec:content-canvas\" class=\"link \">Rachida Dati<\/a> se pr\u00e9sente \u00e0 cette l\u00e9gislative partielle pr\u00e9vue en septembre, et <a href=\"https:\/\/www.parismatch.com\/actu\/politique\/trois-deputes-contraints-de-quitter-lassemblee-nationale-apres-avoir-ete-declares-ineligibles-254136\" rel=\"nofollow noopener\" target=\"_blank\" data-ylk=\"slk:dont le d\u00e9put\u00e9 sortant Jean Laussucq (groupe macroniste Ensemble pour la R\u00e9publique) a \u00e9t\u00e9 d\u00e9clar\u00e9 in\u00e9ligible vendredi p;elm:context_link;itc:0;sec:content-canvas\" class=\"link \">dont le d\u00e9put\u00e9 sortant Jean Laussucq (groupe macroniste Ensemble pour la R\u00e9publique) a \u00e9t\u00e9 d\u00e9clar\u00e9 in\u00e9ligible vendredi p<\/a>ar le Conseil constitutionnel.<\/p>\n<p>Il est reproch\u00e9 au d\u00e9put\u00e9 de Paris d\u2019avoir r\u00e9gl\u00e9 \u00ab\u00a0des d\u00e9penses de campagne au moyen de son compte bancaire personnel\u00a0\u00bb et d\u2019avoir laiss\u00e9 des tiers r\u00e9gler \u00ab\u00a0directement une part significative des d\u00e9penses expos\u00e9es pour sa campagne \u00e9lectorale\u00a0\u00bb de 2024.<\/p>\n<p>\u00ab\u00a0Elle veut m&#8230;<\/p>\n<p><a href=\"https:\/\/www.parismatch.com\/actu\/politique\/legislative-a-paris-rachida-dati-menace-de-se-presenter-contre-michel-barnier-254366?at_medium=affiliate&amp;at_campaign=Yahoo\" rel=\"nofollow noopener\" target=\"_blank\" data-ylk=\"slk:Lire la suite sur ParisMatch;elm:context_link;itc:0;sec:content-canvas\" class=\"link \">Lire la suite sur ParisMatch<\/a><\/p>\n","protected":false},"excerpt":{"rendered":"Moins de vingt-quatre heures apr\u00e8s l\u2019annonce de la candidature de Michel Barnier, la ministre de la Culture Rachida&hellip;\n","protected":false},"author":2,"featured_media":251934,"comment_status":"","ping_status":"","sticky":false,"template":"","format":"standard","meta":{"footnotes":""},"categories":[1888],"tags":[1111,1928,11,1927,39211,1777,674,1011,27,39207,3228,27636,2616,12,1926,626,1925,417,25,29229],"class_list":{"0":"post-251933","1":"post","2":"type-post","3":"status-publish","4":"format-standard","5":"has-post-thumbnail","7":"category-paris","8":"tag-actu","9":"tag-actu-paris","10":"tag-actualites","11":"tag-actualites-paris","12":"tag-conseil-constitutionnel","13":"tag-eu","14":"tag-europe","15":"tag-fr","16":"tag-france","17":"tag-legislative-partielle","18":"tag-lr","19":"tag-michel-barnier","20":"tag-ministre-de-la-culture","21":"tag-news","22":"tag-news-paris","23":"tag-paris","24":"tag-paris-news","25":"tag-rachida-dati","26":"tag-republique-francaise","27":"tag-viie-arrondissement-de-paris"},"share_on_mastodon":{"url":"https:\/\/pubeurope.com\/@fr\/114864351136847430","error":""},"_links":{"self":[{"href":"https:\/\/www.europesays.com\/fr\/wp-json\/wp\/v2\/posts\/251933","targetHints":{"allow":["GET"]}}],"collection":[{"href":"https:\/\/www.europesays.com\/fr\/wp-json\/wp\/v2\/posts"}],"about":[{"href":"https:\/\/www.europesays.com\/fr\/wp-json\/wp\/v2\/types\/post"}],"author":[{"embeddable":true,"href":"https:\/\/www.europesays.com\/fr\/wp-json\/wp\/v2\/users\/2"}],"replies":[{"embeddable":true,"href":"https:\/\/www.europesays.com\/fr\/wp-json\/wp\/v2\/comments?post=251933"}],"version-history":[{"count":0,"href":"https:\/\/www.europesays.com\/fr\/wp-json\/wp\/v2\/posts\/251933\/revisions"}],"wp:featuredmedia":[{"embeddable":true,"href":"https:\/\/www.europesays.com\/fr\/wp-json\/wp\/v2\/media\/251934"}],"wp:attachment":[{"href":"https:\/\/www.europesays.com\/fr\/wp-json\/wp\/v2\/media?parent=251933"}],"wp:term":[{"taxonomy":"category","embeddable":true,"href":"https:\/\/www.europesays.com\/fr\/wp-json\/wp\/v2\/categories?post=251933"},{"taxonomy":"post_tag","embeddable":true,"href":"https:\/\/www.europesays.com\/fr\/wp-json\/wp\/v2\/tags?post=251933"}],"curies":[{"name":"wp","href":"https:\/\/api.w.org\/{rel}","templated":true}]}}