{"id":251939,"date":"2025-07-16T18:36:13","date_gmt":"2025-07-16T18:36:13","guid":{"rendered":"https:\/\/www.europesays.com\/fr\/251939\/"},"modified":"2025-07-16T18:36:13","modified_gmt":"2025-07-16T18:36:13","slug":"un-bombardement-russe-sur-dobropillia-dans-loblast-de-donetsk-a-fait-au-moins-un-mort-et-21-blesses-selon-les-autorites-locales","status":"publish","type":"post","link":"https:\/\/www.europesays.com\/fr\/251939\/","title":{"rendered":"un bombardement russe sur Dobropillia, dans l\u2019oblast de Donetsk, a fait au moins un mort et 21 bless\u00e9s, selon les autorit\u00e9s locales"},"content":{"rendered":"<br \/>\n<blockquote class=\"post__live-container--comment-blockquote\"><p>Sait-on la capacit\u00e9 de production journali\u00e8re de drone russe ?&#13;<br \/>\nJe l&rsquo;imagine est sup\u00e9rieure \u00e0 ce qui est tir\u00e9 chaque jour.&#13;<br \/>\nEst-ce qu&rsquo;il existe une strat\u00e9gie de d\u00e9fense contre cette menace qui ne semble aller qu&rsquo;en augmentant ?<\/p><\/blockquote>\n<p>    Vincent                        <\/p>\n<p class=\"post__live-container--answer-text post__space-node\">Il est extr\u00eamement difficile d\u2019\u00e9valuer de fa\u00e7on objective la capacit\u00e9 de production des fabricants de drones russes, mais les salves se sont consid\u00e9rablement accrues ces derniers mois, ce qui t\u00e9moigne certainement d\u2019une forte augmentation de production. Selon les analystes ukrainiens de donn\u00e9es en sources ouvertes de Frontelligence Insight, dont les informations sont \u00e0 consid\u00e9rer avec prudence, elle \u00e9tait en moyenne de 60,5\u00a0unit\u00e9s par jour entre f\u00e9vrier et avril, ce qui fait 1\u00a0850\u00a0drones par mois.<\/p>\n<p class=\"post__live-container--answer-text post__space-node\"><a href=\"https:\/\/forbes.ua\/news\/rosiya-viroblyae-2700-shakhediv-na-misyats-mayzhe-stilki-zh-imitatoriv-gur-09062025-30369\" target=\"_blank\" rel=\"noopener nofollow\" title=\"Nouvelle fen\u00eatre\">D\u2019apr\u00e8s l\u2019\u00e9dition ukrainienne du magazine Forbes<\/a>, qui cite les services de renseignement militaire ukrainiens, la cadence de production mensuelle, qui aurait \u00e9t\u00e9 multipli\u00e9e par cinq depuis l\u2019\u00e9t\u00e9 2024, \u00e9tait de l\u2019ordre de 2\u00a0700\u00a0drones d\u2019attaque de type Shahed-136\u00a0ou Gueran et de 2\u00a0500\u00a0leurres \u00e0 la fin du mois de mai.<\/p>\n<p class=\"post__live-container--answer-text post__space-node\">Pour faire face \u00e0 la strat\u00e9gie de saturation des d\u00e9fenses mise en \u0153uvre par l\u2019arm\u00e9e russe avec ces salves de drones, l\u2019arm\u00e9e ukrainienne s\u2019appuie notamment sur 900 unit\u00e9s de d\u00e9fense mobiles, principalement arm\u00e9es de canons antia\u00e9riens et de mitrailleuses mont\u00e9s sur divers v\u00e9hicules. Equip\u00e9es de syst\u00e8mes d\u2019imagerie thermique, elles sont par ailleurs connect\u00e9es \u00e0 un r\u00e9seau de capteurs acoustiques et de radars.<\/p>\n<p class=\"post__live-container--answer-text post__space-node\">Les forces ukrainiennes visent en outre r\u00e9guli\u00e8rement les sites de production, en <a href=\"https:\/\/www.lemonde.fr\/international\/live\/2025\/06\/21\/en-direct-guerre-en-ukraine-volodymyr-zelensky-accuse-la-russie-d-avoir-remis-a-l-ukraine-20-corps-de-membres-des-troupes-russes-au-lieu-de-soldats-ukrainiens_6613242_3210.html?#id-2424299\" rel=\"nofollow noopener\" target=\"_blank\">particulier celui de Ielabouga<\/a>, au Tatarstan, \u00e0 l\u2019aide de ses propres drones, et commencent \u00e0 utiliser des drones intercepteurs, comme l\u2019a <a href=\"https:\/\/www.lemonde.fr\/international\/live\/2025\/07\/13\/en-direct-guerre-en-ukraine-kim-jong-un-assure-a-la-russie-son-soutien-inconditionnel_6620967_3210.html#id-2471484\" rel=\"nofollow noopener\" target=\"_blank\">soulign\u00e9 r\u00e9cemment le pr\u00e9sident Volodymyr Zelensky<\/a>. L\u2019usage de missiles sol-air tr\u00e8s co\u00fbteux contre ces armes bon march\u00e9 employ\u00e9es en tr\u00e8s grand nombre ne semble pas envisageable.<\/p>\n<p class=\"post__live-container--answer-text post__space-node\">\u00ab\u00a0L\u2019utilisation intensive de ces drones \u00e0 bas prix souligne la n\u00e9cessit\u00e9 d\u2019aider l\u2019Ukraine \u00e0 d\u00e9couvrir de nouvelles contre-mesures peu co\u00fbteuses limitant la capacit\u00e9 de la campagne punitive russe\u00a0\u00bb, \u00e9crivent les chercheurs du Center for Strategic and International Studies, <a href=\"https:\/\/www.csis.org\/analysis\/drone-saturation-russias-shahed-campaign\" target=\"_blank\" rel=\"noopener nofollow\" title=\"Nouvelle fen\u00eatre\">dans un rapport publi\u00e9 en <\/a><a href=\"https:\/\/www.csis.org\/analysis\/drone-saturation-russias-shahed-campaign\" target=\"_blank\" rel=\"noopener nofollow\" title=\"Nouvelle fen\u00eatre\">mai<\/a>. Ils recommandent aux Etats europ\u00e9ens et aux entreprises am\u00e9ricaines de collaborer pour tester de nouvelles approches de d\u00e9fense a\u00e9rienne s\u2019appuyant sur les innovations ukrainiennes et les approches \u00e9mergentes de guerre \u00e9lectronique, voire des lasers \u00e0 haute \u00e9nergie, pour mettre en place un syst\u00e8me de d\u00e9fense multicouche.<\/p>\n<p>                            Les pertes civiles en forte augmentation au premier semestre en Ukraine, selon un rapport de l\u2019OSCE                         <\/p>\n<p class=\"post__live-container--answer-text post__space-node\">\u00ab\u00a0Le suivi de la conduite des hostilit\u00e9s (\u2026) a montr\u00e9 que, du 1er\u00a0d\u00e9cembre\u00a02024 au 31\u00a0mai\u00a02025, la F\u00e9d\u00e9ration de Russie a continu\u00e9 d\u2019utiliser des armes explosives \u00e0 effet \u00e9tendu dans des zones dens\u00e9ment peupl\u00e9es, au m\u00e9pris flagrant du droit humanitaire international, y compris des principes de distinction et de proportionnalit\u00e9\u00a0\u00bb, y d\u00e9plore le Bureau des institutions d\u00e9mocratiques et des droits de l\u2019homme (BIDDH) de l\u2019OSCE.<\/p>\n<p class=\"post__live-container--answer-text post__space-node\">\u00ab\u00a0Au cours des six mois pr\u00e9c\u00e9dant le 31\u00a0mai\u00a02025, le nombre de victimes civiles v\u00e9rifi\u00e9es dans les zones ukrainiennes contr\u00f4l\u00e9es par le gouvernement a \u00e9t\u00e9 sup\u00e9rieur de plus de 50\u00a0% \u00e0 celui de la p\u00e9riode correspondante en\u00a02024.\u00a0\u00bb<\/p>\n<p class=\"post__live-container--answer-text post__space-node\">\u00ab\u00a0A une \u00e9chelle beaucoup plus r\u00e9duite, l\u2019Ukraine a \u00e9galement proc\u00e9d\u00e9 \u00e0 des bombardements et \u00e0 des raids de drones dans les zones peupl\u00e9es des r\u00e9gions ukrainiennes occup\u00e9es par la Russie ainsi que dans les r\u00e9gions frontali\u00e8res de la F\u00e9d\u00e9ration de Russie, ce qui a parfois fait des victimes civiles\u00a0\u00bb, poursuit-il. Sur la base de t\u00e9moignages, le BIDDH fait en outre \u00e9tat de \u00ab\u00a0d\u00e9tentions arbitraires\u00a0\u00bb, de \u00ab\u00a0disparitions forc\u00e9es\u00a0\u00bb et de \u00ab\u00a0condamnation sur la base d\u2019accusations forg\u00e9es de toutes pi\u00e8ces\u00a0\u00bb ainsi que d\u2019actes de torture dans les zones d\u2019Ukraine occup\u00e9es par la Russie.<\/p>\n<p>                                   Une victime du raid de drones ukrainiens de mardi \u00e0 Voronej, en Russie, succombe \u00e0 ses blessures                                   Une femme tu\u00e9e par des tirs d\u2019artillerie \u00e0 Nikopol, selon les autorit\u00e9s locales             <\/p>\n<p class=\"post__live-container--answer-text post__space-node\">Une habitante de Nikopol, dans le sud de l\u2019oblast de Dnipropetrovsk, a \u00e9t\u00e9 tu\u00e9e mercredi matin par des tirs d\u2019artillerie russes qui ont fait cinq bless\u00e9s, dont un grave, <a href=\"https:\/\/t.me\/dnipropetrovskaODA\/22896\" target=\"_blank\" rel=\"noopener nofollow\" title=\"Nouvelle fen\u00eatre\">rapporte Serhi Lyssak<\/a>, chef de l\u2019administration militaire de l\u2019oblast de Dnipropetrovsk.<\/p>\n<p>                          Volodymyr Zelensky fait \u00e9tat de quinze bless\u00e9s             <\/p>\n<p class=\"post__live-container--answer-text post__space-node\">Les bombardements russes de la nuit derni\u00e8re ont fait quinze bless\u00e9s, dont un enfant, annonce le pr\u00e9sident ukrainien, selon lequel les r\u00e9gions de Vinnytsia, Dnipro, Kharkiv et Odessa ont \u00e9t\u00e9 les plus vis\u00e9es. Les autorit\u00e9s locales avaient auparavant fait \u00e9tat de onze\u00a0bless\u00e9s.<\/p>\n<p class=\"post__live-container--answer-text post__space-node\">\u00ab\u00a0L\u2019infrastructure \u00e9nerg\u00e9tique \u00e9tait l\u2019une des cibles\u00a0\u00bb, souligne Volodymyr Zelensky, qui promet que l\u2019\u00e9lectricit\u00e9 sera r\u00e9tablie dans la journ\u00e9e \u00e0 Kryvy Rih. \u00ab\u00a0La Russie ne change pas de strat\u00e9gie et, pour faire face efficacement \u00e0 cette terreur, nous avons besoin d\u2019un renforcement structurel des d\u00e9fenses\u00a0\u00bb, r\u00e9p\u00e8te-t-il.<\/p>\n<p>                          Quatre cents drones et un missile balistique russes lanc\u00e9s dans la nuit, selon l\u2019arm\u00e9e ukrainienne qui signale 57\u00a0impacts                        <\/p>\n<p class=\"post__live-container--answer-text post__space-node\">La d\u00e9fense a\u00e9rienne a, selon lui, intercept\u00e9 198\u00a0des drones d\u2019attaque et 155\u00a0leurres sans charge explosive ont \u00e9t\u00e9 d\u00e9tourn\u00e9s par brouillage ou se sont \u00ab\u00a0perdus\u00a0\u00bb, mais 57\u00a0impacts ont \u00e9t\u00e9 d\u00e9nombr\u00e9s. Le missile de type Iskander-M n\u2019a pas non plus \u00e9t\u00e9 intercept\u00e9, poursuit l\u2019\u00e9tat-major, ajoutant que la salve nocturne visait principalement Kryvy Rih, Kharkiv, Vinnytsia.<\/p>\n<p>                                    Au moins onze bless\u00e9s dans des attaques russes nocturnes             <\/p>\n<p class=\"post__live-container--answer-text post__space-node\">Des attaques russes ont fait au moins onze bless\u00e9s en Ukraine dans la nuit de mardi \u00e0 mercredi, ont rapport\u00e9 les autorit\u00e9s des diff\u00e9rentes r\u00e9gions touch\u00e9es.<\/p>\n<ul class=\"article__unordered-list\">\n<li>A <strong>Vinnytsia<\/strong> (<a href=\"https:\/\/www.google.fr\/maps\/place\/Vinnitsa,+Ukraine\/@48.971777,27.3774932,8z\/data=!3m1!4b1!4m6!3m5!1s0x40cd54fe0cad2e8b:0x101068488f640b0!8m2!3d49.233083!4d28.4682169!16zL20vMDJoODc4?entry=ttu&amp;g_ep=EgoyMDI1MDEyMi4wIKXMDSoASAFQAw%3D%3D\" target=\"_blank\" rel=\"noopener nofollow\" title=\"Nouvelle fen\u00eatre\">\ud83d\udccd<\/a>), 28\u00a0drones ont cibl\u00e9 la r\u00e9gion, touchant notamment des installations industrielles, a fait savoir Natalia Zabolotna, une responsable de l\u2019administration militaire locale, <a href=\"https:\/\/t.me\/vinnytskaODA\/17068\" target=\"_blank\" rel=\"noopener nofollow\" title=\"Nouvelle fen\u00eatre\">sur Telegram<\/a>. Sept personnes ont \u00e9t\u00e9 bless\u00e9es, parmi lesquelles deux souffrent de \u00ab\u00a0graves br\u00fblures\u00a0\u00bb, selon elle.<\/li>\n<li>A <strong>Kharkiv <\/strong>(<a href=\"https:\/\/www.google.fr\/maps\/place\/Kharkiv,+Oblast+de+Kharkiv,+Ukraine\/@49.9946954,36.1210196,11z\/data=!3m1!4b1!4m6!3m5!1s0x4127a09f63ab0f8b:0x2d4c18681aa4be0a!8m2!3d50.0020127!4d36.3073994!16zL20vMDgyc3k5?hl=fr&amp;entry=ttu&amp;g_ep=EgoyMDI1MDcxMy4wIKXMDSoASAFQAw%3D%3D\" target=\"_blank\" rel=\"noopener nofollow\" title=\"Nouvelle fen\u00eatre\">\ud83d\udccd<\/a>), dans le nord-est du pays, une attaque russe a fait trois bless\u00e9s, a par ailleurs rapport\u00e9 le gouverneur, <a href=\"https:\/\/t.me\/synegubov\/15819\" target=\"_blank\" rel=\"noopener nofollow\" title=\"Nouvelle fen\u00eatre\">Oleh Synehoubov<\/a>.<\/li>\n<li>A <strong>Kryvy Rih <\/strong>(<a href=\"https:\/\/www.google.fr\/maps\/place\/Kryvy%C3%AF+Rih,+Oblast+de+Dnipropetrovsk,+Ukraine,+50000\/@47.9073502,33.0368847,10z\/data=!3m1!4b1!4m6!3m5!1s0x40dadfe03154ab7b:0xb0fa3a177d6b186e!8m2!3d47.910483!4d33.391783!16zL20vMDJ4ejRy?hl=fr&amp;entry=ttu&amp;g_ep=EgoyMDI1MDcxMy4wIKXMDSoASAFQAw%3D%3D\" target=\"_blank\" rel=\"noopener nofollow\" title=\"Nouvelle fen\u00eatre\">\ud83d\udccd<\/a>) dans l\u2019oblast de Dnipropetrovsk, les forces de Moscou ont conduit une attaque \u00ab\u00a0massive\u00a0\u00bb, selon un message Telegram de <a href=\"https:\/\/t.me\/dnipropetrovskaODA\/22894\" target=\"_blank\" rel=\"noopener nofollow\" title=\"Nouvelle fen\u00eatre\">Serhi Lyssak<\/a>, chef de l\u2019administration militaire de l\u2019oblast. \u00ab\u00a0L\u2019ennemi a non seulement dirig\u00e9 des drones contre la ville, mais a aussi tir\u00e9 un missile\u00a0\u00bb, a ajout\u00e9 M. Lyssak, faisant \u00e9tat d\u2019un bless\u00e9 \u2212 un adolescent de 17\u00a0ans hospitalis\u00e9 dans un \u00e9tat grave. D\u2019apr\u00e8s le maire de Kryvy Rih, <a href=\"https:\/\/t.me\/vilkul\/11707\" target=\"_blank\" rel=\"noopener nofollow\" title=\"Nouvelle fen\u00eatre\">Oleksandr Vilkoul,<\/a> \u00ab\u00a0un missile balistique et 28 [drones] Shahed\u00a0\u00bb ont \u00e9t\u00e9 lanc\u00e9s simultan\u00e9ment sur la ville, d\u00e9truisant une installation industrielle.<\/li>\n<\/ul>\n<p>               <img decoding=\"async\" class=\"post__live-container--img post__space-node\"  src=\"https:\/\/www.europesays.com\/fr\/wp-content\/uploads\/2025\/07\/dcce221_upload-1-h4v5ra2z2pj7-631027.jpg\" data- alt=\"Lors de l\u2019intervention des pompiers dans la r\u00e9gion de Vinnytsya, le 16\u00a0juillet 2025.\u00a0\"\/>   Lors de l\u2019intervention des pompiers dans la r\u00e9gion de Vinnytsya, le 16\u00a0juillet 2025.\u00a0 SERVICE D\u2019URGENCE UKRAINIEN\/AFP                          En Ukraine, trois morts dans l\u2019Est dans des attaques russes             <\/p>\n<p class=\"post__live-container--answer-text post__space-node\">Trois personnes ont \u00e9t\u00e9 tu\u00e9es mardi apr\u00e8s-midi dans l\u2019est de l\u2019Ukraine lors d\u2019attaques russes, ont annonc\u00e9 les autorit\u00e9s locales. \u00ab\u00a0Deux morts et deux bless\u00e9s\u00a0: les forces de l\u2019ordre ont enregistr\u00e9 les cons\u00e9quences d\u2019une nouvelle attaque ennemie dans le district de Koupiansk\u00a0\u00bb, a d\u00e9clar\u00e9 le bureau du procureur de la r\u00e9gion de Kharkiv. Les victimes avaient 67 et 69\u00a0ans.<\/p>\n<p class=\"post__live-container--answer-text post__space-node\">\u00ab\u00a0L\u2019ennemi a tir\u00e9 de l\u2019artillerie \u00e0 la p\u00e9riph\u00e9rie de la communaut\u00e9 de Velyka Pyssarivka. Malheureusement, un habitant de 50\u00a0ans a \u00e9t\u00e9 tu\u00e9\u00a0\u00bb, ont d\u00e9clar\u00e9 de leur c\u00f4t\u00e9 les autorit\u00e9s r\u00e9gionales de Soumy. Ailleurs sur la ligne de front, les forces russes ont revendiqu\u00e9 la prise de deux autres villages dans la r\u00e9gion de Donetsk, acc\u00e9l\u00e9rant ainsi leur progression.<\/p>\n<p class=\"post__live-container--answer-text post__space-node\">Par ailleurs, une attaque de drone ukrainien sur la ville de Voronej, dans l\u2019ouest de la Russie, a fait 27 bless\u00e9s, ont d\u00e9clar\u00e9 les autorit\u00e9s locales mardi.<\/p>\n<p>                        Les faits essentiels\u00a0(1) Afficher      <\/p>\n<ul class=\"article__unordered-list js-post-essential-desktop\">\n<li>   Le point sur la situation, mercredi 16\u00a0juillet \u00e0 16\u00a0heures   <\/li>\n<\/ul>\n<p class=\"capping__notice\">Lecture du Monde en cours sur un autre appareil.<\/p>\n<p class=\"capping__title\">Vous pouvez lire Le Monde sur un seul appareil \u00e0 la fois<\/p>\n<p>  Continuer \u00e0 lire ici <\/p>\n<p class=\"capping__cta-text\">Ce message s\u2019affichera sur l\u2019autre appareil.<\/p>\n<p>    <a href=\"https:\/\/moncompte.lemonde.fr\" id=\"js-capping-yellow-button\" class=\"button button--subscribe capping__cta capping__cta--next\" data-cta=\"multi\" rel=\"nofollow noopener\" target=\"_blank\">D\u00e9couvrir les offres multicomptes<\/a>    Pourquoi voyez-vous ce message ?    <\/p>\n<ul id=\"js-capping-faq\" class=\"capping__faq\">\n<li class=\"capping__item\">\n<p class=\"capping__answer\">Parce qu\u2019une autre personne (ou vous) est en train de lire Le Monde avec ce compte sur un autre appareil.<\/p>\n<p class=\"capping__answer\">Vous ne pouvez lire Le Monde que sur <strong>un seul appareil<\/strong> \u00e0 la fois (ordinateur, t\u00e9l\u00e9phone ou tablette).<\/p>\n<\/li>\n<li class=\"capping__item\">\n<p class=\"capping__question\">Comment ne plus voir ce message ?<\/p>\n<p class=\"capping__answer\">En cliquant sur \u00ab\u00a0Continuer \u00e0 lire ici\u00a0\u00bb et en vous assurant que vous \u00eates la seule personne \u00e0 consulter Le Monde avec ce compte.<\/p>\n<\/li>\n<li class=\"capping__item\">\n<p class=\"capping__question\">Que se passera-t-il si vous continuez \u00e0 lire ici ?<\/p>\n<p class=\"capping__answer\">Ce message s\u2019affichera sur l\u2019autre appareil. Ce dernier restera connect\u00e9 avec ce compte.<\/p>\n<\/li>\n<li class=\"capping__item\">\n<p class=\"capping__question\">Y a-t-il d\u2019autres limites ?<\/p>\n<p class=\"capping__answer\">Non. Vous pouvez vous connecter avec votre compte sur autant d\u2019appareils que vous le souhaitez, mais en les utilisant \u00e0 des moments diff\u00e9rents.<\/p>\n<\/li>\n<li class=\"capping__item\">\n<p class=\"capping__question\">Vous ignorez qui est l\u2019autre personne ?<\/p>\n<p class=\"capping__answer\">Nous vous conseillons de <a href=\"https:\/\/secure.lemonde.fr\/sfuser\/password\/lost\" class=\"capping__link js-capping-password\" rel=\"nofollow noopener\" target=\"_blank\">modifier votre mot de passe<\/a>.<\/p>\n<\/li>\n<\/ul>\n<p class=\"capping__notice\">Lecture restreinte<\/p>\n<p class=\"capping__title\">Votre abonnement n\u2019autorise pas la lecture de cet article<\/p>\n<p class=\"capping__cta-text\">Pour plus d\u2019informations, merci de contacter notre service commercial.<\/p>\n<p>                           Services Le Monde        Guides d&rsquo;achat Le Monde        Le Monde \u00e0 l&rsquo;international        Services Partenaires        Sites du groupe            <\/p>\n<p class=\"footer__title\">Newsletters du monde<\/p>\n<p>  <a class=\"footer__link footer__link--cta\" href=\"https:\/\/www.lemonde.fr\/newsletters\/\" rel=\"nofollow noopener\" target=\"_blank\">    Recevoir les newsletters du Monde <\/a>          <\/p>\n<p class=\"footer__title\">Applications Mobiles<\/p>\n<p class=\"footer__title\">  Abonnement <\/p>\n<p>   <a class=\"footer__link footer__link--cta\" href=\"https:\/\/www.lemonde.fr\/archives-du-monde\/\" rel=\"nofollow noopener\" target=\"_blank\">    Archives du Monde  <\/a>    <a class=\"footer__link footer__link--cta\" href=\"https:\/\/abo.lemonde.fr\/?lmd_medium=BOUTONS_LMFR&amp;lmd_campaign=CTA_LMFR&amp;lmd_position=FOOTER&amp;lmd_sequence=48&amp;lmd_type_de_page=Live\" rel=\"noopener nofollow\" target=\"_blank\">    S\u2019abonner \/ Se d\u00e9sabonner  <\/a>    <a class=\"footer__link footer__link--cta js-footer-login\" href=\"https:\/\/secure.lemonde.fr\/sfuser\/connexion\" rel=\"nofollow noopener\" target=\"_blank\">    Se connecter  <\/a>    <a class=\"footer__link footer__link--cta\" href=\"https:\/\/journal.lemonde.fr\/\" rel=\"nofollow noopener\" target=\"_blank\">    Consulter le Journal du jour  <\/a>    <a class=\"footer__link footer__link--cta\" href=\"https:\/\/evenements-abonnes.lemonde.fr\/\" rel=\"noopener nofollow\" target=\"_blank\">  \u00c9venements abonn\u00e9s  <\/a>    <a class=\"footer__link footer__link--cta\" href=\"https:\/\/www.lemonde.fr\/jeux-abonnes\/\" rel=\"nofollow noopener\" target=\"_blank\">  Jeux-concours abonn\u00e9s  <\/a>    <a class=\"footer__link footer__link--cta\" href=\"https:\/\/www.lemonde.fr\/faq\/?thematic=contacter\" rel=\"noopener nofollow\" target=\"_blank\">  Contacter Le Monde  <\/a>            Informations l\u00e9gales le Monde        Informations l\u00e9gales le Monde     <\/p>\n<p class=\"footer__title\">Suivez Le Monde<\/p>\n","protected":false},"excerpt":{"rendered":"Sait-on la capacit\u00e9 de production journali\u00e8re de drone russe ?&#13; Je l&rsquo;imagine est sup\u00e9rieure \u00e0 ce qui est&hellip;\n","protected":false},"author":2,"featured_media":251940,"comment_status":"","ping_status":"","sticky":false,"template":"","format":"standard","meta":{"footnotes":""},"categories":[1591],"tags":[11,1887,12,1885,1886,132],"class_list":{"0":"post-251939","1":"post","2":"type-post","3":"status-publish","4":"format-standard","5":"has-post-thumbnail","7":"category-russie","8":"tag-actualites","9":"tag-federation-de-russie","10":"tag-news","11":"tag-russia","12":"tag-russian-federation","13":"tag-russie"},"share_on_mastodon":{"url":"https:\/\/pubeurope.com\/@fr\/114864363013349955","error":""},"_links":{"self":[{"href":"https:\/\/www.europesays.com\/fr\/wp-json\/wp\/v2\/posts\/251939","targetHints":{"allow":["GET"]}}],"collection":[{"href":"https:\/\/www.europesays.com\/fr\/wp-json\/wp\/v2\/posts"}],"about":[{"href":"https:\/\/www.europesays.com\/fr\/wp-json\/wp\/v2\/types\/post"}],"author":[{"embeddable":true,"href":"https:\/\/www.europesays.com\/fr\/wp-json\/wp\/v2\/users\/2"}],"replies":[{"embeddable":true,"href":"https:\/\/www.europesays.com\/fr\/wp-json\/wp\/v2\/comments?post=251939"}],"version-history":[{"count":0,"href":"https:\/\/www.europesays.com\/fr\/wp-json\/wp\/v2\/posts\/251939\/revisions"}],"wp:featuredmedia":[{"embeddable":true,"href":"https:\/\/www.europesays.com\/fr\/wp-json\/wp\/v2\/media\/251940"}],"wp:attachment":[{"href":"https:\/\/www.europesays.com\/fr\/wp-json\/wp\/v2\/media?parent=251939"}],"wp:term":[{"taxonomy":"category","embeddable":true,"href":"https:\/\/www.europesays.com\/fr\/wp-json\/wp\/v2\/categories?post=251939"},{"taxonomy":"post_tag","embeddable":true,"href":"https:\/\/www.europesays.com\/fr\/wp-json\/wp\/v2\/tags?post=251939"}],"curies":[{"name":"wp","href":"https:\/\/api.w.org\/{rel}","templated":true}]}}