{"id":251941,"date":"2025-07-16T18:37:10","date_gmt":"2025-07-16T18:37:10","guid":{"rendered":"https:\/\/www.europesays.com\/fr\/251941\/"},"modified":"2025-07-16T18:37:10","modified_gmt":"2025-07-16T18:37:10","slug":"qui-est-ioulia-svyrydenko-la-nouvelle-premiere-ministre","status":"publish","type":"post","link":"https:\/\/www.europesays.com\/fr\/251941\/","title":{"rendered":"qui est Ioulia Svyrydenko, la nouvelle Premi\u00e8re ministre ?"},"content":{"rendered":"\n<p>C\u2019est un \u201cremaniement \u00e0 grande \u00e9chelle\u201d, <a class=\"ithalc\" data-ithal=\"lien_externe\" data-ithalc=\"[nav_article]\" target=\"_blank\" href=\"https:\/\/gazeta.ua\/articles\/travels\/_masshtabna-uryadova-rokirovka-hto-uvijde-do-novogo-uryadu-ta-yaki-ministerstva-zniknut\/1224344\" rel=\"nofollow noopener\">constate le quotidien <strong>Gazeta<\/strong><\/a><strong>,<\/strong> dont l\u2019objectif est de \u201cconsolider le bloc de la D\u00e9fense, et de renforcer la discipline au sein de l\u2019ex\u00e9cutif\u201d.<\/p>\n<p>Selon le pr\u00e9sident ukrainien, Volodymyr\u00a0Zelensky, <a class=\"ithalc\" data-ithal=\"lien_externe\" data-ithalc=\"[nav_article]\" target=\"_blank\" href=\"https:\/\/news.novyny.live\/zelenskii-anonsuvav-novi-sotsviplati-i-skorochennia-uriadu-267153.html\" rel=\"nofollow noopener\">cit\u00e9 par la cha\u00eene d\u2019information <strong>Novyny<\/strong><\/a><strong>,<\/strong> cette \u201ctransformation importante du gouvernement va offrir la possibilit\u00e9 de r\u00e9duire le budget de fonctionnement de l\u2019appareil d\u2019\u00c9tat, permettre une d\u00e9r\u00e9glementation cons\u00e9quente et r\u00e9orienter le maximum de ressources existantes sur la protection de l\u2019Ukraine et des Ukrainiens\u201d.<\/p>\n<p> Denys\u00a0Chmyhal, ministre increvable <\/p>\n<p>Le Premier\u00a0ministre d\u00e9missionnaire, Denys\u00a0Chmyhal, a dirig\u00e9 \u201cle gouvernement qui est rest\u00e9 le plus longtemps en place depuis l\u2019ind\u00e9pendance\u201d, en\u00a01991, <a class=\"ithalc\" data-ithal=\"lien_externe\" data-ithalc=\"[nav_article]\" target=\"_blank\" href=\"https:\/\/www.rbc.ua\/rus\/news\/hto-taka-yuliya-sviridenko-ka-mozhe-stati-1752485670.html\" rel=\"nofollow noopener\">explique l\u2019agence de presse <strong>RBK-Oukra\u00efna<\/strong><\/a><strong>.<\/strong> Il avait en effet pris ses fonctions le 4\u00a0mars\u00a02020.<\/p>\n<p>Mais si Chmyhal a \u00e9t\u00e9 le Premier\u00a0ministre le plus durable, et s\u2019il a si longtemps \u201cpr\u00e9serv\u00e9 son poste en d\u00e9pit de rumeurs persistantes sur sa d\u00e9mission\u201d, <a class=\"ithalc\" data-ithal=\"lien_externe\" data-ithalc=\"[nav_article]\" target=\"_blank\" href=\"https:\/\/biz.nv.ua\/ukr\/economics\/sviridenko-ocholit-kabmin-yaki-kadrovi-zmini-chekayut-uryad-ta-klyuchovi-ministerstva-50529827.html\" rel=\"nofollow noopener\">\u00e9crit <strong>NV-Biznes<\/strong><\/a><strong>,<\/strong> RBK temp\u00e8re en soulignant que, prix de cette long\u00e9vit\u00e9, \u201cla majorit\u00e9 des membres du gouvernement a chang\u00e9 plusieurs fois durant cette p\u00e9riode\u201d. Quoi qu\u2019il en soit, NV-Biznes\u00a0salue\u00a0:<\/p>\n<blockquote><p>\u201cChmyhal a r\u00e9ussi \u00e0 \u00e9liminer ses concurrents potentiels, et il a acquis en coulisses la r\u00e9putation d\u2019\u00eatre un pol<\/p><\/blockquote>\n","protected":false},"excerpt":{"rendered":"C\u2019est un \u201cremaniement \u00e0 grande \u00e9chelle\u201d, constate le quotidien Gazeta, dont l\u2019objectif est de \u201cconsolider le bloc de&hellip;\n","protected":false},"author":2,"featured_media":251942,"comment_status":"","ping_status":"","sticky":false,"template":"","format":"standard","meta":{"footnotes":""},"categories":[1590],"tags":[11,1777,674,131,12,316,220,134],"class_list":{"0":"post-251941","1":"post","2":"type-post","3":"status-publish","4":"format-standard","5":"has-post-thumbnail","7":"category-ukraine","8":"tag-actualites","9":"tag-eu","10":"tag-europe","11":"tag-guerre-en-ukraine","12":"tag-news","13":"tag-politique","14":"tag-ukraine","15":"tag-volodymyr-zelensky"},"share_on_mastodon":{"url":"https:\/\/pubeurope.com\/@fr\/114864366802092931","error":""},"_links":{"self":[{"href":"https:\/\/www.europesays.com\/fr\/wp-json\/wp\/v2\/posts\/251941","targetHints":{"allow":["GET"]}}],"collection":[{"href":"https:\/\/www.europesays.com\/fr\/wp-json\/wp\/v2\/posts"}],"about":[{"href":"https:\/\/www.europesays.com\/fr\/wp-json\/wp\/v2\/types\/post"}],"author":[{"embeddable":true,"href":"https:\/\/www.europesays.com\/fr\/wp-json\/wp\/v2\/users\/2"}],"replies":[{"embeddable":true,"href":"https:\/\/www.europesays.com\/fr\/wp-json\/wp\/v2\/comments?post=251941"}],"version-history":[{"count":0,"href":"https:\/\/www.europesays.com\/fr\/wp-json\/wp\/v2\/posts\/251941\/revisions"}],"wp:featuredmedia":[{"embeddable":true,"href":"https:\/\/www.europesays.com\/fr\/wp-json\/wp\/v2\/media\/251942"}],"wp:attachment":[{"href":"https:\/\/www.europesays.com\/fr\/wp-json\/wp\/v2\/media?parent=251941"}],"wp:term":[{"taxonomy":"category","embeddable":true,"href":"https:\/\/www.europesays.com\/fr\/wp-json\/wp\/v2\/categories?post=251941"},{"taxonomy":"post_tag","embeddable":true,"href":"https:\/\/www.europesays.com\/fr\/wp-json\/wp\/v2\/tags?post=251941"}],"curies":[{"name":"wp","href":"https:\/\/api.w.org\/{rel}","templated":true}]}}