{"id":251947,"date":"2025-07-16T18:40:18","date_gmt":"2025-07-16T18:40:18","guid":{"rendered":"https:\/\/www.europesays.com\/fr\/251947\/"},"modified":"2025-07-16T18:40:18","modified_gmt":"2025-07-16T18:40:18","slug":"le-bureau-de-lafd-attaque-%f0%9f%94%b4-info-libertaire","status":"publish","type":"post","link":"https:\/\/www.europesays.com\/fr\/251947\/","title":{"rendered":"Le bureau de l\u2019AfD attaqu\u00e9 \u2013 \ud83d\udd34 Info Libertaire"},"content":{"rendered":"<p><\/p>\n<p><a href=\"https:\/\/gsxbcjvcrdl66ycimkwra2nxzwvy2idef4twi7elojuzm5ztt5abqyid.onion\/node\/525297\" rel=\"nofollow noopener\" target=\"_blank\">de.indymedia.org<\/a> \/ dimanche 13 juillet 2025<\/p>\n<p><strong>Le bureau de l\u2019AfD attaqu\u00e9 \u00e0 Wuppertal \u2013 Free Maja \u2013 Free all antifas<\/strong><\/p>\n<p><a href=\"https:\/\/www.infolibertaire.net\/wp-content\/uploads\/2025\/07\/wuppertal-allemagne-le-bureau-de-lafd-attaque.jpg?x28756\" rel=\"nofollow noopener\" target=\"_blank\"><img loading=\"lazy\" decoding=\"async\" class=\"wp-image-60001 alignright lazy\" src=\"\/wp-content\/uploads\/2025\/07\/182x202xwuppertal-allemagne-le-bureau-de-lafd-attaque.jpg,qx28756.pagespeed.ic.kAlpbO4ak1.jpg\" alt=\"\" width=\"182\" height=\"202\" data-pagespeed-url-hash=\"2096360068\" onload=\"pagespeed.CriticalImages.checkImageForCriticality(this);\"\/><\/a>Dans la nuit du 9 au 10 juillet, nous avons attaqu\u00e9 le bureau de l\u2019AfD [Alternative f\u00fcr Deutschland, le principal parti d\u2019extr\u00eame droite allemand\u00a0; NdAtt.], au 247 de la Heckinghauser Strasse, \u00e0 Wuppertal, avec des marteaux et de la peinture.<\/p>\n<p><\/p>\n<p>Apr\u00e8s 39 jours de gr\u00e8ve de la faim, la situation de Maja est devenue critique et son \u00e9tat de sant\u00e9 se d\u00e9grade rapidement. Chaque jour suppl\u00e9mentaire de je\u00fbne augmente le risque de dommages graves et durables \u00e0 sa sant\u00e9. Nous n\u2019avons plus de temps \u2013 ramenons Maja en arri\u00e8re [en Allemagne].<br \/>\u00c0 propos de l\u2019Afd, nous ne voulons pas gaspiller les grands mots. L\u2019AfD est un parti raciste et fasciste. Aussi \u00e0 Wuppertal.<br \/>L\u2019antifascisme reste un travail manuel\u00a0!<br \/>Enlever de la place aux structures de droite \u2013 d\u00e9fendre les structures antifascistes \u2013 d\u00e9fendre l\u2019AZ Wuppertal*\u00a0!<br \/>Free Maja \u2013 Zaid** doit rester ici \u2013 Free all antifas!<\/p>\n<p><a href=\"https:\/\/attaque.noblogs.org\/files\/2025\/07\/W4.jpg\" rel=\"nofollow noopener\" target=\"_blank\"><img loading=\"lazy\" decoding=\"async\" class=\"aligncenter wp-image-60004 size-full lazy\" src=\"\/wp-content\/uploads\/2025\/07\/x1_wuppertal-allemagne-le-bureau-de-lafd-attaque.jpg,qx28756.pagespeed.ic.xe6ghZvP0B.jpg\" alt=\"\" width=\"606\" height=\"575\" data-pagespeed-url-hash=\"1933620552\" onload=\"pagespeed.CriticalImages.checkImageForCriticality(this);\"\/><\/a> <a href=\"https:\/\/www.infolibertaire.net\/wp-content\/uploads\/2025\/07\/2_wuppertal-allemagne-le-bureau-de-lafd-attaque.jpg?x28756\" rel=\"nofollow noopener\" target=\"_blank\"><img loading=\"lazy\" decoding=\"async\" class=\"size-full wp-image-60003 aligncenter lazy\" src=\"\/wp-content\/uploads\/2025\/07\/x2_wuppertal-allemagne-le-bureau-de-lafd-attaque.jpg,qx28756.pagespeed.ic.HZgzpSaSeO.jpg\" alt=\"\" width=\"640\" height=\"640\" data-pagespeed-url-hash=\"3021947857\" onload=\"pagespeed.CriticalImages.checkImageForCriticality(this);\"\/><\/a> <a href=\"https:\/\/www.anarchistfederation.net\/pixel.jpg\" rel=\"nofollow noopener\" target=\"_blank\"><img loading=\"lazy\" decoding=\"async\" class=\"size-full wp-image-60002 aligncenter lazy\" src=\"\" style=\"width:1px;height:1px;display:none!important\" alt=\"\" width=\"1026\" height=\"726\" data-pagespeed-url-hash=\"3017600077\" onload=\"pagespeed.CriticalImages.checkImageForCriticality(this);\"\/><\/a><\/p>\n<p>Notes d\u2019Attaque\u00a0:<br \/>* l\u2019Autonomes Zentrum de Wuppertal, menac\u00e9 par la gentrification de la ville (conduite main dans la main avec des islamistes proches d\u2019Erdogan).<br \/>** Zaid est l\u2019un des camarades antifascistes qui se sont rendu.es aux autorit\u00e9s allemandes en <a href=\"https:\/\/attaque.noblogs.org\/post\/2025\/01\/20\/allemagne-affaire-des-antifas-de-budapest-nous-nous-sommes-livre-es\/\" rel=\"nofollow noopener\" target=\"_blank\">janvier dernier<\/a>, apr\u00e8s une longue cavale, dans le cadre de l\u2019affaire des \u00ab <a href=\"https:\/\/attaque.noblogs.org\/post\/2023\/12\/26\/hongrie-allemagne-et-italie-sur-laffaire-des-antifas-de-budapest\/\" rel=\"nofollow noopener\" target=\"_blank\">antifas de Budapest<\/a> \u00bb. Il n\u2019est pas inculp\u00e9 dans les proc\u00e9dures ouvertes par la justice allemande (dont les chefs d\u2019inculpations comprennent la tentative de meurtre et l\u2019association de malfaiteurs), mais la Hongrie a demand\u00e9 son extradition, car il est mis en cause l\u00e0-bas. Il n\u2019a pas la nationalit\u00e9 allemande, le risque de son extradition est donc important. Apr\u00e8s quelques mois de d\u00e9tention provisoire, il se trouve maintenant sous contr\u00f4le judiciaire, dans l\u2019attente d\u2019une d\u00e9cision quant \u00e0 cette extradition.<\/p>\n<p><br clear=\"both\"\/><\/p>\n<p><\/p>\n<p><strong>Source:<\/strong> <a href=\"https:\/\/attaque.noblogs.org\/post\/2025\/07\/16\/wuppertal-allemagne-le-bureau-de-lafd-attaque\/\" target=\"_blank\" rel=\"nofollow noopener\">Attaque.noblogs.org<\/a><br \/>\n<\/p>\n<p><a href=\"https:\/\/www.libertaire.net\" class=\"forum-button\" style=\"border-top:0\" rel=\"nofollow noopener\" target=\"_blank\"><\/p>\n<p>Commenter Dans Le Forum\t<\/a><\/p>\n","protected":false},"excerpt":{"rendered":"de.indymedia.org \/ dimanche 13 juillet 2025 Le bureau de l\u2019AfD attaqu\u00e9 \u00e0 Wuppertal \u2013 Free Maja \u2013 Free&hellip;\n","protected":false},"author":2,"featured_media":251948,"comment_status":"","ping_status":"","sticky":false,"template":"","format":"standard","meta":{"footnotes":""},"categories":[1587],"tags":[11,672,1804,1805,1803,1777,674,1801,12,1802],"class_list":{"0":"post-251947","1":"post","2":"type-post","3":"status-publish","4":"format-standard","5":"has-post-thumbnail","7":"category-allemagne","8":"tag-actualites","9":"tag-allemagne","10":"tag-bundesrepublik-deutschland","11":"tag-de","12":"tag-deutschland","13":"tag-eu","14":"tag-europe","15":"tag-germany","16":"tag-news","17":"tag-republique-federale-dallemagne"},"share_on_mastodon":{"url":"https:\/\/pubeurope.com\/@fr\/114864378783697695","error":""},"_links":{"self":[{"href":"https:\/\/www.europesays.com\/fr\/wp-json\/wp\/v2\/posts\/251947","targetHints":{"allow":["GET"]}}],"collection":[{"href":"https:\/\/www.europesays.com\/fr\/wp-json\/wp\/v2\/posts"}],"about":[{"href":"https:\/\/www.europesays.com\/fr\/wp-json\/wp\/v2\/types\/post"}],"author":[{"embeddable":true,"href":"https:\/\/www.europesays.com\/fr\/wp-json\/wp\/v2\/users\/2"}],"replies":[{"embeddable":true,"href":"https:\/\/www.europesays.com\/fr\/wp-json\/wp\/v2\/comments?post=251947"}],"version-history":[{"count":0,"href":"https:\/\/www.europesays.com\/fr\/wp-json\/wp\/v2\/posts\/251947\/revisions"}],"wp:featuredmedia":[{"embeddable":true,"href":"https:\/\/www.europesays.com\/fr\/wp-json\/wp\/v2\/media\/251948"}],"wp:attachment":[{"href":"https:\/\/www.europesays.com\/fr\/wp-json\/wp\/v2\/media?parent=251947"}],"wp:term":[{"taxonomy":"category","embeddable":true,"href":"https:\/\/www.europesays.com\/fr\/wp-json\/wp\/v2\/categories?post=251947"},{"taxonomy":"post_tag","embeddable":true,"href":"https:\/\/www.europesays.com\/fr\/wp-json\/wp\/v2\/tags?post=251947"}],"curies":[{"name":"wp","href":"https:\/\/api.w.org\/{rel}","templated":true}]}}